{"id":20740,"date":"2020-01-05T21:10:30","date_gmt":"2020-01-06T00:10:30","guid":{"rendered":"https:\/\/www.portalalerta.com.br\/?p=20740"},"modified":"2020-01-05T21:10:30","modified_gmt":"2020-01-06T00:10:30","slug":"mancha-criminal-de-cipo-ba-ano-2019","status":"publish","type":"post","link":"https:\/\/www.portalalerta.com.br\/index.php\/2020\/01\/05\/mancha-criminal-de-cipo-ba-ano-2019\/","title":{"rendered":"Mancha Criminal de Cip\u00f3-BA, ano 2019"},"content":{"rendered":"<p style=\"text-align: justify;\">Em 2019, Cip\u00f3-BA registrou quatro homic\u00eddios, um a mais que em 2018.<!--more--><\/p>\n<p style=\"text-align: justify;\">Atualmente Cip\u00f3 \u00e9 habitada por 16.860 pessoas, de acordo com o \u00faltimo levantamento do IBGE. Desta forma, analisando em propor\u00e7\u00e3o, ficou com uma m\u00e9dia de 21 homic\u00eddios para cada 100.000 habitantes.<\/p>\n<p style=\"text-align: justify;\">Por fim, se concluiu que os meses mais violentos do ano, foram: junho e setembro, com dois homic\u00eddios cada. De acordo com informa\u00e7\u00f5es, todos os crimes foram cometidos na sede do munic\u00edpio, sendo que apenas um na regi\u00e3o central.<\/p>\n<p style=\"text-align: justify;\">Vale ressaltar que estes dados s\u00e3o baseados em mat\u00e9rias jornal\u00edsticas do site PORTAL ALERTA, n\u00e3o incluindo mortes por interven\u00e7\u00f5es policiais, o que pode ser contestadas pelas autoridades policiais.<\/p>\n<p style=\"text-align: justify;\"><strong>Confira o Mapa:<\/strong><\/p>\n<p style=\"text-align: justify;\"><img fetchpriority=\"high\" decoding=\"async\" class=\"aligncenter wp-image-20741 size-full\" src=\"https:\/\/www.portalalerta.com.br\/wp-content\/uploads\/2020\/01\/Mancha-Criminal-Homic\u00eddios-Cip\u00f3-2019.jpg\" alt=\"\" width=\"700\" height=\"500\" srcset=\"https:\/\/www.portalalerta.com.br\/wp-content\/uploads\/2020\/01\/Mancha-Criminal-Homic\u00eddios-Cip\u00f3-2019.jpg 700w, https:\/\/www.portalalerta.com.br\/wp-content\/uploads\/2020\/01\/Mancha-Criminal-Homic\u00eddios-Cip\u00f3-2019-336x240.jpg 336w, https:\/\/www.portalalerta.com.br\/wp-content\/uploads\/2020\/01\/Mancha-Criminal-Homic\u00eddios-Cip\u00f3-2019-204x146.jpg 204w, https:\/\/www.portalalerta.com.br\/wp-content\/uploads\/2020\/01\/Mancha-Criminal-Homic\u00eddios-Cip\u00f3-2019-50x36.jpg 50w, https:\/\/www.portalalerta.com.br\/wp-content\/uploads\/2020\/01\/Mancha-Criminal-Homic\u00eddios-Cip\u00f3-2019-105x75.jpg 105w\" sizes=\"(max-width: 700px) 100vw, 700px\" \/><a href=\"https:\/\/www.portalalerta.com.br\/index.php\/2019\/06\/08\/homem-e-preso-por-suspeita-de-cometer-feminicidio-e-liberado-por-falta-de-provas-em-cipo-ba\/\"><strong>1 \u2013 Nenem, idade n\u00e3o divulgada, em 06\/06\/2019<\/strong><\/a><\/p>\n<p style=\"text-align: justify;\"><strong>Local:<\/strong> Av. Sete de Setembro<\/p>\n<p style=\"text-align: justify;\"><strong>Meio Utilizado:<\/strong> N\u00e3o divulgado<\/p>\n<p style=\"text-align: justify;\"><strong>Poss\u00edvel Motiva\u00e7\u00e3o:<\/strong> Feminic\u00eddio<\/p>\n<p style=\"text-align: justify;\">\n<p style=\"text-align: justify;\"><a href=\"https:\/\/www.portalalerta.com.br\/index.php\/2019\/06\/17\/criminoso-de-alta-periculosidade-e-brutalmente-assassinado-em-cipo-ba\/\"><strong>2 \u2013 Adriano Luciano da Concei\u00e7\u00e3o (Pinininho), idade n\u00e3o divulgada, em 16\/06\/2019<\/strong><\/a><\/p>\n<p style=\"text-align: justify;\"><strong>Local:<\/strong> Pr\u00f3ximo ao Cemit\u00e9rio<\/p>\n<p style=\"text-align: justify;\"><strong>Meio Utilizado:<\/strong> Faca<\/p>\n<p style=\"text-align: justify;\"><strong>Poss\u00edvel Motiva\u00e7\u00e3o:<\/strong> Vingan\u00e7a<\/p>\n<p style=\"text-align: justify;\">\n<p style=\"text-align: justify;\"><a href=\"http:\/\/www.portalalerta.com.br\/index.php\/2018\/07\/02\/tres-menores-sao-apreendidos-e-um-maior-e-preso-apos-homicidio-em-banzae-ba\/\"><strong>3 \u2013 Jos\u00e9 Adenilton de Souza, em 20\/09\/2019<\/strong><\/a><\/p>\n<p style=\"text-align: justify;\"><strong>Local:<\/strong> Carceragem da Delegacia de Pol\u00edcia Civil<\/p>\n<p style=\"text-align: justify;\"><strong>Meio Utilizado:<\/strong> N\u00e3o Informado<\/p>\n<p style=\"text-align: justify;\"><strong>Poss\u00edvel Motiva\u00e7\u00e3o:<\/strong> Desconhecida<\/p>\n<p>&nbsp;<\/p>\n<p style=\"text-align: justify;\"><a href=\"https:\/\/www.portalalerta.com.br\/index.php\/2019\/09\/25\/cipo-ba-registra-quarto-homicidio-do-ano\/\"><strong>4 \u2013 Jos\u00e9 Tauan Calisto, idade n\u00e3o revelada, em 22\/09\/2019<\/strong><\/a><\/p>\n<p style=\"text-align: justify;\"><strong>Local:<\/strong> Bairro Vit\u00f3ria<\/p>\n<p style=\"text-align: justify;\"><strong>Meio Utilizado:<\/strong> Disparos de arma de fogo<\/p>\n<p style=\"text-align: justify;\"><strong>Poss\u00edvel Motiva\u00e7\u00e3o:<\/strong> N\u00e3o informados<\/p>\n<p>&nbsp;<\/p>\n<p style=\"text-align: justify;\">Confira o Gr\u00e1fico com o comparativo Mensal, entre os anos 2018 e 2019:<\/p>\n<p style=\"text-align: justify;\"><em><img decoding=\"async\" class=\"aligncenter wp-image-20742 size-full\" src=\"https:\/\/www.portalalerta.com.br\/wp-content\/uploads\/2020\/01\/Comparativo-Mensal-de-Homic\u00eddios-em-Cip\u00f3-2018-e-2019.jpg\" alt=\"\" width=\"550\" height=\"350\" srcset=\"https:\/\/www.portalalerta.com.br\/wp-content\/uploads\/2020\/01\/Comparativo-Mensal-de-Homic\u00eddios-em-Cip\u00f3-2018-e-2019.jpg 550w, https:\/\/www.portalalerta.com.br\/wp-content\/uploads\/2020\/01\/Comparativo-Mensal-de-Homic\u00eddios-em-Cip\u00f3-2018-e-2019-377x240.jpg 377w, https:\/\/www.portalalerta.com.br\/wp-content\/uploads\/2020\/01\/Comparativo-Mensal-de-Homic\u00eddios-em-Cip\u00f3-2018-e-2019-229x146.jpg 229w, https:\/\/www.portalalerta.com.br\/wp-content\/uploads\/2020\/01\/Comparativo-Mensal-de-Homic\u00eddios-em-Cip\u00f3-2018-e-2019-50x32.jpg 50w, https:\/\/www.portalalerta.com.br\/wp-content\/uploads\/2020\/01\/Comparativo-Mensal-de-Homic\u00eddios-em-Cip\u00f3-2018-e-2019-118x75.jpg 118w\" sizes=\"(max-width: 550px) 100vw, 550px\" \/>Reda\u00e7\u00e3o: Portal Alerta<\/em><\/p>\n","protected":false},"excerpt":{"rendered":"<p>Em 2019, Cip\u00f3-BA registrou quatro homic\u00eddios, um a mais que em 2018.<\/p>\n","protected":false},"author":2,"featured_media":2718,"comment_status":"open","ping_status":"open","sticky":false,"template":"","format":"standard","meta":{"om_disable_all_campaigns":false,"_monsterinsights_skip_tracking":false,"_monsterinsights_sitenote_active":false,"_monsterinsights_sitenote_note":"","_monsterinsights_sitenote_category":0,"footnotes":""},"categories":[13,69,32,22],"tags":[1887,45,2074,500],"class_list":["post-20740","post","type-post","status-publish","format-standard","has-post-thumbnail","hentry","category-cipo","category-noticias2","category-regiao","category-seguranca","tag-1887","tag-cipo","tag-homicidios","tag-mancha-criminal"],"aioseo_notices":[],"_links":{"self":[{"href":"https:\/\/www.portalalerta.com.br\/index.php\/wp-json\/wp\/v2\/posts\/20740","targetHints":{"allow":["GET"]}}],"collection":[{"href":"https:\/\/www.portalalerta.com.br\/index.php\/wp-json\/wp\/v2\/posts"}],"about":[{"href":"https:\/\/www.portalalerta.com.br\/index.php\/wp-json\/wp\/v2\/types\/post"}],"author":[{"embeddable":true,"href":"https:\/\/www.portalalerta.com.br\/index.php\/wp-json\/wp\/v2\/users\/2"}],"replies":[{"embeddable":true,"href":"https:\/\/www.portalalerta.com.br\/index.php\/wp-json\/wp\/v2\/comments?post=20740"}],"version-history":[{"count":1,"href":"https:\/\/www.portalalerta.com.br\/index.php\/wp-json\/wp\/v2\/posts\/20740\/revisions"}],"predecessor-version":[{"id":20743,"href":"https:\/\/www.portalalerta.com.br\/index.php\/wp-json\/wp\/v2\/posts\/20740\/revisions\/20743"}],"wp:featuredmedia":[{"embeddable":true,"href":"https:\/\/www.portalalerta.com.br\/index.php\/wp-json\/wp\/v2\/media\/2718"}],"wp:attachment":[{"href":"https:\/\/www.portalalerta.com.br\/index.php\/wp-json\/wp\/v2\/media?parent=20740"}],"wp:term":[{"taxonomy":"category","embeddable":true,"href":"https:\/\/www.portalalerta.com.br\/index.php\/wp-json\/wp\/v2\/categories?post=20740"},{"taxonomy":"post_tag","embeddable":true,"href":"https:\/\/www.portalalerta.com.br\/index.php\/wp-json\/wp\/v2\/tags?post=20740"}],"curies":[{"name":"wp","href":"https:\/\/api.w.org\/{rel}","templated":true}]}}