{"id":20744,"date":"2020-01-05T21:23:09","date_gmt":"2020-01-06T00:23:09","guid":{"rendered":"https:\/\/www.portalalerta.com.br\/?p=20744"},"modified":"2020-01-05T21:23:09","modified_gmt":"2020-01-06T00:23:09","slug":"apos-ser-apontado-como-deputado-baiano-mais-ausente-kannario-justifica-faltas","status":"publish","type":"post","link":"https:\/\/www.portalalerta.com.br\/index.php\/2020\/01\/05\/apos-ser-apontado-como-deputado-baiano-mais-ausente-kannario-justifica-faltas\/","title":{"rendered":"Ap\u00f3s ser apontado como deputado baiano mais ausente, Kann\u00e1rio justifica faltas"},"content":{"rendered":"<p style=\"text-align: justify;\">Ap\u00f3s levantamento do portal IG ter mostrado os deputados federais mais faltosos de 2019, Igor Kann\u00e1rio (DEM) se justificou. O parlamentar aparece como o baiano com mais aus\u00eancias e \u00e9 o s\u00e9timo colocado no ranking geral, com 29 aus\u00eancias justificadas e 30 n\u00e3o justificadas.<!--more--><\/p>\n<p style=\"text-align: justify;\"><img fetchpriority=\"high\" decoding=\"async\" class=\"size-thumbnail wp-image-4869 aligncenter\" src=\"https:\/\/www.portalalerta.com.br\/wp-content\/uploads\/2018\/02\/Auto-Escola-Nobre-720x181.jpg\" alt=\"\" width=\"720\" height=\"181\" srcset=\"https:\/\/www.portalalerta.com.br\/wp-content\/uploads\/2018\/02\/Auto-Escola-Nobre.jpg 720w, https:\/\/www.portalalerta.com.br\/wp-content\/uploads\/2018\/02\/Auto-Escola-Nobre-260x65.jpg 260w, https:\/\/www.portalalerta.com.br\/wp-content\/uploads\/2018\/02\/Auto-Escola-Nobre-50x13.jpg 50w, https:\/\/www.portalalerta.com.br\/wp-content\/uploads\/2018\/02\/Auto-Escola-Nobre-150x38.jpg 150w\" sizes=\"(max-width: 720px) 100vw, 720px\" \/>Em sua defesa, Kann\u00e1rio divulgou nota em que diz que, em seu primeiro ano de mandato como deputado federal, teve 30 propostas legislativas apresentadas na C\u00e2mara dos Deputados e tr\u00eas relatadas na Comiss\u00e3o de Cultura. Al\u00e9m disso, informa que tem uma agenda de shows, devido \u00e0 sua carreira art\u00edstica, mas que a mesma n\u00e3o atrapalha sua agenda parlamentar.<\/p>\n<p style=\"text-align: justify;\">Como a\u00e7\u00f5es de sua autoria, ele destaca o pedido de cria\u00e7\u00e3o da Frente Parlamentar Popular em Defesa das Favelas e do Dia Nacional da Favela, tamb\u00e9m \u00e9 autor do projeto que prop\u00f5e impedir que alunos filmem aulas sem autoriza\u00e7\u00e3o dos professores e da proposta que direciona recursos do Fundo Nacional de Seguran\u00e7a p\u00fablica para o custeio de pol\u00edticas p\u00fablicas voltadas \u00e0s popula\u00e7\u00f5es residentes em comunidades com alto risco social.<\/p>\n<p style=\"text-align: justify;\"><em>Fonte: Gazeta do Mel<\/em><\/p>\n","protected":false},"excerpt":{"rendered":"<p>Ap\u00f3s levantamento do portal IG ter mostrado os deputados federais mais faltosos de 2019, Igor Kann\u00e1rio (DEM) se justificou. O parlamentar aparece como o baiano com mais aus\u00eancias e \u00e9 o s\u00e9timo colocado no ranking geral, com 29 aus\u00eancias justificadas e 30 n\u00e3o justificadas.<\/p>\n","protected":false},"author":2,"featured_media":20249,"comment_status":"open","ping_status":"open","sticky":false,"template":"","format":"standard","meta":{"om_disable_all_campaigns":false,"_monsterinsights_skip_tracking":false,"_monsterinsights_sitenote_active":false,"_monsterinsights_sitenote_note":"","_monsterinsights_sitenote_category":0,"footnotes":""},"categories":[33,34,70,69,21],"tags":[54,93,215,655],"class_list":["post-20744","post","type-post","status-publish","format-standard","has-post-thumbnail","hentry","category-bahia","category-brasil","category-destaques","category-noticias2","category-politica","tag-bahia","tag-brasil","tag-deputado-federal","tag-igor-kannario"],"aioseo_notices":[],"_links":{"self":[{"href":"https:\/\/www.portalalerta.com.br\/index.php\/wp-json\/wp\/v2\/posts\/20744","targetHints":{"allow":["GET"]}}],"collection":[{"href":"https:\/\/www.portalalerta.com.br\/index.php\/wp-json\/wp\/v2\/posts"}],"about":[{"href":"https:\/\/www.portalalerta.com.br\/index.php\/wp-json\/wp\/v2\/types\/post"}],"author":[{"embeddable":true,"href":"https:\/\/www.portalalerta.com.br\/index.php\/wp-json\/wp\/v2\/users\/2"}],"replies":[{"embeddable":true,"href":"https:\/\/www.portalalerta.com.br\/index.php\/wp-json\/wp\/v2\/comments?post=20744"}],"version-history":[{"count":1,"href":"https:\/\/www.portalalerta.com.br\/index.php\/wp-json\/wp\/v2\/posts\/20744\/revisions"}],"predecessor-version":[{"id":20745,"href":"https:\/\/www.portalalerta.com.br\/index.php\/wp-json\/wp\/v2\/posts\/20744\/revisions\/20745"}],"wp:featuredmedia":[{"embeddable":true,"href":"https:\/\/www.portalalerta.com.br\/index.php\/wp-json\/wp\/v2\/media\/20249"}],"wp:attachment":[{"href":"https:\/\/www.portalalerta.com.br\/index.php\/wp-json\/wp\/v2\/media?parent=20744"}],"wp:term":[{"taxonomy":"category","embeddable":true,"href":"https:\/\/www.portalalerta.com.br\/index.php\/wp-json\/wp\/v2\/categories?post=20744"},{"taxonomy":"post_tag","embeddable":true,"href":"https:\/\/www.portalalerta.com.br\/index.php\/wp-json\/wp\/v2\/tags?post=20744"}],"curies":[{"name":"wp","href":"https:\/\/api.w.org\/{rel}","templated":true}]}}