{"id":20746,"date":"2020-01-05T22:38:43","date_gmt":"2020-01-06T01:38:43","guid":{"rendered":"https:\/\/www.portalalerta.com.br\/?p=20746"},"modified":"2020-01-05T22:38:43","modified_gmt":"2020-01-06T01:38:43","slug":"suspeito-de-atacar-porta-dos-fundos-diz-que-pedira-asilo-a-russia","status":"publish","type":"post","link":"https:\/\/www.portalalerta.com.br\/index.php\/2020\/01\/05\/suspeito-de-atacar-porta-dos-fundos-diz-que-pedira-asilo-a-russia\/","title":{"rendered":"Suspeito de atacar Porta dos Fundos diz que pedir\u00e1 asilo \u00e0 R\u00fassia"},"content":{"rendered":"<p style=\"text-align: justify;\">Apontado pela pol\u00edcia como um dos autores do atentado \u00e0 sede do Porta dos Fundos, Eduardo Falzi Richard Cerquise, de 41 anos, assumiu a autoria do ataque e afirmou que pretende pedir asilo na R\u00fassia, para onde viajou um dia antes da tentativa de sua pris\u00e3o, no dia 31 de dezembro.<!--more--><\/p>\n<p style=\"text-align: justify;\">Em entrevista ao \u201cProjeto Colabora\u201d, ele disse que o ataque n\u00e3o teve motiva\u00e7\u00e3o pol\u00edtica e que a reivindica\u00e7\u00e3o da autoria por um \u201cComando de Insurg\u00eancia Popular da Grande Fam\u00edlia Integralista Brasileira\u201d foi uma estrat\u00e9gia de marketing \u201cabusada de elementos de pastiche\u201d.<\/p>\n<p style=\"text-align: justify;\">Falzi foi identificado pela pol\u00edcia por meio de imagens de c\u00e2meras de seguran\u00e7a, em que ele aparece desembarcando de um dos ve\u00edculos usados pelos criminosos em Botafogo, bairro vizinho a Humait\u00e1, onde fica a sede da produtora.<\/p>\n<p style=\"text-align: justify;\"><img fetchpriority=\"high\" decoding=\"async\" class=\"size-thumbnail wp-image-20354 aligncenter\" src=\"https:\/\/www.portalalerta.com.br\/wp-content\/uploads\/2019\/12\/Real-Natal-2019-720x222.jpeg\" alt=\"\" width=\"720\" height=\"222\" \/>O grupo jogou dois coquet\u00e9is molotov na entrada da sede da produtora na v\u00e9spera do Natal. O fogo foi apagado por um seguran\u00e7a e ningu\u00e9m ficou ferido. O ataque foi uma retalia\u00e7\u00e3o \u00e0 presen\u00e7a de um Jesus gay no especial de Natal do Porta dos Fundos.<\/p>\n<p style=\"text-align: justify;\">Na entrevista, Falzi minimizou o ataque dizendo que um \u201cfoguinho de merda numa parede de vidro\u201d \u00e9 uma ofensa menor do que a \u201cviol\u00eancia simb\u00f3lica\u201d promovida pelo especial. Ele defendeu ainda que, se as autoridades s\u00e3o coniventes, \u201cn\u00e3o resta outra forma do que responder com as pr\u00f3prias m\u00e3os\u201d.<\/p>\n<p style=\"text-align: justify;\">Falzi diz que foi avisado do mandado de pris\u00e3o a tempo de fugir do pa\u00eds \u2013 n\u00e3o explica, por\u00e9m, como isso ocorreu. Ele tem uma namorada e um filho na R\u00fassia. \u201cEu sou o candidato t\u00edpico [a receber asilo]. Mas a decis\u00e3o \u00e9 pol\u00edtica. Se n\u00e3o houver interesse pol\u00edtico, eles n\u00e3o me asilam.<\/p>\n<p style=\"text-align: justify;\">\u201cEle negou ter envolvimento com mil\u00edcias e disse que suas anota\u00e7\u00f5es criminais \u201cs\u00e3o de baixo potencial ofensivo\u201d. \u201cEu sou uma pessoa combativa e trabalhando na defesa das classes populares pela dignidade do seu direito de trabalho; \u00e9 inevit\u00e1vel que ocorram enfrentamentos de rua que acabem na esfera policial.\u201d<\/p>\n<p style=\"text-align: justify;\">Falzi foi condenado e preso por agress\u00e3o, em 2013, ao ent\u00e3o secret\u00e1rio de Ordem P\u00fablica, Alex Costa, durante opera\u00e7\u00e3o para fechar estacionamentos irregulares no centro do Rio.\u00a0Ele\u00a0foi acusado tamb\u00e9m de agress\u00e3o \u00e0 ex-mulher. Na entrevista, diz que a v\u00edtima retirou a queixa e o caso n\u00e3o evoluiu para processo judicial.<\/p>\n<p style=\"text-align: justify;\"><strong>Ataque<\/strong><\/p>\n<p style=\"text-align: justify;\">Um v\u00eddeo do circuito interno de monitoramento da produtora do Porta dos Fundos mostra o momento exato em que coquet\u00e9is molotov s\u00e3o lan\u00e7ados contra o pr\u00e9dio, que fica no Humait\u00e1, na zona sul do Rio, no fim da madrugada do dia 24 de dezembro.<\/p>\n<p style=\"text-align: justify;\">As imagens mostram a a\u00e7\u00e3o de um seguran\u00e7a da produtora, que apaga as chamas com o aux\u00edlio de um extintor.<\/p>\n<p style=\"text-align: justify;\"><em>Fonte: Canabrava FM<\/em><\/p>\n<p style=\"text-align: justify;\"><em>Com informa\u00e7\u00f5es: Ag\u00eancia Brasil<\/em><\/p>\n","protected":false},"excerpt":{"rendered":"<p>Apontado pela pol\u00edcia como um dos autores do atentado \u00e0 sede do Porta dos Fundos, Eduardo Falzi Richard Cerquise, de 41 anos, assumiu a autoria do ataque e afirmou que pretende pedir asilo na R\u00fassia, para onde viajou um dia antes da tentativa de sua pris\u00e3o, no dia 31 de dezembro.<\/p>\n","protected":false},"author":2,"featured_media":20747,"comment_status":"open","ping_status":"open","sticky":false,"template":"","format":"standard","meta":{"om_disable_all_campaigns":false,"_monsterinsights_skip_tracking":false,"_monsterinsights_sitenote_active":false,"_monsterinsights_sitenote_note":"","_monsterinsights_sitenote_category":0,"footnotes":""},"categories":[34,70,35,69,22],"tags":[2548,226,93,3311,300,826],"class_list":["post-20746","post","type-post","status-publish","format-standard","has-post-thumbnail","hentry","category-brasil","category-destaques","category-mundo","category-noticias2","category-seguranca","tag-asilo-politico","tag-ataque","tag-brasil","tag-portas-dos-fundos","tag-rio-de-janeiro","tag-russia"],"aioseo_notices":[],"_links":{"self":[{"href":"https:\/\/www.portalalerta.com.br\/index.php\/wp-json\/wp\/v2\/posts\/20746","targetHints":{"allow":["GET"]}}],"collection":[{"href":"https:\/\/www.portalalerta.com.br\/index.php\/wp-json\/wp\/v2\/posts"}],"about":[{"href":"https:\/\/www.portalalerta.com.br\/index.php\/wp-json\/wp\/v2\/types\/post"}],"author":[{"embeddable":true,"href":"https:\/\/www.portalalerta.com.br\/index.php\/wp-json\/wp\/v2\/users\/2"}],"replies":[{"embeddable":true,"href":"https:\/\/www.portalalerta.com.br\/index.php\/wp-json\/wp\/v2\/comments?post=20746"}],"version-history":[{"count":1,"href":"https:\/\/www.portalalerta.com.br\/index.php\/wp-json\/wp\/v2\/posts\/20746\/revisions"}],"predecessor-version":[{"id":20748,"href":"https:\/\/www.portalalerta.com.br\/index.php\/wp-json\/wp\/v2\/posts\/20746\/revisions\/20748"}],"wp:featuredmedia":[{"embeddable":true,"href":"https:\/\/www.portalalerta.com.br\/index.php\/wp-json\/wp\/v2\/media\/20747"}],"wp:attachment":[{"href":"https:\/\/www.portalalerta.com.br\/index.php\/wp-json\/wp\/v2\/media?parent=20746"}],"wp:term":[{"taxonomy":"category","embeddable":true,"href":"https:\/\/www.portalalerta.com.br\/index.php\/wp-json\/wp\/v2\/categories?post=20746"},{"taxonomy":"post_tag","embeddable":true,"href":"https:\/\/www.portalalerta.com.br\/index.php\/wp-json\/wp\/v2\/tags?post=20746"}],"curies":[{"name":"wp","href":"https:\/\/api.w.org\/{rel}","templated":true}]}}