{"id":20749,"date":"2020-01-05T23:22:17","date_gmt":"2020-01-06T02:22:17","guid":{"rendered":"https:\/\/www.portalalerta.com.br\/?p=20749"},"modified":"2020-01-05T23:22:17","modified_gmt":"2020-01-06T02:22:17","slug":"partido-de-bolsonaro-alianca-usou-estatuto-do-dem-como-base-para-criar-o-seu","status":"publish","type":"post","link":"https:\/\/www.portalalerta.com.br\/index.php\/2020\/01\/05\/partido-de-bolsonaro-alianca-usou-estatuto-do-dem-como-base-para-criar-o-seu\/","title":{"rendered":"Partido de Bolsonaro, Alian\u00e7a usou estatuto do DEM como base para criar o seu"},"content":{"rendered":"<p style=\"text-align: justify;\">O partido que o presidente\u00a0Jair Bolsonaro\u00a0tenta criar, o\u00a0Alian\u00e7a pelo Brasil, teve seu estatuto criado com base no mesmo documento do estatuto do Democratas (DEM). As informa\u00e7\u00f5es s\u00e3o da\u00a0coluna do jornalista Guilherme Amado, da \u00c9poca.<!--more--><\/p>\n<p style=\"text-align: justify;\"><img fetchpriority=\"high\" decoding=\"async\" class=\"size-full wp-image-2902 alignleft\" src=\"https:\/\/www.portalalerta.com.br\/wp-content\/uploads\/2017\/11\/elab-2.jpg\" alt=\"\" width=\"310\" height=\"200\" srcset=\"https:\/\/www.portalalerta.com.br\/wp-content\/uploads\/2017\/11\/elab-2.jpg 310w, https:\/\/www.portalalerta.com.br\/wp-content\/uploads\/2017\/11\/elab-2-226x146.jpg 226w, https:\/\/www.portalalerta.com.br\/wp-content\/uploads\/2017\/11\/elab-2-50x32.jpg 50w, https:\/\/www.portalalerta.com.br\/wp-content\/uploads\/2017\/11\/elab-2-116x75.jpg 116w\" sizes=\"(max-width: 310px) 100vw, 310px\" \/>A an\u00e1lise das propriedades da vers\u00e3o do texto do estatuto que estava dispon\u00edvel no site do Alian\u00e7a tinha como t\u00edtulo \u201cPartido Democrata\u201d e autor como &#8220;PFL\u201d, antigo nome do Democratas. O conte\u00fado dos textos possui ainda algumas semelhan\u00e7as.<\/p>\n<p style=\"text-align: justify;\">No trecho que trata sobre filia\u00e7\u00e3o, o\u00a0Alian\u00e7a\u00a0diz: \u201cPoder\u00e3o filiar-se \u00e0 Alian\u00e7a os eleitores em pleno gozo dos seus direitos pol\u00edticos que se proponham a aceitar, respeitar e difundir fielmente as diretrizes do programa fundador e os preceitos deste Estatuto.\u201d O estatuto do Democratas estabelece: \u201cPoder\u00e3o filiar-se ao Democratas eleitores que, em pleno gozo dos seus direitos pol\u00edticos, aceitarem o seu Programa e o seu Estatuto\u2026\u201d.<\/p>\n<p style=\"text-align: justify;\">Ainda segundo o colunista, em 18 de dezembro, o partido de Bolsonaro atualizou a vers\u00e3o do estatuto em seu site sem os rastros que indicavam o uso do documento do DEM como base.<\/p>\n<figure id=\"attachment_20750\" aria-describedby=\"caption-attachment-20750\" style=\"width: 550px\" class=\"wp-caption aligncenter\"><img decoding=\"async\" class=\"wp-image-20750 size-full\" src=\"https:\/\/www.portalalerta.com.br\/wp-content\/uploads\/2020\/01\/Alian\u00e7a-pelo-Brasil.1.jpg\" alt=\"\" width=\"550\" height=\"500\" srcset=\"https:\/\/www.portalalerta.com.br\/wp-content\/uploads\/2020\/01\/Alian\u00e7a-pelo-Brasil.1.jpg 550w, https:\/\/www.portalalerta.com.br\/wp-content\/uploads\/2020\/01\/Alian\u00e7a-pelo-Brasil.1-264x240.jpg 264w, https:\/\/www.portalalerta.com.br\/wp-content\/uploads\/2020\/01\/Alian\u00e7a-pelo-Brasil.1-161x146.jpg 161w, https:\/\/www.portalalerta.com.br\/wp-content\/uploads\/2020\/01\/Alian\u00e7a-pelo-Brasil.1-50x45.jpg 50w, https:\/\/www.portalalerta.com.br\/wp-content\/uploads\/2020\/01\/Alian\u00e7a-pelo-Brasil.1-83x75.jpg 83w\" sizes=\"(max-width: 550px) 100vw, 550px\" \/><figcaption id=\"caption-attachment-20750\" class=\"wp-caption-text\">An\u00e1lise das propriedades do documento revelou &#8216;rastros&#8217; do documento do DEM. (Foto: Reprodu\u00e7\u00e3o)<\/figcaption><\/figure>\n<p style=\"text-align: justify;\"><em>Fonte: Yahoo Not\u00edcias<\/em><\/p>\n","protected":false},"excerpt":{"rendered":"<p>O partido que o presidente\u00a0Jair Bolsonaro\u00a0tenta criar, o\u00a0Alian\u00e7a pelo Brasil, teve seu estatuto criado com base no mesmo documento do estatuto do Democratas (DEM). As informa\u00e7\u00f5es s\u00e3o da\u00a0coluna do jornalista Guilherme Amado, da \u00c9poca.<\/p>\n","protected":false},"author":2,"featured_media":20751,"comment_status":"open","ping_status":"open","sticky":false,"template":"","format":"standard","meta":{"om_disable_all_campaigns":false,"_monsterinsights_skip_tracking":false,"_monsterinsights_sitenote_active":false,"_monsterinsights_sitenote_note":"","_monsterinsights_sitenote_category":0,"footnotes":""},"categories":[34,70,69,21],"tags":[3249,93,1556,3312,199],"class_list":["post-20749","post","type-post","status-publish","format-standard","has-post-thumbnail","hentry","category-brasil","category-destaques","category-noticias2","category-politica","tag-alianca-pelo-brasil","tag-brasil","tag-dem","tag-estatuto","tag-politica"],"aioseo_notices":[],"_links":{"self":[{"href":"https:\/\/www.portalalerta.com.br\/index.php\/wp-json\/wp\/v2\/posts\/20749","targetHints":{"allow":["GET"]}}],"collection":[{"href":"https:\/\/www.portalalerta.com.br\/index.php\/wp-json\/wp\/v2\/posts"}],"about":[{"href":"https:\/\/www.portalalerta.com.br\/index.php\/wp-json\/wp\/v2\/types\/post"}],"author":[{"embeddable":true,"href":"https:\/\/www.portalalerta.com.br\/index.php\/wp-json\/wp\/v2\/users\/2"}],"replies":[{"embeddable":true,"href":"https:\/\/www.portalalerta.com.br\/index.php\/wp-json\/wp\/v2\/comments?post=20749"}],"version-history":[{"count":1,"href":"https:\/\/www.portalalerta.com.br\/index.php\/wp-json\/wp\/v2\/posts\/20749\/revisions"}],"predecessor-version":[{"id":20752,"href":"https:\/\/www.portalalerta.com.br\/index.php\/wp-json\/wp\/v2\/posts\/20749\/revisions\/20752"}],"wp:featuredmedia":[{"embeddable":true,"href":"https:\/\/www.portalalerta.com.br\/index.php\/wp-json\/wp\/v2\/media\/20751"}],"wp:attachment":[{"href":"https:\/\/www.portalalerta.com.br\/index.php\/wp-json\/wp\/v2\/media?parent=20749"}],"wp:term":[{"taxonomy":"category","embeddable":true,"href":"https:\/\/www.portalalerta.com.br\/index.php\/wp-json\/wp\/v2\/categories?post=20749"},{"taxonomy":"post_tag","embeddable":true,"href":"https:\/\/www.portalalerta.com.br\/index.php\/wp-json\/wp\/v2\/tags?post=20749"}],"curies":[{"name":"wp","href":"https:\/\/api.w.org\/{rel}","templated":true}]}}