{"id":20759,"date":"2020-01-07T15:16:32","date_gmt":"2020-01-07T18:16:32","guid":{"rendered":"https:\/\/www.portalalerta.com.br\/?p=20759"},"modified":"2020-01-07T15:16:32","modified_gmt":"2020-01-07T18:16:32","slug":"mancha-criminal-de-jeremoabo-ba-ano-2019","status":"publish","type":"post","link":"https:\/\/www.portalalerta.com.br\/index.php\/2020\/01\/07\/mancha-criminal-de-jeremoabo-ba-ano-2019\/","title":{"rendered":"Mancha Criminal de Jeremoabo-BA, ano 2019"},"content":{"rendered":"<p style=\"text-align: justify;\">Em 2019, Jeremoabo-BA registrou quatro homic\u00eddios. Dois destes crimes foram cometidos com arma de fogo, um com faca, e o outro n\u00e3o foi informado. \u00a0<!--more--><\/p>\n<p style=\"text-align: justify;\">Atualmente Jeremoabo \u00e9 habitada por 40.851 pessoas, de acordo com o \u00faltimo levantamento do IBGE. Desta forma, analisando em propor\u00e7\u00e3o, ficou com uma m\u00e9dia de 10 homic\u00eddios para cada 100.000 habitantes.<\/p>\n<p style=\"text-align: justify;\">Por fim, se concluiu que os meses mais violentos do ano, foram: Janeiro, maio, julho, e dezembro, com um homic\u00eddio cada. Destes, apenas um homic\u00eddio foi cometido na zona rural da cidade.<\/p>\n<p style=\"text-align: justify;\">Vale ressaltar que estes dados s\u00e3o baseados em mat\u00e9rias jornal\u00edsticas do site PORTAL ALERTA, n\u00e3o incluindo mortes por interven\u00e7\u00f5es policiais, o que pode ser contestadas pelas autoridades policiais.<\/p>\n<p style=\"text-align: justify;\"><strong>Confira o Mapa:<\/strong><\/p>\n<p><img fetchpriority=\"high\" decoding=\"async\" class=\"aligncenter wp-image-20761 size-full\" src=\"https:\/\/www.portalalerta.com.br\/wp-content\/uploads\/2020\/01\/Mancha-Criminal-Homic\u00eddios-Jeremoabo-2019.jpg\" alt=\"\" width=\"700\" height=\"500\" srcset=\"https:\/\/www.portalalerta.com.br\/wp-content\/uploads\/2020\/01\/Mancha-Criminal-Homic\u00eddios-Jeremoabo-2019.jpg 700w, https:\/\/www.portalalerta.com.br\/wp-content\/uploads\/2020\/01\/Mancha-Criminal-Homic\u00eddios-Jeremoabo-2019-336x240.jpg 336w, https:\/\/www.portalalerta.com.br\/wp-content\/uploads\/2020\/01\/Mancha-Criminal-Homic\u00eddios-Jeremoabo-2019-204x146.jpg 204w, https:\/\/www.portalalerta.com.br\/wp-content\/uploads\/2020\/01\/Mancha-Criminal-Homic\u00eddios-Jeremoabo-2019-50x36.jpg 50w, https:\/\/www.portalalerta.com.br\/wp-content\/uploads\/2020\/01\/Mancha-Criminal-Homic\u00eddios-Jeremoabo-2019-105x75.jpg 105w\" sizes=\"(max-width: 700px) 100vw, 700px\" \/><\/p>\n<p style=\"text-align: justify;\"><a href=\"http:\/\/www.portalalerta.com.br\/index.php\/2019\/02\/05\/jovem-confessa-que-matou-homem-e-indica-local-onde-escondeu-corpo-da-vitima-em-jeremoabo-ba\/\"><strong>1 \u2013 Gerson Barros de Abreu, 40 anos, em 30\/01\/2019<\/strong><\/a><\/p>\n<p style=\"text-align: justify;\"><strong>Local:<\/strong> Raso da Catarina<\/p>\n<p style=\"text-align: justify;\"><strong>Meio Utilizado:<\/strong> N\u00e3o informado<\/p>\n<p style=\"text-align: justify;\"><strong>Poss\u00edvel Motiva\u00e7\u00e3o:\u00a0<\/strong> Latroc\u00ednio<\/p>\n<p style=\"text-align: justify;\"><a href=\"https:\/\/www.portalalerta.com.br\/index.php\/2019\/05\/27\/policia-prende-suspeito-de-matar-homem-a-facadas-em-jeremoabo-ba\/\"><strong>2 \u2013 Edvaldo Oliveira de Jesus, em 23\/05\/2019<\/strong><\/a><\/p>\n<p style=\"text-align: justify;\"><strong>Local:<\/strong> Pra\u00e7a S\u00e3o L\u00e1zaro, Jos\u00e9 Nolasco<\/p>\n<p style=\"text-align: justify;\"><strong>Meio Utilizado:<\/strong> Facada<\/p>\n<p style=\"text-align: justify;\"><strong>Poss\u00edvel Motiva\u00e7\u00e3o:\u00a0<\/strong> Discuss\u00e3o<\/p>\n<p style=\"text-align: justify;\"><a href=\"https:\/\/www.portalalerta.com.br\/index.php\/2019\/07\/31\/homem-e-morto-a-tiros-durante-briga-por-conta-de-jogo-de-baralho-em-jeremoabo-suspeito-foi-preso-em-ribeira-do-pombal-ba\/\"><strong>3 \u2013 Gildevam Carvalho Ribeiro, 44 anos, em 30\/07\/2019<\/strong><\/a><\/p>\n<p style=\"text-align: justify;\"><strong>Local:<\/strong> Rua Coronel Jo\u00e3o S\u00e1<\/p>\n<p style=\"text-align: justify;\"><strong>Meio Utilizado:<\/strong> Arma de fogo<\/p>\n<p style=\"text-align: justify;\"><strong>Poss\u00edvel Motiva\u00e7\u00e3o:<\/strong>\u00a0 Confus\u00e3o por jogo<\/p>\n<p style=\"text-align: justify;\"><a href=\"https:\/\/www.portalalerta.com.br\/index.php\/2019\/12\/10\/jovem-e-morto-a-tiros-por-criminosos-encapuzados-na-cidade-de-jeremoabo-ba\/\"><strong>4 \u2013 Luis Matheus Pereira Silva, em 07\/12\/2019<\/strong><\/a><\/p>\n<p style=\"text-align: justify;\"><strong>Local:<\/strong> Av. Monsenhor Magalh\u00e3es<\/p>\n<p style=\"text-align: justify;\"><strong>Meio Utilizado:<\/strong> Arma de fogo<\/p>\n<p style=\"text-align: justify;\"><strong>Poss\u00edvel Motiva\u00e7\u00e3o:<\/strong>\u00a0 N\u00e3o informada<\/p>\n<p>&nbsp;<\/p>\n<p style=\"text-align: justify;\">Confira o gr\u00e1fico com o comparativo mensal entre os anos 2018 e 2019:<\/p>\n<p style=\"text-align: justify;\"><em><img decoding=\"async\" class=\"aligncenter wp-image-20760 size-full\" src=\"https:\/\/www.portalalerta.com.br\/wp-content\/uploads\/2020\/01\/Comparativo-Mensal-de-Homic\u00eddios-em-Jeremoabo-2018-e-2019.jpg\" alt=\"\" width=\"550\" height=\"350\" srcset=\"https:\/\/www.portalalerta.com.br\/wp-content\/uploads\/2020\/01\/Comparativo-Mensal-de-Homic\u00eddios-em-Jeremoabo-2018-e-2019.jpg 550w, https:\/\/www.portalalerta.com.br\/wp-content\/uploads\/2020\/01\/Comparativo-Mensal-de-Homic\u00eddios-em-Jeremoabo-2018-e-2019-377x240.jpg 377w, https:\/\/www.portalalerta.com.br\/wp-content\/uploads\/2020\/01\/Comparativo-Mensal-de-Homic\u00eddios-em-Jeremoabo-2018-e-2019-229x146.jpg 229w, https:\/\/www.portalalerta.com.br\/wp-content\/uploads\/2020\/01\/Comparativo-Mensal-de-Homic\u00eddios-em-Jeremoabo-2018-e-2019-50x32.jpg 50w, https:\/\/www.portalalerta.com.br\/wp-content\/uploads\/2020\/01\/Comparativo-Mensal-de-Homic\u00eddios-em-Jeremoabo-2018-e-2019-118x75.jpg 118w\" sizes=\"(max-width: 550px) 100vw, 550px\" \/>Reda\u00e7\u00e3o: Portal Alerta<\/em><\/p>\n","protected":false},"excerpt":{"rendered":"<p>Em 2019, Jeremoabo-BA registrou quatro homic\u00eddios. Dois destes crimes foram cometidos com arma de fogo, um com faca, e o outro n\u00e3o foi informado. \u00a0<\/p>\n","protected":false},"author":2,"featured_media":5389,"comment_status":"open","ping_status":"open","sticky":false,"template":"","format":"standard","meta":{"om_disable_all_campaigns":false,"_monsterinsights_skip_tracking":false,"_monsterinsights_sitenote_active":false,"_monsterinsights_sitenote_note":"","_monsterinsights_sitenote_category":0,"footnotes":""},"categories":[9,69,32,22],"tags":[1887,2074,230,500],"class_list":["post-20759","post","type-post","status-publish","format-standard","has-post-thumbnail","hentry","category-jeremoabo","category-noticias2","category-regiao","category-seguranca","tag-1887","tag-homicidios","tag-jeremoabo","tag-mancha-criminal"],"aioseo_notices":[],"_links":{"self":[{"href":"https:\/\/www.portalalerta.com.br\/index.php\/wp-json\/wp\/v2\/posts\/20759","targetHints":{"allow":["GET"]}}],"collection":[{"href":"https:\/\/www.portalalerta.com.br\/index.php\/wp-json\/wp\/v2\/posts"}],"about":[{"href":"https:\/\/www.portalalerta.com.br\/index.php\/wp-json\/wp\/v2\/types\/post"}],"author":[{"embeddable":true,"href":"https:\/\/www.portalalerta.com.br\/index.php\/wp-json\/wp\/v2\/users\/2"}],"replies":[{"embeddable":true,"href":"https:\/\/www.portalalerta.com.br\/index.php\/wp-json\/wp\/v2\/comments?post=20759"}],"version-history":[{"count":2,"href":"https:\/\/www.portalalerta.com.br\/index.php\/wp-json\/wp\/v2\/posts\/20759\/revisions"}],"predecessor-version":[{"id":20769,"href":"https:\/\/www.portalalerta.com.br\/index.php\/wp-json\/wp\/v2\/posts\/20759\/revisions\/20769"}],"wp:featuredmedia":[{"embeddable":true,"href":"https:\/\/www.portalalerta.com.br\/index.php\/wp-json\/wp\/v2\/media\/5389"}],"wp:attachment":[{"href":"https:\/\/www.portalalerta.com.br\/index.php\/wp-json\/wp\/v2\/media?parent=20759"}],"wp:term":[{"taxonomy":"category","embeddable":true,"href":"https:\/\/www.portalalerta.com.br\/index.php\/wp-json\/wp\/v2\/categories?post=20759"},{"taxonomy":"post_tag","embeddable":true,"href":"https:\/\/www.portalalerta.com.br\/index.php\/wp-json\/wp\/v2\/tags?post=20759"}],"curies":[{"name":"wp","href":"https:\/\/api.w.org\/{rel}","templated":true}]}}