{"id":20766,"date":"2020-01-07T15:39:17","date_gmt":"2020-01-07T18:39:17","guid":{"rendered":"https:\/\/www.portalalerta.com.br\/?p=20766"},"modified":"2020-01-07T15:39:17","modified_gmt":"2020-01-07T18:39:17","slug":"estados-unidos-negam-retirada-de-tropas-do-iraque","status":"publish","type":"post","link":"https:\/\/www.portalalerta.com.br\/index.php\/2020\/01\/07\/estados-unidos-negam-retirada-de-tropas-do-iraque\/","title":{"rendered":"Estados Unidos negam retirada de tropas do Iraque"},"content":{"rendered":"<p style=\"text-align: justify;\">Os Estados Unidos n\u00e3o t\u00eam planos de retirar as tropas americanas do Iraque, disse nesta segunda-feira (6) o secret\u00e1rio de Defesa americano, Mark Esper. Ele negou as informa\u00e7\u00f5es divulgadas horas antes que davam conta de que, em uma carta, os EUA tinham avisado ao segundo homem no comando militar iraquiano que iriam &#8220;reorganizar&#8221; as for\u00e7as da coaliz\u00e3o para fazer uma retirada &#8220;segura e eficaz&#8221; do Iraque.<!--more--><\/p>\n<p style=\"text-align: justify;\">O documento, obtido e divulgado pelas ag\u00eancias Reuters e AFP, estava assinado pelo comandante das opera\u00e7\u00f5es militares americanas no Iraque, William H. Seely. &#8220;Respeitamos sua decis\u00e3o soberana que ordena nossa sa\u00edda&#8221;, dizia o texto.<\/p>\n<p style=\"text-align: justify;\">A carta indicava ainda que haveria &#8220;aumento no n\u00famero de helic\u00f3pteros sobrevoando a Zona Verde e suas imedia\u00e7\u00f5es&#8221; e o movimento a\u00e9reo j\u00e1 foi intensificado no centro de Bagd\u00e1.<\/p>\n<p style=\"text-align: justify;\">&#8220;Ainda n\u00e3o h\u00e1 decis\u00e3o de deixar o Iraque&#8221;, disse Esper, que afirmou desconhecer o conte\u00fado da carta. &#8220;Estamos tentando descobrir de onde isso veio, o que \u00e9 isso.&#8221;<\/p>\n<p style=\"text-align: justify;\">Segundo o general americano Mark Milley, chefe do Estado-Maior do Ex\u00e9rcito, a carta era um rascunho que servia apenas para esclarecer o movimento das tropas americanas, que est\u00e3o sendo reorganizadas na regi\u00e3o. &#8220;Mal formulada, [a carta] d\u00e1 a impress\u00e3o de retirada. Isso n\u00e3o \u00e9 o que est\u00e1 acontecendo&#8221;, disse Milley.<\/p>\n<p style=\"text-align: justify;\">Mais cedo, o primeiro-ministro iraquiano, Adel Abdul Mahdi, j\u00e1 tinha confirmado que pretende autorizar uma medida aprovada pelo Parlamento local no domingo (5) que expulsa do pa\u00eds as tropas estrangeiras. Segundo ele, a retirada deve acontecer de maneira coordenada com Washington.<\/p>\n<p style=\"text-align: justify;\"><img fetchpriority=\"high\" decoding=\"async\" class=\"size-thumbnail wp-image-4869 aligncenter\" src=\"https:\/\/www.portalalerta.com.br\/wp-content\/uploads\/2018\/02\/Auto-Escola-Nobre-720x181.jpg\" alt=\"\" width=\"720\" height=\"181\" srcset=\"https:\/\/www.portalalerta.com.br\/wp-content\/uploads\/2018\/02\/Auto-Escola-Nobre.jpg 720w, https:\/\/www.portalalerta.com.br\/wp-content\/uploads\/2018\/02\/Auto-Escola-Nobre-260x65.jpg 260w, https:\/\/www.portalalerta.com.br\/wp-content\/uploads\/2018\/02\/Auto-Escola-Nobre-50x13.jpg 50w, https:\/\/www.portalalerta.com.br\/wp-content\/uploads\/2018\/02\/Auto-Escola-Nobre-150x38.jpg 150w\" sizes=\"(max-width: 720px) 100vw, 720px\" \/>A sinaliza\u00e7\u00e3o aconteceu ap\u00f3s uma conversa entre ele e o embaixador americano em Bagd\u00e1, Matthew Tueller, na qual o iraquiano pediu para os dois pa\u00edses &#8220;trabalharem juntos&#8221; para implementarem a resolu\u00e7\u00e3o.<\/p>\n<p style=\"text-align: justify;\">Mahdi conversou ainda com a chanceler alem\u00e3, Angela Merkel, nesta segunda, tamb\u00e9m para tratar da sa\u00edda dos militares do territ\u00f3rio iraquiano.<\/p>\n<p style=\"text-align: justify;\">Berlim mant\u00e9m um pequeno contingente no pa\u00eds, que atua principalmente na luta contra o Estado Isl\u00e2mico &#8211; mesma fun\u00e7\u00e3o da maior parte das tropas estrangeiras no Iraque.<\/p>\n<p style=\"text-align: justify;\">Apesar de deixar claro que concorda com a retirada, o premi\u00ea ainda n\u00e3o endossou formalmente a medida, etapa necess\u00e1ria para que ela entre em vigor.<\/p>\n<p style=\"text-align: justify;\">O Parlamento aprovou a expuls\u00e3o das tropas estrangeiras em retalia\u00e7\u00e3o ao ataque americano ao aeroporto de Bagd\u00e1 na \u00faltima sexta (3), que matou o general iraniano Qassim Suleimani.<\/p>\n<p style=\"text-align: justify;\">A a\u00e7\u00e3o gerou uma crise entre Washington e Teer\u00e3 e aumentou os temores de um conflito generalizado na regi\u00e3o.<\/p>\n<p style=\"text-align: justify;\">Tamb\u00e9m nesta segunda, a Otan (alian\u00e7a militar liderada pelos EUA) suspendeu todas as suas atividades no Iraque por quest\u00f5es de seguran\u00e7a.<\/p>\n<p style=\"text-align: justify;\">O secret\u00e1rio-geral da entidade, Jens Stoltenberg, afirmou que Washington apresentou suas raz\u00f5es para o ataque durante uma reuni\u00e3o em Bruxelas nesta segunda.<\/p>\n<p style=\"text-align: justify;\">Sem detalhar o que foi debatido, o noruegu\u00eas afirmou que responsabilidade pelo ataque \u00e9 apenas dos Estados Unidos, mas que a Otan est\u00e1 preocupada com as atividades iranianas no Oriente M\u00e9dio.<\/p>\n<p style=\"text-align: justify;\">Suleimani, o general morto, era exatamente o respons\u00e1vel por articular a extensa rede de aliados pr\u00f3-Teer\u00e3 que agem na regi\u00e3o: uma mir\u00edade que inclui rebeldes, grupos radicais, mil\u00edcias e at\u00e9 alguns governos.<\/p>\n<p style=\"text-align: justify;\">O corpo do militar chegou nesta segunda a capital iraniana, onde foi recebido por uma multid\u00e3o.<\/p>\n<p style=\"text-align: justify;\">Sem citar diretamente EUA e Ir\u00e3, o secret\u00e1rio-geral da ONU, Ant\u00f3nio Guterres afirmou que o mundo vive seu momento de maior tens\u00e3o dos \u00faltimos 20 anos.<\/p>\n<p style=\"text-align: justify;\">&#8220;Minha mensagem \u00e9 simples e clara: parem essa escalada. Exer\u00e7am o m\u00e1ximo de comedimento. Reiniciem o di\u00e1logo. Renovem a coopera\u00e7\u00e3o internacional. N\u00e3o nos esque\u00e7amos do terr\u00edvel sofrimento humano causado pela guerra&#8221;, afirmou ele.<\/p>\n<p style=\"text-align: justify;\">Os Estados Unidos tinham cerca de 5.200 soldados no Iraque antes da chegada dos novos grupos desde a semana passada o governo americano anunciou que mandaria entre 3.000 e 3.500 pessoas para a regi\u00e3o depois da crise na embaixada em Bagd\u00e1.<\/p>\n<p style=\"text-align: justify;\">Essas tropas integram a coaliz\u00e3o estrangeira formada para combater o grupo terrorista Estado Isl\u00e2mico.<\/p>\n<p style=\"text-align: justify;\">N\u00e3o est\u00e1 claro ainda se o deslocamento de militares inclui os ex\u00e9rcitos dos 76 pa\u00edses membros da coaliz\u00e3o ou apenas o americano.<\/p>\n<p style=\"text-align: justify;\"><strong>Bolsonaro duvida de patente<\/strong><\/p>\n<p style=\"text-align: justify;\">O presidente Jair Bolsonaro voltou a manifestar nesta segunda-feira (6) apoio ao presidente dos Estados Unidos, Donald Trump, e disse n\u00e3o ter d\u00favidas de que ele ser\u00e1 reeleito neste ano. Em uma cr\u00edtica indireta ao Ir\u00e3, afirmou que pa\u00edses com artefatos nucleares podem causar instabilidade.<\/p>\n<p style=\"text-align: justify;\">O presidente duvidou ainda da patente militar do general Qassim Suleimani, morto na a\u00e7\u00e3o que aumentou a tens\u00e3o entre Estados Unidos e Ir\u00e3. Sem dar maiores detalhes, Bolsonaro se referiu a ele como &#8220;o general l\u00e1 que n\u00e3o \u00e9 general e perdeu a vida&#8221;.<\/p>\n<p style=\"text-align: justify;\"><em>Fonte: Yahoo Not\u00edcias<\/em><\/p>\n","protected":false},"excerpt":{"rendered":"<p>Os Estados Unidos n\u00e3o t\u00eam planos de retirar as tropas americanas do Iraque, disse nesta segunda-feira (6) o secret\u00e1rio de Defesa americano, Mark Esper. Ele negou as informa\u00e7\u00f5es divulgadas horas antes que davam conta de que, em uma carta, os EUA tinham avisado ao segundo homem no comando militar iraquiano que iriam &#8220;reorganizar&#8221; as for\u00e7as &hellip;<\/p>\n","protected":false},"author":2,"featured_media":20767,"comment_status":"open","ping_status":"open","sticky":false,"template":"","format":"standard","meta":{"om_disable_all_campaigns":false,"_monsterinsights_skip_tracking":false,"_monsterinsights_sitenote_active":false,"_monsterinsights_sitenote_note":"","_monsterinsights_sitenote_category":0,"footnotes":""},"categories":[70,35,69,22],"tags":[226,327,583,609,3309,339],"class_list":["post-20766","post","type-post","status-publish","format-standard","has-post-thumbnail","hentry","category-destaques","category-mundo","category-noticias2","category-seguranca","tag-ataque","tag-eua","tag-exercito","tag-ira","tag-iraque","tag-mundo"],"aioseo_notices":[],"_links":{"self":[{"href":"https:\/\/www.portalalerta.com.br\/index.php\/wp-json\/wp\/v2\/posts\/20766","targetHints":{"allow":["GET"]}}],"collection":[{"href":"https:\/\/www.portalalerta.com.br\/index.php\/wp-json\/wp\/v2\/posts"}],"about":[{"href":"https:\/\/www.portalalerta.com.br\/index.php\/wp-json\/wp\/v2\/types\/post"}],"author":[{"embeddable":true,"href":"https:\/\/www.portalalerta.com.br\/index.php\/wp-json\/wp\/v2\/users\/2"}],"replies":[{"embeddable":true,"href":"https:\/\/www.portalalerta.com.br\/index.php\/wp-json\/wp\/v2\/comments?post=20766"}],"version-history":[{"count":1,"href":"https:\/\/www.portalalerta.com.br\/index.php\/wp-json\/wp\/v2\/posts\/20766\/revisions"}],"predecessor-version":[{"id":20768,"href":"https:\/\/www.portalalerta.com.br\/index.php\/wp-json\/wp\/v2\/posts\/20766\/revisions\/20768"}],"wp:featuredmedia":[{"embeddable":true,"href":"https:\/\/www.portalalerta.com.br\/index.php\/wp-json\/wp\/v2\/media\/20767"}],"wp:attachment":[{"href":"https:\/\/www.portalalerta.com.br\/index.php\/wp-json\/wp\/v2\/media?parent=20766"}],"wp:term":[{"taxonomy":"category","embeddable":true,"href":"https:\/\/www.portalalerta.com.br\/index.php\/wp-json\/wp\/v2\/categories?post=20766"},{"taxonomy":"post_tag","embeddable":true,"href":"https:\/\/www.portalalerta.com.br\/index.php\/wp-json\/wp\/v2\/tags?post=20766"}],"curies":[{"name":"wp","href":"https:\/\/api.w.org\/{rel}","templated":true}]}}