{"id":20775,"date":"2020-01-07T23:32:34","date_gmt":"2020-01-08T02:32:34","guid":{"rendered":"https:\/\/www.portalalerta.com.br\/?p=20775"},"modified":"2020-01-07T23:32:34","modified_gmt":"2020-01-08T02:32:34","slug":"mancha-criminal-de-araci-ano-2019","status":"publish","type":"post","link":"https:\/\/www.portalalerta.com.br\/index.php\/2020\/01\/07\/mancha-criminal-de-araci-ano-2019\/","title":{"rendered":"Mancha Criminal de Araci, ano 2019"},"content":{"rendered":"<p style=\"text-align: justify;\">Em 2019, Araci-BA registrou vinte e seis homic\u00eddios, sendo que no m\u00ednimo vinte e um deles com o uso de arma de fogo.<!--more--><\/p>\n<p style=\"text-align: justify;\">Atualmente Araci \u00e9 habitada por 55.935 pessoas, de acordo com o \u00faltimo levantamento do IBGE. Desta forma, analisando em propor\u00e7\u00e3o, ficou com uma m\u00e9dia de 46 homic\u00eddios para cada 100.000 habitantes.<\/p>\n<p style=\"text-align: justify;\">Por fim, se concluiu que os meses mais violentos do ano, foram janeiro e fevereiro, registrando quatro homic\u00eddios\/ cada.\u00a0 Abril foi o \u00fanico m\u00eas sem registro de assassinato.<\/p>\n<p style=\"text-align: justify;\">Vale ressaltar que estes dados s\u00e3o baseados em mat\u00e9rias jornal\u00edsticas, n\u00e3o incluindo mortes por interven\u00e7\u00f5es policiais, o que pode ser contestadas pelas autoridades policiais.<\/p>\n<p style=\"text-align: justify;\"><strong>Confira o Mapa:<\/strong><\/p>\n<p><img fetchpriority=\"high\" decoding=\"async\" class=\"aligncenter wp-image-20776 size-full\" src=\"https:\/\/www.portalalerta.com.br\/wp-content\/uploads\/2020\/01\/Mancha-Criminal-Homic\u00eddios-Araci-2019.jpg\" alt=\"\" width=\"700\" height=\"500\" srcset=\"https:\/\/www.portalalerta.com.br\/wp-content\/uploads\/2020\/01\/Mancha-Criminal-Homic\u00eddios-Araci-2019.jpg 700w, https:\/\/www.portalalerta.com.br\/wp-content\/uploads\/2020\/01\/Mancha-Criminal-Homic\u00eddios-Araci-2019-336x240.jpg 336w, https:\/\/www.portalalerta.com.br\/wp-content\/uploads\/2020\/01\/Mancha-Criminal-Homic\u00eddios-Araci-2019-204x146.jpg 204w, https:\/\/www.portalalerta.com.br\/wp-content\/uploads\/2020\/01\/Mancha-Criminal-Homic\u00eddios-Araci-2019-50x36.jpg 50w, https:\/\/www.portalalerta.com.br\/wp-content\/uploads\/2020\/01\/Mancha-Criminal-Homic\u00eddios-Araci-2019-105x75.jpg 105w\" sizes=\"(max-width: 700px) 100vw, 700px\" \/><\/p>\n<p style=\"text-align: justify;\"><a href=\"http:\/\/www.portalalerta.com.br\/index.php\/2019\/01\/10\/duplo-homicidio-em-araci-ba-idosa-foi-atingida-por-tiro-mas-esta-fora-de-perigo\/\"><strong>1 \u2013 Neimara Andrade de Matos, 26 anos, em 09\/01\/2019<\/strong><\/a><\/p>\n<p style=\"text-align: justify;\"><strong>Local:<\/strong> Rua Mulungu, bairro S\u00e3o Jo\u00e3o<\/p>\n<p style=\"text-align: justify;\"><strong>Meio Utilizado:<\/strong> Disparo de arma de fogo<\/p>\n<p style=\"text-align: justify;\"><strong>Poss\u00edvel Motiva\u00e7\u00e3o:<\/strong> Crime Organizado<\/p>\n<p style=\"text-align: justify;\"><a href=\"http:\/\/www.portalalerta.com.br\/index.php\/2019\/01\/10\/duplo-homicidio-em-araci-ba-idosa-foi-atingida-por-tiro-mas-esta-fora-de-perigo\/\"><strong>2 \u2013\u00a0 Tailane de Moura Matos, 27 anos, em 09\/01\/2019<\/strong><\/a><\/p>\n<p style=\"text-align: justify;\"><strong>Local:<\/strong> Rua Mulungu, bairro S\u00e3o Jo\u00e3o<\/p>\n<p style=\"text-align: justify;\"><strong>Meio Utilizado:<\/strong> Disparo de arma de fogo<\/p>\n<p style=\"text-align: justify;\"><strong>Poss\u00edvel Motiva\u00e7\u00e3o:<\/strong> Crime Organizado<\/p>\n<p style=\"text-align: justify;\"><a href=\"http:\/\/www.portalalerta.com.br\/index.php\/2019\/01\/28\/policia-registra-dois-homicidios-em-menos-de-12-horas-em-araci-ba\/\"><strong>3 \u2013 Adem\u00e1rio Souza de Carvalho, 40 anos, em 26\/01\/2019<\/strong><\/a><\/p>\n<p style=\"text-align: justify;\"><strong>Local:<\/strong> Po\u00e7o do Capim, regi\u00e3o de Po\u00e7o Grande<\/p>\n<p style=\"text-align: justify;\"><strong>Meio Utilizado:<\/strong> Disparo de arma de fogo<\/p>\n<p style=\"text-align: justify;\"><strong>Poss\u00edvel Motiva\u00e7\u00e3o:<\/strong> Desconhecida<\/p>\n<p style=\"text-align: justify;\"><a href=\"http:\/\/www.portalalerta.com.br\/index.php\/2019\/01\/28\/policia-registra-dois-homicidios-em-menos-de-12-horas-em-araci-ba\/\"><strong>4 \u2013 Jos\u00e9 Alo\u00edsio de Carvalho, 20 anos, em 27\/01\/2019<\/strong><\/a><\/p>\n<p style=\"text-align: justify;\"><strong>Local:<\/strong> Bairro Bombinha<\/p>\n<p style=\"text-align: justify;\"><strong>Meio Utilizado:<\/strong> Fac\u00e3o<\/p>\n<p style=\"text-align: justify;\"><strong>Poss\u00edvel Motiva\u00e7\u00e3o:<\/strong> Desconhecida<\/p>\n<p style=\"text-align: justify;\"><a href=\"http:\/\/www.portalalerta.com.br\/index.php\/2019\/02\/06\/tucanense-e-executado-a-tiros-em-onibus-quando-saia-de-araci-ba\/\"><strong>5 \u2013\u00a0 Ra\u00ed Ferreira dos Santos (Ra\u00ed da Rua Nova), 26 anos, em 05\/02\/2019<\/strong><\/a><\/p>\n<p style=\"text-align: justify;\"><strong>Local:<\/strong> BR 116<\/p>\n<p style=\"text-align: justify;\"><strong>Meio Utilizado:<\/strong> Arma de Fogo<\/p>\n<p style=\"text-align: justify;\"><strong>Poss\u00edvel Motiva\u00e7\u00e3o:<\/strong> Desconhecida<\/p>\n<p style=\"text-align: justify;\"><a href=\"http:\/\/www.portalalerta.com.br\/index.php\/2019\/02\/11\/homem-e-assassinado-a-facadas-durante-briga-generalizada-em-evento-realizado-em-araci-ba\/\"><strong>6 \u2013 \u00a0Jos\u00e9 Nilton Santos de Jesus (Buru), 22 anos, em 09\/02\/2019<\/strong><\/a><\/p>\n<p style=\"text-align: justify;\"><strong>Local:<\/strong> Povoado Caldeir\u00e3o Novo<\/p>\n<p style=\"text-align: justify;\"><strong>Meio Utilizado:<\/strong> facada<\/p>\n<p style=\"text-align: justify;\"><strong>Poss\u00edvel Motiva\u00e7\u00e3o:<\/strong> Briga Generalizada<\/p>\n<p style=\"text-align: justify;\"><a href=\"http:\/\/www.portalalerta.com.br\/index.php\/2019\/02\/22\/policia-identifica-homem-que-foi-assassinado-em-araci-ba\/\"><strong>7 \u2013 Givaldo Nascimento da Silva, 41 anos, em 20\/02\/2019<\/strong><\/a><\/p>\n<p style=\"text-align: justify;\"><strong>Local:<\/strong> V\u00e1rzea da Pedra<\/p>\n<p style=\"text-align: justify;\"><strong>Meio Utilizado:<\/strong> Arma de Fogo<\/p>\n<p style=\"text-align: justify;\"><strong>Poss\u00edvel Motiva\u00e7\u00e3o:<\/strong> Desconhecida<\/p>\n<p style=\"text-align: justify;\"><a href=\"http:\/\/www.portalalerta.com.br\/index.php\/2019\/02\/27\/homem-e-assassinado-a-tiros-enquanto-trabalhava-em-construcao\/\"><strong>8 \u2013 Isa\u00edas de Souza Rodrigues (Piton), 40 anos, em 26\/02\/2019<\/strong><\/a><\/p>\n<p style=\"text-align: justify;\"><strong>Local:<\/strong> Distrito de Pedra Alta<\/p>\n<p style=\"text-align: justify;\"><strong>Meio Utilizado:<\/strong> Arma de Fogo<\/p>\n<p style=\"text-align: justify;\"><strong>Poss\u00edvel Motiva\u00e7\u00e3o:<\/strong> Desconhecida<\/p>\n<p>&nbsp;<\/p>\n<p style=\"text-align: justify;\"><a href=\"http:\/\/www.portalalerta.com.br\/index.php\/2019\/03\/02\/jovem-e-assassinado-na-zona-rural-de-araci-ba\/\"><strong>9 \u2013 Aleilson Jesus dos Santos, 21 anos, em 1\u00ba\/03\/2019<\/strong><\/a><\/p>\n<p style=\"text-align: justify;\"><strong>Local:<\/strong> Povoado Tanque Cavado<\/p>\n<p style=\"text-align: justify;\"><strong>Meio Utilizado:<\/strong> Arma de Fogo<\/p>\n<p style=\"text-align: justify;\"><strong>Poss\u00edvel Motiva\u00e7\u00e3o:<\/strong> Desconhecida<\/p>\n<p style=\"text-align: justify;\"><a href=\"http:\/\/www.portalalerta.com.br\/index.php\/2019\/03\/23\/homem-e-sequestrado-e-encontrado-morto-na-zona-rural-de-araci-ba\/\"><strong>10 \u2013 Jandir Pereira de Jesus (Xandy), 35 anos, em 22\/03\/2019<\/strong><\/a><\/p>\n<p style=\"text-align: justify;\"><strong>Local:<\/strong> Estrada Velha do Tiracolo<\/p>\n<p style=\"text-align: justify;\"><strong>Meio Utilizado:<\/strong> Arma de Fogo<\/p>\n<p style=\"text-align: justify;\"><strong>Poss\u00edvel Motiva\u00e7\u00e3o:<\/strong> Desconhecida<\/p>\n<p>&nbsp;<\/p>\n<p style=\"text-align: justify;\"><a href=\"http:\/\/www.portalalerta.com.br\/index.php\/2019\/03\/24\/jovem-e-assassinado-e-esposa-fica-ferida-em-araci-ba\/\"><strong>11 \u2013 Ailton de Jesus Cruz, idade n\u00e3o revelada, em 23\/03\/2018<\/strong><\/a><\/p>\n<p style=\"text-align: justify;\"><strong>Local:<\/strong> Bairro Cascalheira<\/p>\n<p style=\"text-align: justify;\"><strong>Meio Utilizado:<\/strong> Faca<\/p>\n<p style=\"text-align: justify;\"><strong>Poss\u00edvel Motiva\u00e7\u00e3o:<\/strong> Desconhecida<\/p>\n<p>&nbsp;<\/p>\n<p style=\"text-align: justify;\"><a href=\"https:\/\/www.portalalerta.com.br\/index.php\/2019\/05\/06\/jovem-de-27-anos-e-morto-a-tiros-no-bairro-cascalheira-em-araci-ba\/\"><strong>12 \u2013 Wilivan Castro Santos, 27 anos, em 04\/05\/2019<\/strong><\/a><\/p>\n<p style=\"text-align: justify;\"><strong>Local:<\/strong> Bairro Cascalheira<\/p>\n<p style=\"text-align: justify;\"><strong>Meio Utilizado:<\/strong> Arma de fogo<\/p>\n<p style=\"text-align: justify;\"><strong>Poss\u00edvel Motiva\u00e7\u00e3o:<\/strong> N\u00e3o Informado<\/p>\n<p>&nbsp;<\/p>\n<p style=\"text-align: justify;\"><a href=\"https:\/\/www.portalalerta.com.br\/index.php\/2019\/05\/15\/jovem-e-vitima-de-homicidio-na-zona-rural-de-araci-ba\/\"><strong>13 \u2013 Otaciano Matos Lima (Bolinha), 25 anos, em 08\/05\/2019<\/strong><\/a><\/p>\n<p style=\"text-align: justify;\"><strong>Local:<\/strong> Povoado Sem Freio<\/p>\n<p style=\"text-align: justify;\"><strong>Meio Utilizado:<\/strong> Arma de Fogo<\/p>\n<p style=\"text-align: justify;\"><strong>Poss\u00edvel Motiva\u00e7\u00e3o:<\/strong> N\u00e3o informado<\/p>\n<p style=\"text-align: justify;\"><a href=\"https:\/\/www.portalalerta.com.br\/index.php\/2019\/06\/11\/jovem-e-assassinado-a-tiros-em-araci-ba\/\"><strong>14 \u2013 Alisson (Rural), idade n\u00e3o revelada, em 07\/06\/2019<\/strong><\/a><\/p>\n<p style=\"text-align: justify;\"><strong>Local:<\/strong> Bairro Tiracolo<\/p>\n<p style=\"text-align: justify;\"><strong>Meio Utilizado:<\/strong> Arma de Fogo<\/p>\n<p style=\"text-align: justify;\"><strong>Poss\u00edvel Motiva\u00e7\u00e3o:<\/strong> N\u00e3o informado<\/p>\n<p style=\"text-align: justify;\"><a href=\"https:\/\/www.portalalerta.com.br\/index.php\/2019\/07\/03\/ex-guarda-municipal-e-assassinado-a-tiros-proximo-ao-mercado-municipal-de-araci-ba\/\"><strong>15 \u2013 Elielson Andrade da Cruz, 49 anos, em 30\/06\/2019<\/strong><\/a><\/p>\n<p style=\"text-align: justify;\"><strong>Local:<\/strong> Pr\u00f3ximo ao Mercado Municipal<\/p>\n<p style=\"text-align: justify;\"><strong>Meio Utilizado:<\/strong> Arma de fogo<\/p>\n<p style=\"text-align: justify;\"><strong>Poss\u00edvel Motiva\u00e7\u00e3o:<\/strong> N\u00e3o informado<\/p>\n<p style=\"text-align: justify;\"><a href=\"https:\/\/www.portalalerta.com.br\/index.php\/2019\/07\/03\/ex-guarda-municipal-e-assassinado-a-tiros-proximo-ao-mercado-municipal-de-araci-ba\/\"><strong>16 \u2013 Alisson Santos Moura, idade n\u00e3o divulgada, em 27\/07\/2019<\/strong><\/a><\/p>\n<p style=\"text-align: justify;\"><strong>Local:<\/strong> Rua Luiz Alvino, bairro Morumbi<\/p>\n<p style=\"text-align: justify;\"><strong>Meio Utilizado:<\/strong> Arma de fogo<\/p>\n<p style=\"text-align: justify;\"><strong>Poss\u00edvel Motiva\u00e7\u00e3o:<\/strong> N\u00e3o informado<\/p>\n<p style=\"text-align: justify;\"><a href=\"https:\/\/www.portalalerta.com.br\/index.php\/2019\/08\/21\/idoso-e-assassinado-a-pauladas-na-zona-rural-de-araci-ba\/\"><strong>17 \u2013 Jo\u00e3o da Cruz Santana, 89 anos, em 18\/08\/2019<\/strong><\/a><\/p>\n<p style=\"text-align: justify;\"><strong>Local:<\/strong> Estrada da Fazenda Umbuzeirinho (regional de Jo\u00e3o Vieira)<\/p>\n<p style=\"text-align: justify;\"><strong>Meio Utilizado:<\/strong> Paulada<\/p>\n<p style=\"text-align: justify;\"><strong>Poss\u00edvel Motiva\u00e7\u00e3o:<\/strong> Desconhecida<\/p>\n<p style=\"text-align: justify;\"><a href=\"https:\/\/www.portalalerta.com.br\/index.php\/2019\/09\/06\/jovem-e-vitima-de-homicidio-na-zona-rural-de-araci-ba-2\/\"><strong>18 \u2013 Jos\u00e9 Luiz dos Santos (Biriba), 21 anos, em 05\/09\/2019<\/strong><\/a><\/p>\n<p style=\"text-align: justify;\"><strong>Local:<\/strong> Povoado Barbosa<\/p>\n<p style=\"text-align: justify;\"><strong>Meio Utilizado:<\/strong> Arma de fogo<\/p>\n<p style=\"text-align: justify;\"><strong>Poss\u00edvel Motiva\u00e7\u00e3o:<\/strong> Desconhecida<\/p>\n<p style=\"text-align: justify;\"><a href=\"https:\/\/www.portalalerta.com.br\/index.php\/2019\/09\/30\/motoqueiros-executam-homem-a-tiros-em-araci-ba\/\"><strong>19 \u2013 Carlos Augusto Barreto Gomes, idade n\u00e3o informada, em 29\/09\/2019<\/strong><\/a><\/p>\n<p style=\"text-align: justify;\"><strong>Local:<\/strong> Rua Sete de Setembro, bairro Tiracolo<\/p>\n<p style=\"text-align: justify;\"><strong>Meio Utilizado:<\/strong> Arma de fogo<\/p>\n<p style=\"text-align: justify;\"><strong>Poss\u00edvel Motiva\u00e7\u00e3o:<\/strong> Crime Organizado<\/p>\n<p style=\"text-align: justify;\"><a href=\"https:\/\/www.portalalerta.com.br\/index.php\/2019\/10\/07\/adolescente-e-assassinado-em-araci-ba\/\"><strong>20 \u2013 Uanderson Concei\u00e7\u00e3o dos Santos, 17 anos, em 05\/10\/2019<\/strong><\/a><\/p>\n<p style=\"text-align: justify;\"><strong>Local:<\/strong> Recanto das Flores, bairro Cascalheira<\/p>\n<p style=\"text-align: justify;\"><strong>Meio Utilizado:<\/strong> Paulada<\/p>\n<p style=\"text-align: justify;\"><strong>Poss\u00edvel Motiva\u00e7\u00e3o:<\/strong> Desconhecida<\/p>\n<p style=\"text-align: justify;\"><a href=\"http:\/\/noticiasdesantaluz.com.br\/jovem-e-baleado-em-araci-e-corre-para-hospital-mas-morre-em-frente-a-unidade-de-saude\/\"><strong>21 \u2013 M\u00e1rcio, (Can\u00e1rio) idade n\u00e3o informada, em 19\/10\/2019<\/strong><\/a><\/p>\n<p style=\"text-align: justify;\"><strong>Local:<\/strong> Centro, pr\u00f3ximo a AABB<\/p>\n<p style=\"text-align: justify;\"><strong>Meio Utilizado:<\/strong> Arma de fogo<\/p>\n<p style=\"text-align: justify;\"><strong>Poss\u00edvel Motiva\u00e7\u00e3o:<\/strong> Desconhecida<\/p>\n<p style=\"text-align: justify;\"><a href=\"http:\/\/noticiasdesantaluz.com.br\/homem-morre-apos-ser-baleado-e-esfaqueado-na-zona-rural-de-araci\/\"><strong>22 \u2013 Francisco Jos\u00e9 de Jesus, 49 anos, em 03\/11\/2019<\/strong><\/a><\/p>\n<p style=\"text-align: justify;\"><strong>Local:<\/strong> Povoado Barreira<\/p>\n<p style=\"text-align: justify;\"><strong>Meio Utilizado:<\/strong> Arma de fogo e faca<\/p>\n<p style=\"text-align: justify;\"><strong>Poss\u00edvel Motiva\u00e7\u00e3o:<\/strong> Desconhecida<\/p>\n<p style=\"text-align: justify;\"><a href=\"http:\/\/noticiasdesantaluz.com.br\/dono-de-mercado-e-morto-a-tiros-em-distrito-de-araci\/\"><strong>23 \u2013 Josevando Cunha Ramos (Gaguinho), 50 anos, em 27\/11\/2019<\/strong><\/a><\/p>\n<p style=\"text-align: justify;\"><strong>Local:<\/strong> Distrito de Pedra Alta<\/p>\n<p style=\"text-align: justify;\"><strong>Meio Utilizado:<\/strong> Arma de fogo<\/p>\n<p style=\"text-align: justify;\"><strong>Poss\u00edvel Motiva\u00e7\u00e3o:<\/strong> Tentativa de Assalto<\/p>\n<p style=\"text-align: justify;\"><a href=\"http:\/\/noticiasdesantaluz.com.br\/araci-jovem-e-morto-a-tiros-apos-subir-em-telhado-para-fugir-de-criminosos\/\"><strong>24 \u2013 Marcos dos Santos Gonzaga, 29 anos, em 07\/12\/2019<\/strong><\/a><\/p>\n<p style=\"text-align: justify;\"><strong>Local:<\/strong> Bairro Bombinha<\/p>\n<p style=\"text-align: justify;\"><strong>Meio Utilizado:<\/strong> Arma de Fogo<\/p>\n<p style=\"text-align: justify;\"><strong>Poss\u00edvel Motiva\u00e7\u00e3o:<\/strong> Desconhecida<\/p>\n<p style=\"text-align: justify;\"><a href=\"http:\/\/noticiasdesantaluz.com.br\/adolescente-de-16-anos-e-assassinado-em-araci\/\"><strong>25 \u2013 Gessi Santos de Jesus, 16 anos, em 10\/12\/2019<\/strong><\/a><\/p>\n<p style=\"text-align: justify;\"><strong>Local:<\/strong> Rua Irineu Santana, bairro Guarani<\/p>\n<p style=\"text-align: justify;\"><strong>Meio Utilizado:<\/strong> Arma de fogo<\/p>\n<p style=\"text-align: justify;\"><strong>Poss\u00edvel Motiva\u00e7\u00e3o:<\/strong> Desconhecida<\/p>\n<p style=\"text-align: justify;\"><a href=\"https:\/\/www.portalalerta.com.br\/index.php\/2019\/12\/30\/homem-e-assassinado-a-tiros-na-zona-rural-de-araci-ba\/\"><strong>26 \u2013 Renildo Goes da Silva (Reni), 30 anos, em 28\/12\/2019<\/strong><\/a><\/p>\n<p style=\"text-align: justify;\"><strong>Local:<\/strong> Povoado Ichu de Rufino<\/p>\n<p style=\"text-align: justify;\"><strong>Meio Utilizado:<\/strong> Arma de Fogo<\/p>\n<p style=\"text-align: justify;\"><strong>Poss\u00edvel Motiva\u00e7\u00e3o:<\/strong> Crime Organizado<\/p>\n<p style=\"text-align: justify;\"><strong>Confira o gr\u00e1fico:<\/strong><\/p>\n<p style=\"text-align: justify;\"><img decoding=\"async\" class=\"aligncenter wp-image-20777 size-full\" src=\"https:\/\/www.portalalerta.com.br\/wp-content\/uploads\/2020\/01\/Comparativo-Mensal-de-Homic\u00eddios-em-Araci-2018-e-2019.jpg\" alt=\"\" width=\"550\" height=\"350\" srcset=\"https:\/\/www.portalalerta.com.br\/wp-content\/uploads\/2020\/01\/Comparativo-Mensal-de-Homic\u00eddios-em-Araci-2018-e-2019.jpg 550w, https:\/\/www.portalalerta.com.br\/wp-content\/uploads\/2020\/01\/Comparativo-Mensal-de-Homic\u00eddios-em-Araci-2018-e-2019-377x240.jpg 377w, https:\/\/www.portalalerta.com.br\/wp-content\/uploads\/2020\/01\/Comparativo-Mensal-de-Homic\u00eddios-em-Araci-2018-e-2019-229x146.jpg 229w, https:\/\/www.portalalerta.com.br\/wp-content\/uploads\/2020\/01\/Comparativo-Mensal-de-Homic\u00eddios-em-Araci-2018-e-2019-50x32.jpg 50w, https:\/\/www.portalalerta.com.br\/wp-content\/uploads\/2020\/01\/Comparativo-Mensal-de-Homic\u00eddios-em-Araci-2018-e-2019-118x75.jpg 118w\" sizes=\"(max-width: 550px) 100vw, 550px\" \/><\/p>\n<p style=\"text-align: justify;\"><em>Reda\u00e7\u00e3o: Portal Alerta<\/em><\/p>\n","protected":false},"excerpt":{"rendered":"<p>Em 2019, Araci-BA registrou vinte e seis homic\u00eddios, sendo que no m\u00ednimo vinte e um deles com o uso de arma de fogo.<\/p>\n","protected":false},"author":2,"featured_media":7867,"comment_status":"open","ping_status":"open","sticky":false,"template":"","format":"standard","meta":{"om_disable_all_campaigns":false,"_monsterinsights_skip_tracking":false,"_monsterinsights_sitenote_active":false,"_monsterinsights_sitenote_note":"","_monsterinsights_sitenote_category":0,"footnotes":""},"categories":[41,69,32,22],"tags":[1887,48,2074,500],"class_list":["post-20775","post","type-post","status-publish","format-standard","has-post-thumbnail","hentry","category-araci","category-noticias2","category-regiao","category-seguranca","tag-1887","tag-araci","tag-homicidios","tag-mancha-criminal"],"aioseo_notices":[],"_links":{"self":[{"href":"https:\/\/www.portalalerta.com.br\/index.php\/wp-json\/wp\/v2\/posts\/20775","targetHints":{"allow":["GET"]}}],"collection":[{"href":"https:\/\/www.portalalerta.com.br\/index.php\/wp-json\/wp\/v2\/posts"}],"about":[{"href":"https:\/\/www.portalalerta.com.br\/index.php\/wp-json\/wp\/v2\/types\/post"}],"author":[{"embeddable":true,"href":"https:\/\/www.portalalerta.com.br\/index.php\/wp-json\/wp\/v2\/users\/2"}],"replies":[{"embeddable":true,"href":"https:\/\/www.portalalerta.com.br\/index.php\/wp-json\/wp\/v2\/comments?post=20775"}],"version-history":[{"count":2,"href":"https:\/\/www.portalalerta.com.br\/index.php\/wp-json\/wp\/v2\/posts\/20775\/revisions"}],"predecessor-version":[{"id":20789,"href":"https:\/\/www.portalalerta.com.br\/index.php\/wp-json\/wp\/v2\/posts\/20775\/revisions\/20789"}],"wp:featuredmedia":[{"embeddable":true,"href":"https:\/\/www.portalalerta.com.br\/index.php\/wp-json\/wp\/v2\/media\/7867"}],"wp:attachment":[{"href":"https:\/\/www.portalalerta.com.br\/index.php\/wp-json\/wp\/v2\/media?parent=20775"}],"wp:term":[{"taxonomy":"category","embeddable":true,"href":"https:\/\/www.portalalerta.com.br\/index.php\/wp-json\/wp\/v2\/categories?post=20775"},{"taxonomy":"post_tag","embeddable":true,"href":"https:\/\/www.portalalerta.com.br\/index.php\/wp-json\/wp\/v2\/tags?post=20775"}],"curies":[{"name":"wp","href":"https:\/\/api.w.org\/{rel}","templated":true}]}}