{"id":20784,"date":"2020-01-07T23:55:19","date_gmt":"2020-01-08T02:55:19","guid":{"rendered":"https:\/\/www.portalalerta.com.br\/?p=20784"},"modified":"2020-01-07T23:55:19","modified_gmt":"2020-01-08T02:55:19","slug":"prefeitura-de-ribeira-do-pombal-ba-e-sindicato-chegam-a-um-acordo-sobre-proventos-dos-professores-municipais","status":"publish","type":"post","link":"https:\/\/www.portalalerta.com.br\/index.php\/2020\/01\/07\/prefeitura-de-ribeira-do-pombal-ba-e-sindicato-chegam-a-um-acordo-sobre-proventos-dos-professores-municipais\/","title":{"rendered":"Prefeitura de Ribeira do Pombal-BA e Sindicato chegam a um acordo sobre proventos dos professores municipais"},"content":{"rendered":"<p style=\"text-align: justify;\">Em reuni\u00e3o realizada na ter\u00e7a-feira, 7 de janeiro 2020, no Gabinete do Prefeito Ricardo Maia, com a diretoria doSIMPROERP, foi confirmado que na quarta-feira, 8 de janeiro 2020, os professores efetivos do munic\u00edpio de Ribeira do Pombal-BA estar\u00e3o recebendo o sal\u00e1rio de dezembro 2019, a diferen\u00e7a do que ficou faltando do 13\u00ba Sal\u00e1rio, ficando o 1\/3 de f\u00e9rias para o pr\u00f3ximo dia 10.<!--more--><\/p>\n<p style=\"text-align: justify;\"><img fetchpriority=\"high\" decoding=\"async\" class=\"size-thumbnail wp-image-4869 aligncenter\" src=\"https:\/\/www.portalalerta.com.br\/wp-content\/uploads\/2018\/02\/Auto-Escola-Nobre-720x181.jpg\" alt=\"\" width=\"720\" height=\"181\" srcset=\"https:\/\/www.portalalerta.com.br\/wp-content\/uploads\/2018\/02\/Auto-Escola-Nobre.jpg 720w, https:\/\/www.portalalerta.com.br\/wp-content\/uploads\/2018\/02\/Auto-Escola-Nobre-260x65.jpg 260w, https:\/\/www.portalalerta.com.br\/wp-content\/uploads\/2018\/02\/Auto-Escola-Nobre-50x13.jpg 50w, https:\/\/www.portalalerta.com.br\/wp-content\/uploads\/2018\/02\/Auto-Escola-Nobre-150x38.jpg 150w\" sizes=\"(max-width: 720px) 100vw, 720px\" \/>Segundo Ricardo Maia, ser\u00e1 enviado dois projetos para o Legislativo no sentido da autoriza\u00e7\u00e3o da\u00a0unifica\u00e7\u00e3o do cadastro dos professores, e autoriza\u00e7\u00e3o para que o pagamento do 13\u00ba passe a ser feito no m\u00eas de anivers\u00e1rio do professor j\u00e1 neste ano de 2020. Segundo o vereador Bebeto, Presidente do Legislativo pombalense, logo que os dois projetos sejam protocolados na casa, ser\u00e1 feita convoca\u00e7\u00e3o extraordin\u00e1ria dos edis para apreciarem e votarem os mesmos.<\/p>\n<p style=\"text-align: justify;\"><em>Fonte: Joilson Costa<\/em><\/p>\n<p style=\"text-align: justify;\">\n","protected":false},"excerpt":{"rendered":"<p>Em reuni\u00e3o realizada na ter\u00e7a-feira, 7 de janeiro 2020, no Gabinete do Prefeito Ricardo Maia, com a diretoria doSIMPROERP, foi confirmado que na quarta-feira, 8 de janeiro 2020, os professores efetivos do munic\u00edpio de Ribeira do Pombal-BA estar\u00e3o recebendo o sal\u00e1rio de dezembro 2019, a diferen\u00e7a do que ficou faltando do 13\u00ba Sal\u00e1rio, ficando o &hellip;<\/p>\n","protected":false},"author":2,"featured_media":3398,"comment_status":"open","ping_status":"open","sticky":false,"template":"","format":"standard","meta":{"om_disable_all_campaigns":false,"_monsterinsights_skip_tracking":false,"_monsterinsights_sitenote_active":false,"_monsterinsights_sitenote_note":"","_monsterinsights_sitenote_category":0,"footnotes":""},"categories":[70,20,69,21,32,3],"tags":[446,145,184,3316,47,251,1511],"class_list":["post-20784","post","type-post","status-publish","format-standard","has-post-thumbnail","hentry","category-destaques","category-educacao","category-noticias2","category-politica","category-regiao","category-ribeira-do-pombal","tag-13o-salario","tag-prefeitura","tag-professores","tag-proventos","tag-ribeira-do-pombal","tag-salario","tag-sinproerp"],"aioseo_notices":[],"_links":{"self":[{"href":"https:\/\/www.portalalerta.com.br\/index.php\/wp-json\/wp\/v2\/posts\/20784","targetHints":{"allow":["GET"]}}],"collection":[{"href":"https:\/\/www.portalalerta.com.br\/index.php\/wp-json\/wp\/v2\/posts"}],"about":[{"href":"https:\/\/www.portalalerta.com.br\/index.php\/wp-json\/wp\/v2\/types\/post"}],"author":[{"embeddable":true,"href":"https:\/\/www.portalalerta.com.br\/index.php\/wp-json\/wp\/v2\/users\/2"}],"replies":[{"embeddable":true,"href":"https:\/\/www.portalalerta.com.br\/index.php\/wp-json\/wp\/v2\/comments?post=20784"}],"version-history":[{"count":2,"href":"https:\/\/www.portalalerta.com.br\/index.php\/wp-json\/wp\/v2\/posts\/20784\/revisions"}],"predecessor-version":[{"id":20791,"href":"https:\/\/www.portalalerta.com.br\/index.php\/wp-json\/wp\/v2\/posts\/20784\/revisions\/20791"}],"wp:featuredmedia":[{"embeddable":true,"href":"https:\/\/www.portalalerta.com.br\/index.php\/wp-json\/wp\/v2\/media\/3398"}],"wp:attachment":[{"href":"https:\/\/www.portalalerta.com.br\/index.php\/wp-json\/wp\/v2\/media?parent=20784"}],"wp:term":[{"taxonomy":"category","embeddable":true,"href":"https:\/\/www.portalalerta.com.br\/index.php\/wp-json\/wp\/v2\/categories?post=20784"},{"taxonomy":"post_tag","embeddable":true,"href":"https:\/\/www.portalalerta.com.br\/index.php\/wp-json\/wp\/v2\/tags?post=20784"}],"curies":[{"name":"wp","href":"https:\/\/api.w.org\/{rel}","templated":true}]}}