{"id":20828,"date":"2020-01-11T12:14:13","date_gmt":"2020-01-11T15:14:13","guid":{"rendered":"https:\/\/www.portalalerta.com.br\/?p=20828"},"modified":"2020-01-11T12:14:13","modified_gmt":"2020-01-11T15:14:13","slug":"ira-admite-que-derrubou-aviao-e-pede-desculpas","status":"publish","type":"post","link":"https:\/\/www.portalalerta.com.br\/index.php\/2020\/01\/11\/ira-admite-que-derrubou-aviao-e-pede-desculpas\/","title":{"rendered":"Ir\u00e3 admite que derrubou avi\u00e3o e pede desculpas"},"content":{"rendered":"<p style=\"text-align: justify;\">O Estado-Maior das For\u00e7as Armadas iranianas admitiu neste s\u00e1bado que um &#8220;erro humano&#8221; foi a origem da cat\u00e1strofe com o Boeing 737 da Ukrainian Airlines, e Teer\u00e3 pediu desculpas pelo incidente, cuja origem foi o &#8220;aventureirismo&#8221; dos Estados Unidos.<!--more--><\/p>\n<p style=\"text-align: justify;\">O aparelho, no qual viajavam 176 pessoas, foi identificado como um &#8220;avi\u00e3o hostil&#8221; e &#8220;atingido&#8221; no momento em que a amea\u00e7a inimiga se encontrava &#8220;no mais alto n\u00edvel&#8221;, revelou um comunicado divulgado pela ag\u00eancia oficial de not\u00edcias Irna.<\/p>\n<p style=\"text-align: justify;\">O presidente iraniano, Hassan Rohani, declarou que seu pa\u00eds &#8220;lamenta profundamente&#8221; o incidente, que chamou de &#8220;grande trag\u00e9dia&#8221; e &#8220;erro imperdo\u00e1vel&#8221;.<\/p>\n<p style=\"text-align: justify;\">&#8220;A investiga\u00e7\u00e3o interna das For\u00e7as Armadas concluiu que, lamentavelmente, m\u00edsseis lan\u00e7ados por um erro humano causaram o horr\u00edvel impacto no avi\u00e3o e a morte de 176 inocentes&#8221;.<\/p>\n<p style=\"text-align: justify;\"><img fetchpriority=\"high\" decoding=\"async\" class=\"size-thumbnail wp-image-4869 aligncenter\" src=\"https:\/\/www.portalalerta.com.br\/wp-content\/uploads\/2018\/02\/Auto-Escola-Nobre-720x181.jpg\" alt=\"\" width=\"720\" height=\"181\" srcset=\"https:\/\/www.portalalerta.com.br\/wp-content\/uploads\/2018\/02\/Auto-Escola-Nobre.jpg 720w, https:\/\/www.portalalerta.com.br\/wp-content\/uploads\/2018\/02\/Auto-Escola-Nobre-260x65.jpg 260w, https:\/\/www.portalalerta.com.br\/wp-content\/uploads\/2018\/02\/Auto-Escola-Nobre-50x13.jpg 50w, https:\/\/www.portalalerta.com.br\/wp-content\/uploads\/2018\/02\/Auto-Escola-Nobre-150x38.jpg 150w\" sizes=\"(max-width: 720px) 100vw, 720px\" \/>A maioria das v\u00edtimas era iraniano-canadense, mas tamb\u00e9m havia brit\u00e2nicos, suecos e ucranianos a bordo.<\/p>\n<p style=\"text-align: justify;\">O ministro das Rela\u00e7\u00f5es Exteriores, Mohammad Javad Zarif, apresentou as desculpas do Ir\u00e3 pela cat\u00e1strofe.<\/p>\n<p style=\"text-align: justify;\">&#8220;\u00c9 um dia triste&#8221;, escreveu Zarif no Twitter, citando um &#8220;erro humano em tempos de crise causada pelo aventureirismo dos americanos. Nosso profundo arrependimento, desculpas e condol\u00eancias ao nosso povo, \u00e0s fam\u00edlias de todas as v\u00edtimas e \u00e0s outras na\u00e7\u00f5es afetadas&#8221;.<\/p>\n<p style=\"text-align: justify;\">O incidente ocorreu na madrugada de quarta-feira, logo ap\u00f3s o Ir\u00e3 disparar m\u00edsseis contra bases militares utilizadas pelos militares americanos estacionados no Iraque em resposta ao assassinato pelos EUA de um general iraniano em um ataque com um drone em Bagd\u00e1.<\/p>\n<p style=\"text-align: justify;\">O Estado-Maior garantiu \u00e0 popula\u00e7\u00e3o que o &#8220;respons\u00e1vel&#8221; pela trag\u00e9dia ser\u00e1 levado &#8220;imediatamente&#8221; \u00e0 Corte Marcial e que o fato n\u00e3o se repetir\u00e1.<\/p>\n<p style=\"text-align: justify;\">&#8220;Garantimos que com as reformas fundamentais nos processos operacionais das For\u00e7as Armadas tornaremos imposs\u00edvel a repeti\u00e7\u00e3o de erro semelhante&#8221;.<\/p>\n<p style=\"text-align: justify;\">O voo PS752 da companhia Ukraine Airlines International (UAI) caiu dois minutos depois de decolar do Aeroporto de Teer\u00e3 rumo a Kiev.<\/p>\n<p style=\"text-align: justify;\">Estados Unidos, Canad\u00e1, Reino Unido e Holanda j\u00e1 haviam antecipado que a queda era resultado de um m\u00edssil iraniano, e v\u00eddeos neste sentido foram publicados nas redes sociais.<\/p>\n<p style=\"text-align: justify;\">&#8211; Trag\u00e9dia anunciada &#8211;<\/p>\n<p style=\"text-align: justify;\">Os incidentes envolvendo m\u00edsseis e avi\u00f5es comerciais sobre \u00e1reas de conflito n\u00e3o s\u00e3o exatamente raros.<\/p>\n<p style=\"text-align: justify;\">Em 17 de julho de 2014, o voo MH17 da Malaysia Airlines que seguia de Amsterd\u00e3 para Kuala Lumpur foi derrubado sobre o leste da Ucr\u00e2nia, controlado por rebeldes, matando as 298 pessoas a bordo do Boeing 777, incluindo 193 holandeses.<\/p>\n<p style=\"text-align: justify;\">As autoridades de Kiev e os rebeldes separatistas pr\u00f3-R\u00fassia se acusaram mutuamente de disparar o m\u00edssil que derrubou o aparelho.<\/p>\n<p style=\"text-align: justify;\">Em julho de 1988, um Airbus A-300 da Iran Air, que voava de Bandar Abbas, no Ir\u00e3, para Dubai, nos Emirados \u00c1rabes Unidos, foi derrubado nas \u00e1guas territoriais do Ir\u00e3 no Golfo P\u00e9rsico por m\u00edsseis disparados de uma fragata americana que patrulhava o Estreito de Ormuz.<\/p>\n<p style=\"text-align: justify;\">As 290 pessoas a bordo morreram e os Estados Unidos pagaram ao Ir\u00e3 101,8 milh\u00f5es de d\u00f3lares em indeniza\u00e7\u00e3o.<\/p>\n<p style=\"text-align: justify;\"><em>Fonte: Yahoo Not\u00edcias<\/em><\/p>\n","protected":false},"excerpt":{"rendered":"<p>O Estado-Maior das For\u00e7as Armadas iranianas admitiu neste s\u00e1bado que um &#8220;erro humano&#8221; foi a origem da cat\u00e1strofe com o Boeing 737 da Ukrainian Airlines, e Teer\u00e3 pediu desculpas pelo incidente, cuja origem foi o &#8220;aventureirismo&#8221; dos Estados Unidos.<\/p>\n","protected":false},"author":2,"featured_media":20829,"comment_status":"open","ping_status":"open","sticky":false,"template":"","format":"standard","meta":{"om_disable_all_campaigns":false,"_monsterinsights_skip_tracking":false,"_monsterinsights_sitenote_active":false,"_monsterinsights_sitenote_note":"","_monsterinsights_sitenote_category":0,"footnotes":""},"categories":[70,35,69,22],"tags":[477,324,2275,327,3320],"class_list":["post-20828","post","type-post","status-publish","format-standard","has-post-thumbnail","hentry","category-destaques","category-mundo","category-noticias2","category-seguranca","tag-acidente-aereo","tag-aviao","tag-conflitos","tag-eua","tag-ira-ucrania"],"aioseo_notices":[],"_links":{"self":[{"href":"https:\/\/www.portalalerta.com.br\/index.php\/wp-json\/wp\/v2\/posts\/20828","targetHints":{"allow":["GET"]}}],"collection":[{"href":"https:\/\/www.portalalerta.com.br\/index.php\/wp-json\/wp\/v2\/posts"}],"about":[{"href":"https:\/\/www.portalalerta.com.br\/index.php\/wp-json\/wp\/v2\/types\/post"}],"author":[{"embeddable":true,"href":"https:\/\/www.portalalerta.com.br\/index.php\/wp-json\/wp\/v2\/users\/2"}],"replies":[{"embeddable":true,"href":"https:\/\/www.portalalerta.com.br\/index.php\/wp-json\/wp\/v2\/comments?post=20828"}],"version-history":[{"count":1,"href":"https:\/\/www.portalalerta.com.br\/index.php\/wp-json\/wp\/v2\/posts\/20828\/revisions"}],"predecessor-version":[{"id":20830,"href":"https:\/\/www.portalalerta.com.br\/index.php\/wp-json\/wp\/v2\/posts\/20828\/revisions\/20830"}],"wp:featuredmedia":[{"embeddable":true,"href":"https:\/\/www.portalalerta.com.br\/index.php\/wp-json\/wp\/v2\/media\/20829"}],"wp:attachment":[{"href":"https:\/\/www.portalalerta.com.br\/index.php\/wp-json\/wp\/v2\/media?parent=20828"}],"wp:term":[{"taxonomy":"category","embeddable":true,"href":"https:\/\/www.portalalerta.com.br\/index.php\/wp-json\/wp\/v2\/categories?post=20828"},{"taxonomy":"post_tag","embeddable":true,"href":"https:\/\/www.portalalerta.com.br\/index.php\/wp-json\/wp\/v2\/tags?post=20828"}],"curies":[{"name":"wp","href":"https:\/\/api.w.org\/{rel}","templated":true}]}}