{"id":20831,"date":"2020-01-12T23:38:41","date_gmt":"2020-01-13T02:38:41","guid":{"rendered":"https:\/\/www.portalalerta.com.br\/?p=20831"},"modified":"2020-01-12T23:38:41","modified_gmt":"2020-01-13T02:38:41","slug":"mancha-criminal-de-tucano-ba-ano-2019","status":"publish","type":"post","link":"https:\/\/www.portalalerta.com.br\/index.php\/2020\/01\/12\/mancha-criminal-de-tucano-ba-ano-2019\/","title":{"rendered":"Mancha Criminal de Tucano-BA, ano 2019"},"content":{"rendered":"<p style=\"text-align: justify;\">Em 2019, Tucano-BA registrou quatorze homic\u00eddios, dez a menos que em 2018, representando uma redu\u00e7\u00e3o em 42% comparado ao ano passado. \u00a0\u00a0<!--more--><\/p>\n<p style=\"text-align: justify;\">Atualmente Tucano \u00e9 habitada por 50.568 pessoas, de acordo com o \u00faltimo levantamento do IBGE. Desta forma, analisando em propor\u00e7\u00e3o, ficou com uma m\u00e9dia de 28 homic\u00eddios para cada 100.000 habitantes.<\/p>\n<p style=\"text-align: justify;\">Por fim, se concluiu que agosto foi o m\u00eas mais violento do ano, registrando quatro homic\u00eddios no total.\u00a0\u00a0\u00a0 Onze dos quatorze homic\u00eddios cometidos na cidade durante 2019, foram cometidos com uso de arma de fogo.<\/p>\n<p style=\"text-align: justify;\">Vale ressaltar que estes dados s\u00e3o baseados em mat\u00e9rias jornal\u00edsticas do site PORTAL ALERTA, n\u00e3o incluindo mortes por interven\u00e7\u00f5es policiais, o que pode ser contestadas pelas autoridades policiais.<\/p>\n<p style=\"text-align: justify;\"><strong>Confira o Mapa:<\/strong><\/p>\n<p style=\"text-align: justify;\"><img fetchpriority=\"high\" decoding=\"async\" class=\"aligncenter wp-image-20832 size-full\" src=\"https:\/\/www.portalalerta.com.br\/wp-content\/uploads\/2020\/01\/Mancha-Criminal-Homic\u00eddios-Tucano-2019.jpg\" alt=\"\" width=\"700\" height=\"550\" srcset=\"https:\/\/www.portalalerta.com.br\/wp-content\/uploads\/2020\/01\/Mancha-Criminal-Homic\u00eddios-Tucano-2019.jpg 700w, https:\/\/www.portalalerta.com.br\/wp-content\/uploads\/2020\/01\/Mancha-Criminal-Homic\u00eddios-Tucano-2019-305x240.jpg 305w, https:\/\/www.portalalerta.com.br\/wp-content\/uploads\/2020\/01\/Mancha-Criminal-Homic\u00eddios-Tucano-2019-186x146.jpg 186w, https:\/\/www.portalalerta.com.br\/wp-content\/uploads\/2020\/01\/Mancha-Criminal-Homic\u00eddios-Tucano-2019-50x39.jpg 50w, https:\/\/www.portalalerta.com.br\/wp-content\/uploads\/2020\/01\/Mancha-Criminal-Homic\u00eddios-Tucano-2019-95x75.jpg 95w\" sizes=\"(max-width: 700px) 100vw, 700px\" \/><\/p>\n<p style=\"text-align: justify;\"><a href=\"http:\/\/www.portalalerta.com.br\/index.php\/2019\/01\/07\/filho-de-vereador-de-araci-e-assassinado-na-zona-rural-de-tucano-ba-este-e-o-primeiro-caso-do-ano\/\"><strong>1 \u2013 Rom\u00e1rio de Jesus Souza Matos, 22 anos, em 07\/01\/2019<\/strong><\/a><\/p>\n<p style=\"text-align: justify;\"><strong>Local:<\/strong> Assentamento Santa Luzia<\/p>\n<p style=\"text-align: justify;\"><strong>Meio Utilizado:<\/strong> Faca<\/p>\n<p style=\"text-align: justify;\"><strong>Poss\u00edvel Motiva\u00e7\u00e3o:<\/strong> Desconhecida<\/p>\n<p style=\"text-align: justify;\">\n<p style=\"text-align: justify;\"><a href=\"http:\/\/www.portalalerta.com.br\/index.php\/2019\/01\/24\/tucano-ba-registra-o-terceiro-homicidio-do-ano\/\"><strong>2 \u2013\u00a0 Jorge Lu\u00eds de Fran\u00e7a, 81 anos, em 21\/01\/2019<\/strong><\/a><\/p>\n<p style=\"text-align: justify;\"><strong>Local:<\/strong> Bairro Vila Progresso<\/p>\n<p style=\"text-align: justify;\"><strong>Meio Utilizado:<\/strong> Arma de fogo e faca<\/p>\n<p style=\"text-align: justify;\"><strong>Poss\u00edvel Motiva\u00e7\u00e3o:<\/strong> Latroc\u00ednio<\/p>\n<p style=\"text-align: justify;\">\n<p style=\"text-align: justify;\"><a href=\"http:\/\/www.portalalerta.com.br\/index.php\/2019\/01\/25\/mais-detalhes-sobre-o-homicidio-ocorrido-em-povoado-de-tucano-ba\/\"><strong>3 \u2013 Iranildo Reis de Souza, 36 anos, em 24\/01\/2019<\/strong><\/a><\/p>\n<p style=\"text-align: justify;\"><strong>Local:<\/strong> Povoado Arapu\u00e1<\/p>\n<p style=\"text-align: justify;\"><strong>Meio Utilizado:<\/strong> Arma de fogo<\/p>\n<p style=\"text-align: justify;\"><strong>Poss\u00edvel Motiva\u00e7\u00e3o:<\/strong> Desconhecida<\/p>\n<p style=\"text-align: justify;\">\n<p style=\"text-align: justify;\"><a href=\"https:\/\/www.portalalerta.com.br\/index.php\/2019\/02\/05\/homem-e-encontrado-morto-dentro-de-casa-com-marcas-de-espancamento-na-cabeca-em-tucano-ba\/\"><strong>4 \u2013 Manoel Santos Silva, 49 anos, em 05\/02\/2019<\/strong><\/a><\/p>\n<p style=\"text-align: justify;\"><strong>Local:<\/strong> Rua Tabeli\u00e3o Wlanderlau Borges, bairro entroncamento<\/p>\n<p style=\"text-align: justify;\"><strong>Meio Utilizado:<\/strong> Paulada<\/p>\n<p style=\"text-align: justify;\"><strong>Poss\u00edvel Motiva\u00e7\u00e3o: <\/strong>Desconhecida<\/p>\n<p style=\"text-align: justify;\">\n<p style=\"text-align: justify;\"><a href=\"https:\/\/www.portalalerta.com.br\/index.php\/2019\/04\/24\/homem-e-assassinado-a-tiros-em-bairro-de-tucano-ba\/\"><strong>5 \u2013 Cosme Santos Gon\u00e7alves (Cosme de Dami\u00e3o), idade n\u00e3o divulgada, em 17\/04\/2019<\/strong><\/a><\/p>\n<p style=\"text-align: justify;\"><strong>Local:<\/strong> Bairro Nova Esperan\u00e7a<\/p>\n<p style=\"text-align: justify;\"><strong>Meio Utilizado:<\/strong> Arma de fogo<\/p>\n<p style=\"text-align: justify;\"><strong>Poss\u00edvel Motiva\u00e7\u00e3o:<\/strong> Desconhecida<\/p>\n<p style=\"text-align: justify;\">\n<p style=\"text-align: justify;\"><a href=\"https:\/\/www.portalalerta.com.br\/index.php\/2019\/05\/01\/gari-e-assassinado-a-tiros-dentro-de-bar-em-tucano-ba\/\"><strong>6 \u2013Everaldo Jos\u00e9 Jesus Reis, idade n\u00e3o divulgada, em 1\u00ba\/05\/2019<\/strong><\/a><\/p>\n<p style=\"text-align: justify;\"><strong>Local: <\/strong>Bar dos Caminhoneiros, BR 116<\/p>\n<p style=\"text-align: justify;\"><strong>Meio Utilizado: <\/strong>Arma de fogo<\/p>\n<p style=\"text-align: justify;\"><strong>Poss\u00edvel Motiva\u00e7\u00e3o:<\/strong> Desconhecida<\/p>\n<p style=\"text-align: justify;\">\n<p style=\"text-align: justify;\"><a href=\"https:\/\/www.portalalerta.com.br\/index.php\/2019\/05\/21\/ataque-a-tiros-em-bar-deixa-uma-adolescente-morta-e-mais-duas-pessoas-feridas-em-tucano-ba\/\"><strong>7 \u2013Jaiane Aquino Pimentel, 17 anos, em 20\/05\/2019<\/strong><\/a><\/p>\n<p style=\"text-align: justify;\"><strong>Local:<\/strong> Entroncamento, Caldas do Jorro<\/p>\n<p style=\"text-align: justify;\"><strong>Meio Utilizado:<\/strong> Arma de fogo<\/p>\n<p style=\"text-align: justify;\"><strong>Poss\u00edvel Motiva\u00e7\u00e3o:<\/strong> Desconhecida<\/p>\n<p style=\"text-align: justify;\">\n<p style=\"text-align: justify;\"><a href=\"https:\/\/www.portalalerta.com.br\/index.php\/2019\/07\/04\/jovem-de-22-anos-e-assassinado-a-tiros-na-zona-rural-de-tucano-ba\/\"><strong>8 \u2013 Renilson Pimentel de Miranda, 22 anos, em 02\/07\/2019<\/strong><\/a><\/p>\n<p style=\"text-align: justify;\"><strong>Local:<\/strong> Povoado de Cinco Umbuzeiro<\/p>\n<p style=\"text-align: justify;\"><strong>Meio Utilizado:<\/strong> Arma de Fogo<\/p>\n<p style=\"text-align: justify;\"><strong>Poss\u00edvel Motiva\u00e7\u00e3o:<\/strong> Desconhecida<\/p>\n<p style=\"text-align: justify;\">\n<p style=\"text-align: justify;\"><a href=\"https:\/\/www.portalalerta.com.br\/index.php\/2019\/08\/05\/tucano-ba-jovem-e-morto-a-tiros-em-caldas-do-jorro\/\"><strong>9 \u2013 Matheus Pimentel Soares, 18 anos, em 04\/08\/2019<\/strong><\/a><\/p>\n<p style=\"text-align: justify;\"><strong>Local:<\/strong> Caldas do Jorro<\/p>\n<p style=\"text-align: justify;\"><strong>Meio Utilizado:<\/strong> Arma de fogo<\/p>\n<p style=\"text-align: justify;\"><strong>Poss\u00edvel Motiva\u00e7\u00e3o:<\/strong> Crime Organizado<\/p>\n<p style=\"text-align: justify;\">\n<p style=\"text-align: justify;\"><a href=\"https:\/\/www.portalalerta.com.br\/index.php\/2019\/08\/15\/trabalhador-rural-e-assassinado-a-tiros-na-zona-rural-de-tucano-ba\/\"><strong>10 \u2013 Z\u00e9 do Louro, idade n\u00e3o divulgada, em 15\/08\/2019<\/strong><\/a><\/p>\n<p style=\"text-align: justify;\"><strong>Local:<\/strong> Fazenda Lagoa do Curral, pr\u00f3ximo ao povoado de Morumbi<\/p>\n<p style=\"text-align: justify;\"><strong>Meio Utilizado:<\/strong> Arma de fogo<\/p>\n<p style=\"text-align: justify;\"><strong>Poss\u00edvel Motiva\u00e7\u00e3o:<\/strong> Latroc\u00ednio<\/p>\n<p style=\"text-align: justify;\">\n<p style=\"text-align: justify;\"><a href=\"https:\/\/www.portalalerta.com.br\/index.php\/2019\/08\/28\/dois-homicidios-sao-registrados-em-menos-de-uma-hora-em-tucano-ba\/\"><strong>11 \u2013 Ivan Jesus Cerqueira, idade n\u00e3o divulgada, em 27\/08\/2019<\/strong><\/a><\/p>\n<p style=\"text-align: justify;\"><strong>Local:<\/strong> Rua Coronel Marcelino, centro<\/p>\n<p style=\"text-align: justify;\"><strong>Meio Utilizado:<\/strong> Arma de fogo<\/p>\n<p style=\"text-align: justify;\"><strong>Poss\u00edvel Motiva\u00e7\u00e3o:<\/strong> Crime Organizado<\/p>\n<p style=\"text-align: justify;\">\n<p style=\"text-align: justify;\"><a href=\"https:\/\/www.portalalerta.com.br\/index.php\/2019\/08\/28\/dois-homicidios-sao-registrados-em-menos-de-uma-hora-em-tucano-ba\/\"><strong>12 \u2013 Miguel Silva Guimar\u00e3es, 19 anos, em 27\/08\/2019<\/strong><\/a><\/p>\n<p style=\"text-align: justify;\"><strong>Local:<\/strong> Loteamento Jonas Montino, Caldas do Jorro<\/p>\n<p style=\"text-align: justify;\"><strong>Meio Utilizado:<\/strong> Arma de Fogo<\/p>\n<p style=\"text-align: justify;\"><strong>Poss\u00edvel Motiva\u00e7\u00e3o:<\/strong> Crime Organizado<\/p>\n<p style=\"text-align: justify;\">\n<p style=\"text-align: justify;\"><a href=\"https:\/\/www.portalalerta.com.br\/index.php\/2019\/10\/21\/araciense-e-morto-a-tiros-por-motoqueiros-em-tucano-ba\/\"><strong>13 \u2013 Marconi Souza dos Santos, 31 anos, em 20\/10\/2019<\/strong><\/a><\/p>\n<p style=\"text-align: justify;\"><strong>Local:<\/strong> Loteamento Residencial Alto do Araticum<\/p>\n<p style=\"text-align: justify;\"><strong>Meio Utilizado:<\/strong> Arma de fogo<\/p>\n<p style=\"text-align: justify;\"><strong>Poss\u00edvel Motiva\u00e7\u00e3o:<\/strong> Desconhecida<\/p>\n<p style=\"text-align: justify;\">\n<p style=\"text-align: justify;\"><a href=\"https:\/\/www.portalalerta.com.br\/index.php\/2019\/12\/18\/tucano-ba-homem-e-encontrado-morto-dentro-de-residencia-no-cruzeiro\/\"><strong>14 \u2013 La\u00e9rcio Jesus Pimentel (Caquinho), 28 anos, em 16\/12\/2019<\/strong><\/a><\/p>\n<p style=\"text-align: justify;\"><strong>Local:<\/strong> Bairro Cruzeiro<\/p>\n<p style=\"text-align: justify;\"><strong>Meio Utilizado:<\/strong> Paulada<\/p>\n<p style=\"text-align: justify;\"><strong>Poss\u00edvel Motiva\u00e7\u00e3o:<\/strong> Desconhecida<\/p>\n<p style=\"text-align: justify;\">\n<p style=\"text-align: justify;\"><strong>\u00a0<\/strong>Confira o gr\u00e1fico comparativo mensal, entre 2018 e 2019:<\/p>\n<p style=\"text-align: justify;\"><strong>\u00a0<img decoding=\"async\" class=\"aligncenter wp-image-20833 size-full\" src=\"https:\/\/www.portalalerta.com.br\/wp-content\/uploads\/2020\/01\/Comparativo-Mensal-de-Homic\u00eddios-em-Tucano-2018-e-2019.jpg\" alt=\"\" width=\"550\" height=\"350\" srcset=\"https:\/\/www.portalalerta.com.br\/wp-content\/uploads\/2020\/01\/Comparativo-Mensal-de-Homic\u00eddios-em-Tucano-2018-e-2019.jpg 550w, https:\/\/www.portalalerta.com.br\/wp-content\/uploads\/2020\/01\/Comparativo-Mensal-de-Homic\u00eddios-em-Tucano-2018-e-2019-377x240.jpg 377w, https:\/\/www.portalalerta.com.br\/wp-content\/uploads\/2020\/01\/Comparativo-Mensal-de-Homic\u00eddios-em-Tucano-2018-e-2019-229x146.jpg 229w, https:\/\/www.portalalerta.com.br\/wp-content\/uploads\/2020\/01\/Comparativo-Mensal-de-Homic\u00eddios-em-Tucano-2018-e-2019-50x32.jpg 50w, https:\/\/www.portalalerta.com.br\/wp-content\/uploads\/2020\/01\/Comparativo-Mensal-de-Homic\u00eddios-em-Tucano-2018-e-2019-118x75.jpg 118w\" sizes=\"(max-width: 550px) 100vw, 550px\" \/><\/strong><\/p>\n<p style=\"text-align: justify;\"><em>Reda\u00e7\u00e3o: Portal Alerta<\/em><\/p>\n","protected":false},"excerpt":{"rendered":"<p>Em 2019, Tucano-BA registrou quatorze homic\u00eddios, dez a menos que em 2018, representando uma redu\u00e7\u00e3o em 42% comparado ao ano passado. \u00a0\u00a0<\/p>\n","protected":false},"author":2,"featured_media":13516,"comment_status":"open","ping_status":"open","sticky":false,"template":"","format":"standard","meta":{"om_disable_all_campaigns":false,"_monsterinsights_skip_tracking":false,"_monsterinsights_sitenote_active":false,"_monsterinsights_sitenote_note":"","_monsterinsights_sitenote_category":0,"footnotes":""},"categories":[69,32,22,12],"tags":[1887,2074,500,190],"class_list":["post-20831","post","type-post","status-publish","format-standard","has-post-thumbnail","hentry","category-noticias2","category-regiao","category-seguranca","category-tucano","tag-1887","tag-homicidios","tag-mancha-criminal","tag-tucano"],"aioseo_notices":[],"_links":{"self":[{"href":"https:\/\/www.portalalerta.com.br\/index.php\/wp-json\/wp\/v2\/posts\/20831","targetHints":{"allow":["GET"]}}],"collection":[{"href":"https:\/\/www.portalalerta.com.br\/index.php\/wp-json\/wp\/v2\/posts"}],"about":[{"href":"https:\/\/www.portalalerta.com.br\/index.php\/wp-json\/wp\/v2\/types\/post"}],"author":[{"embeddable":true,"href":"https:\/\/www.portalalerta.com.br\/index.php\/wp-json\/wp\/v2\/users\/2"}],"replies":[{"embeddable":true,"href":"https:\/\/www.portalalerta.com.br\/index.php\/wp-json\/wp\/v2\/comments?post=20831"}],"version-history":[{"count":1,"href":"https:\/\/www.portalalerta.com.br\/index.php\/wp-json\/wp\/v2\/posts\/20831\/revisions"}],"predecessor-version":[{"id":20834,"href":"https:\/\/www.portalalerta.com.br\/index.php\/wp-json\/wp\/v2\/posts\/20831\/revisions\/20834"}],"wp:featuredmedia":[{"embeddable":true,"href":"https:\/\/www.portalalerta.com.br\/index.php\/wp-json\/wp\/v2\/media\/13516"}],"wp:attachment":[{"href":"https:\/\/www.portalalerta.com.br\/index.php\/wp-json\/wp\/v2\/media?parent=20831"}],"wp:term":[{"taxonomy":"category","embeddable":true,"href":"https:\/\/www.portalalerta.com.br\/index.php\/wp-json\/wp\/v2\/categories?post=20831"},{"taxonomy":"post_tag","embeddable":true,"href":"https:\/\/www.portalalerta.com.br\/index.php\/wp-json\/wp\/v2\/tags?post=20831"}],"curies":[{"name":"wp","href":"https:\/\/api.w.org\/{rel}","templated":true}]}}