{"id":20851,"date":"2020-01-13T15:36:09","date_gmt":"2020-01-13T18:36:09","guid":{"rendered":"https:\/\/www.portalalerta.com.br\/?p=20851"},"modified":"2020-01-13T15:36:09","modified_gmt":"2020-01-13T18:36:09","slug":"tj-ba-suspende-tramitacao-da-pec-da-reforma-da-previdencia-na-al-ba","status":"publish","type":"post","link":"https:\/\/www.portalalerta.com.br\/index.php\/2020\/01\/13\/tj-ba-suspende-tramitacao-da-pec-da-reforma-da-previdencia-na-al-ba\/","title":{"rendered":"TJ-BA suspende tramita\u00e7\u00e3o da PEC da Reforma da Previd\u00eancia na AL-BA"},"content":{"rendered":"<p style=\"text-align: justify;\">A desembargadora Rosita Falc\u00e3o de Almeida Maia, do Tribunal de Justi\u00e7a da Bahia (TJ-BA), decidiu no \u00faltimo s\u00e1bado (11) suspender a tramita\u00e7\u00e3o da Proposta de Emenda Constitucional (PEC) da Reforma da Previd\u00eancia na Assembleia Legislativa da Bahia (AL-BA). A\u00a0decis\u00e3o suspende\u00a0qualquer delibera\u00e7\u00e3o a seu respeito e ser\u00e1 mantida at\u00e9 o julgamento definitivo do m\u00e9rito do Mandado de Seguran\u00e7a.<!--more--><\/p>\n<p style=\"text-align: justify;\"><img fetchpriority=\"high\" decoding=\"async\" class=\"size-full wp-image-2902 alignleft\" src=\"https:\/\/www.portalalerta.com.br\/wp-content\/uploads\/2017\/11\/elab-2.jpg\" alt=\"\" width=\"310\" height=\"200\" srcset=\"https:\/\/www.portalalerta.com.br\/wp-content\/uploads\/2017\/11\/elab-2.jpg 310w, https:\/\/www.portalalerta.com.br\/wp-content\/uploads\/2017\/11\/elab-2-226x146.jpg 226w, https:\/\/www.portalalerta.com.br\/wp-content\/uploads\/2017\/11\/elab-2-50x32.jpg 50w, https:\/\/www.portalalerta.com.br\/wp-content\/uploads\/2017\/11\/elab-2-116x75.jpg 116w\" sizes=\"(max-width: 310px) 100vw, 310px\" \/>Na decis\u00e3o, a desembargadora argumenta que \u201ccom a entrada em pauta da PEC em per\u00edodo voltado aos festejos natalinos e de in\u00edcio de novo ano, verifica-se que houve claro preju\u00edzo ao impetrante e eventuais parlamentares que tamb\u00e9m tivessem interesse em promover emendas ao projeto\u201d. Com isso, a tramita\u00e7\u00e3o da PEC deve ser paralisada pela ALBA at\u00e9 a apresenta\u00e7\u00e3o das informa\u00e7\u00f5es pelo Presidente do Legislativo e aprecia\u00e7\u00e3o dos Desembargadores.<\/p>\n<p style=\"text-align: justify;\">Para o deputado Hilton Coelho (PSOL), que fez o pedido da liminar ao TJ-BA, \u201ca decis\u00e3o judicial mostra a corre\u00e7\u00e3o das den\u00fancias feitas por n\u00f3s e pelas entidades sindicais representativas dos servidores p\u00fablicos estaduais. A sess\u00e3o ordin\u00e1ria realizada no dia 18 de dezembro, que aprovou o regime de prioridade para a PEC 158\/19, contou com a presen\u00e7a de apenas cinco deputados estaduais, sendo que a Constitui\u00e7\u00e3o Federal, a Constitui\u00e7\u00e3o Estadual e o Regimento Interno da Casa exigem a presen\u00e7a de no m\u00ednimo 32 deputados estaduais para haver qualquer delibera\u00e7\u00e3o\u201d, argumentou o deputado.<\/p>\n<p style=\"text-align: justify;\"><em>Fonte: Metro1<\/em><\/p>\n","protected":false},"excerpt":{"rendered":"<p>A desembargadora Rosita Falc\u00e3o de Almeida Maia, do Tribunal de Justi\u00e7a da Bahia (TJ-BA), decidiu no \u00faltimo s\u00e1bado (11) suspender a tramita\u00e7\u00e3o da Proposta de Emenda Constitucional (PEC) da Reforma da Previd\u00eancia na Assembleia Legislativa da Bahia (AL-BA). A\u00a0decis\u00e3o suspende\u00a0qualquer delibera\u00e7\u00e3o a seu respeito e ser\u00e1 mantida at\u00e9 o julgamento definitivo do m\u00e9rito do Mandado &hellip;<\/p>\n","protected":false},"author":2,"featured_media":4167,"comment_status":"open","ping_status":"open","sticky":false,"template":"","format":"standard","meta":{"om_disable_all_campaigns":false,"_monsterinsights_skip_tracking":false,"_monsterinsights_sitenote_active":false,"_monsterinsights_sitenote_note":"","_monsterinsights_sitenote_category":0,"footnotes":""},"categories":[33,70,69,21],"tags":[478,54,3323,188,748,622],"class_list":["post-20851","post","type-post","status-publish","format-standard","has-post-thumbnail","hentry","category-bahia","category-destaques","category-noticias2","category-politica","tag-alba","tag-bahia","tag-previdencia","tag-reforma-da-previdencia","tag-suspensao","tag-tj-ba"],"aioseo_notices":[],"_links":{"self":[{"href":"https:\/\/www.portalalerta.com.br\/index.php\/wp-json\/wp\/v2\/posts\/20851","targetHints":{"allow":["GET"]}}],"collection":[{"href":"https:\/\/www.portalalerta.com.br\/index.php\/wp-json\/wp\/v2\/posts"}],"about":[{"href":"https:\/\/www.portalalerta.com.br\/index.php\/wp-json\/wp\/v2\/types\/post"}],"author":[{"embeddable":true,"href":"https:\/\/www.portalalerta.com.br\/index.php\/wp-json\/wp\/v2\/users\/2"}],"replies":[{"embeddable":true,"href":"https:\/\/www.portalalerta.com.br\/index.php\/wp-json\/wp\/v2\/comments?post=20851"}],"version-history":[{"count":1,"href":"https:\/\/www.portalalerta.com.br\/index.php\/wp-json\/wp\/v2\/posts\/20851\/revisions"}],"predecessor-version":[{"id":20852,"href":"https:\/\/www.portalalerta.com.br\/index.php\/wp-json\/wp\/v2\/posts\/20851\/revisions\/20852"}],"wp:featuredmedia":[{"embeddable":true,"href":"https:\/\/www.portalalerta.com.br\/index.php\/wp-json\/wp\/v2\/media\/4167"}],"wp:attachment":[{"href":"https:\/\/www.portalalerta.com.br\/index.php\/wp-json\/wp\/v2\/media?parent=20851"}],"wp:term":[{"taxonomy":"category","embeddable":true,"href":"https:\/\/www.portalalerta.com.br\/index.php\/wp-json\/wp\/v2\/categories?post=20851"},{"taxonomy":"post_tag","embeddable":true,"href":"https:\/\/www.portalalerta.com.br\/index.php\/wp-json\/wp\/v2\/tags?post=20851"}],"curies":[{"name":"wp","href":"https:\/\/api.w.org\/{rel}","templated":true}]}}