{"id":20855,"date":"2020-01-14T16:09:25","date_gmt":"2020-01-14T19:09:25","guid":{"rendered":"https:\/\/www.portalalerta.com.br\/?p=20855"},"modified":"2020-01-14T16:09:25","modified_gmt":"2020-01-14T19:09:25","slug":"mancha-criminal-de-euclides-da-cunha-ba-ano-2019","status":"publish","type":"post","link":"https:\/\/www.portalalerta.com.br\/index.php\/2020\/01\/14\/mancha-criminal-de-euclides-da-cunha-ba-ano-2019\/","title":{"rendered":"Mancha Criminal de Euclides da Cunha-BA, ano 2019"},"content":{"rendered":"<p style=\"text-align: justify;\">Em 2019, Euclides da Cunha-BA registrou treze homic\u00eddios, um a mais que no ano passado, aumentando em 8% os crimes entre 2018 e 2019. Atualmente Euclides da Cunha \u00e9 habitada por 60.585 pessoas, de acordo com o \u00faltimo levantamento do IBGE. Desta forma, analisando em propor\u00e7\u00e3o, ficou com uma m\u00e9dia de 21 homic\u00eddios para cada 100.000 habitantes.<!--more--><\/p>\n<p style=\"text-align: justify;\">Por fim, se concluiu que o m\u00eas mais violento do ano, foi junho, registrando seis homic\u00eddios.\u00a0 dez destes crimes foram cometidos com arma de fogo, dois \u00e0 paulada, e um n\u00e3o informado.<\/p>\n<p style=\"text-align: justify;\">Vale ressaltar que estes dados s\u00e3o baseados em mat\u00e9rias jornal\u00edsticas do site PORTAL ALERTA, n\u00e3o incluindo mortes por interven\u00e7\u00f5es policiais, o que pode ser contestadas pelas autoridades policiais.<\/p>\n<p style=\"text-align: justify;\"><strong>Confira o Mapa:<\/strong><\/p>\n<p style=\"text-align: justify;\"><img fetchpriority=\"high\" decoding=\"async\" class=\"aligncenter wp-image-20856 size-full\" src=\"https:\/\/www.portalalerta.com.br\/wp-content\/uploads\/2020\/01\/Mancha-Criminal-Homic\u00eddios-Euclides-da-Cunha-2019.jpg\" alt=\"\" width=\"700\" height=\"500\" srcset=\"https:\/\/www.portalalerta.com.br\/wp-content\/uploads\/2020\/01\/Mancha-Criminal-Homic\u00eddios-Euclides-da-Cunha-2019.jpg 700w, https:\/\/www.portalalerta.com.br\/wp-content\/uploads\/2020\/01\/Mancha-Criminal-Homic\u00eddios-Euclides-da-Cunha-2019-336x240.jpg 336w, https:\/\/www.portalalerta.com.br\/wp-content\/uploads\/2020\/01\/Mancha-Criminal-Homic\u00eddios-Euclides-da-Cunha-2019-204x146.jpg 204w, https:\/\/www.portalalerta.com.br\/wp-content\/uploads\/2020\/01\/Mancha-Criminal-Homic\u00eddios-Euclides-da-Cunha-2019-50x36.jpg 50w, https:\/\/www.portalalerta.com.br\/wp-content\/uploads\/2020\/01\/Mancha-Criminal-Homic\u00eddios-Euclides-da-Cunha-2019-105x75.jpg 105w\" sizes=\"(max-width: 700px) 100vw, 700px\" \/><a href=\"http:\/\/www.portalalerta.com.br\/index.php\/2019\/03\/11\/duplo-homicidio-e-um-atentado-na-localidade-de-chao-vermelho-em-euclides-da-cunha-ba\/\"><strong>1 \u2013 Givaldo, idade n\u00e3o informada, em 09\/03\/2019<\/strong><\/a><\/p>\n<p style=\"text-align: justify;\"><strong>Local:<\/strong> N\u00e3o divulgado<\/p>\n<p style=\"text-align: justify;\"><strong>Meio Utilizado:<\/strong> Arma de Fogo<\/p>\n<p style=\"text-align: justify;\"><strong>Poss\u00edvel Motiva\u00e7\u00e3o:<\/strong> Desconhecida<\/p>\n<p style=\"text-align: justify;\">\n<p style=\"text-align: justify;\"><a href=\"http:\/\/www.portalalerta.com.br\/index.php\/2019\/03\/11\/duplo-homicidio-e-um-atentado-na-localidade-de-chao-vermelho-em-euclides-da-cunha-ba\/\"><strong>2 \u2013 Elvis, idade n\u00e3o informada, em 09\/03\/2019<\/strong><\/a><\/p>\n<p style=\"text-align: justify;\"><strong>Local:<\/strong> N\u00e3o divulgado<\/p>\n<p style=\"text-align: justify;\"><strong>Meio Utilizado:<\/strong> Arma de Fogo<\/p>\n<p style=\"text-align: justify;\"><strong>Poss\u00edvel Motiva\u00e7\u00e3o:<\/strong> Desconhecida<\/p>\n<p style=\"text-align: justify;\">\n<p style=\"text-align: justify;\"><a href=\"https:\/\/www.portalalerta.com.br\/index.php\/2019\/04\/25\/casal-e-assassinado-a-tiros-em-euclides-da-cunha-ambos-foram-encontrados-com-as-maos-amarradas\/\"><strong>3 \u2013 Evandro Rodrigues de Ara\u00fajo, 44 anos, em 25\/04\/2019<\/strong><\/a><\/p>\n<p style=\"text-align: justify;\"><strong>Local:<\/strong> Assentamento Remador da Jurema<\/p>\n<p style=\"text-align: justify;\"><strong>Meio Utilizado:<\/strong> Arma de Fogo<\/p>\n<p style=\"text-align: justify;\"><strong>Poss\u00edvel Motiva\u00e7\u00e3o:<\/strong> Desconhecida<\/p>\n<p style=\"text-align: justify;\">\n<p style=\"text-align: justify;\"><a href=\"https:\/\/www.portalalerta.com.br\/index.php\/2019\/04\/25\/casal-e-assassinado-a-tiros-em-euclides-da-cunha-ambos-foram-encontrados-com-as-maos-amarradas\/\"><strong>4 \u2013 Gilmara Souza de Hungria, idade n\u00e3o divulgada, em 25\/04\/2019<\/strong><\/a><\/p>\n<p style=\"text-align: justify;\"><strong>Local:<\/strong> Assentamento Remador da Jurema<\/p>\n<p style=\"text-align: justify;\"><strong>Meio Utilizado:<\/strong> Arma de fogo<\/p>\n<p style=\"text-align: justify;\"><strong>Poss\u00edvel Motiva\u00e7\u00e3o:<\/strong> Desconhecida<\/p>\n<p style=\"text-align: justify;\">\n<p style=\"text-align: justify;\"><a href=\"https:\/\/www.portalalerta.com.br\/index.php\/2019\/05\/22\/jovem-e-assassinado-em-euclides-da-cunha-ba\/\"><strong>5 \u2013 N\u00e3o identificado, em 21\/05\/2019<\/strong><\/a><\/p>\n<p style=\"text-align: justify;\"><strong>Local:<\/strong> BR 116<\/p>\n<p style=\"text-align: justify;\"><strong>Meio Utilizado:<\/strong> Disparo de arma de fogo<\/p>\n<p style=\"text-align: justify;\"><strong>Poss\u00edvel Motiva\u00e7\u00e3o:<\/strong> Desconhecida<\/p>\n<p style=\"text-align: justify;\">\n<p style=\"text-align: justify;\"><a href=\"https:\/\/www.portalalerta.com.br\/index.php\/2019\/06\/03\/jovem-morto-a-paulada-e-encontrado-na-zona-suburbana-de-euclides-da-cunha-ba\/\"><strong>6 \u2013 N\u00e3o identificado, em 1\u00ba\/06\/2019<\/strong><\/a><\/p>\n<p style=\"text-align: justify;\"><strong>Local:<\/strong> Per\u00edmetro Suburbano<\/p>\n<p style=\"text-align: justify;\"><strong>Meio Utilizado:<\/strong> Paulada<\/p>\n<p style=\"text-align: justify;\"><strong>Poss\u00edvel Motiva\u00e7\u00e3o:<\/strong> Desconhecida<\/p>\n<p style=\"text-align: justify;\">\n<p style=\"text-align: justify;\"><a href=\"https:\/\/www.portalalerta.com.br\/index.php\/2019\/06\/21\/policial-militar-e-morto-a-tiros-em-euclides-da-cunha-ba\/\"><strong>7 \u2013 Erisvaldo dos Santos Pereira, idade n\u00e3o divulgada, em 21\/06\/2019<\/strong><\/a><\/p>\n<p style=\"text-align: justify;\"><strong>Local:<\/strong> Anel Rodovi\u00e1rio<\/p>\n<p style=\"text-align: justify;\"><strong>Meio Utilizado:<\/strong> Arma de Fogo<\/p>\n<p style=\"text-align: justify;\"><strong>Poss\u00edvel Motiva\u00e7\u00e3o:<\/strong> Confus\u00e3o<\/p>\n<p style=\"text-align: justify;\">\n<p style=\"text-align: justify;\"><a href=\"https:\/\/www.portalalerta.com.br\/index.php\/2019\/06\/23\/tres-homicidios-sao-registrados-em-euclides-da-cunha-ba\/\"><strong>8 \u2013 Gegeu, em 21\/06\/2019<\/strong><\/a><\/p>\n<p style=\"text-align: justify;\"><strong>Local:<\/strong> Bairro populares<\/p>\n<p style=\"text-align: justify;\"><strong>Meio Utilizado:<\/strong> arma de fogo<\/p>\n<p style=\"text-align: justify;\"><strong>Poss\u00edvel Motiva\u00e7\u00e3o:<\/strong> desconhecida<\/p>\n<p style=\"text-align: justify;\">\n<p style=\"text-align: justify;\"><a href=\"https:\/\/www.portalalerta.com.br\/index.php\/2019\/06\/23\/tres-homicidios-sao-registrados-em-euclides-da-cunha-ba\/\"><strong>9 \u2013 Cosme Camb\u00e3o, em 21\/06\/2019<\/strong><\/a><\/p>\n<p style=\"text-align: justify;\"><strong>Local:<\/strong> Bairro Populares<\/p>\n<p style=\"text-align: justify;\"><strong>Meio Utilizado:<\/strong> Arma de fogo<\/p>\n<p style=\"text-align: justify;\"><strong>Poss\u00edvel Motiva\u00e7\u00e3o:<\/strong> Desconhecida<\/p>\n<p style=\"text-align: justify;\">\n<p style=\"text-align: justify;\"><a href=\"https:\/\/www.portalalerta.com.br\/index.php\/2019\/06\/23\/tres-homicidios-sao-registrados-em-euclides-da-cunha-ba\/\"><strong>10 \u2013 Joaquim Batista dos Santos Junior (Junior de Nunum), em 22\/06\/2019<\/strong><\/a><\/p>\n<p style=\"text-align: justify;\"><strong>Local:<\/strong> Bairro Populares<\/p>\n<p style=\"text-align: justify;\"><strong>Meio Utilizado:<\/strong> Arma de fogo<\/p>\n<p style=\"text-align: justify;\"><strong>Poss\u00edvel Motiva\u00e7\u00e3o:<\/strong> Desconhecida<\/p>\n<p style=\"text-align: justify;\">\n<p style=\"text-align: justify;\"><a href=\"https:\/\/www.portalalerta.com.br\/index.php\/2019\/07\/02\/euclides-da-cunha-ba-volta-a-registrar-mais-um-homicidio-3\/\"><strong>11 \u2013 \u00cdcaro Torres da Silva, 27 anos, em 28\/06\/2019<\/strong><\/a><\/p>\n<p style=\"text-align: justify;\"><strong>Local:<\/strong> BR 116, pr\u00f3ximo ao Hospital Portugu\u00eas<\/p>\n<p style=\"text-align: justify;\"><strong>Meio Utilizado:<\/strong> Arma de fogo<\/p>\n<p style=\"text-align: justify;\"><strong>Poss\u00edvel Motiva\u00e7\u00e3o:<\/strong> Desconhecida<\/p>\n<p style=\"text-align: justify;\">\n<p style=\"text-align: justify;\"><a href=\"https:\/\/www.portaleuclidense.com.br\/2019\/07\/homem-e-assassinado-em-euclides-da.html\"><strong>12 \u2013 Teta, idade n\u00e3o divulgada, em 27\/07\/2019<\/strong><\/a><\/p>\n<p style=\"text-align: justify;\"><strong>Local:<\/strong> Rua Maria Quit\u00e9ria<\/p>\n<p style=\"text-align: justify;\"><strong>Meio Utilizado:<\/strong> N\u00e3o informado<\/p>\n<p style=\"text-align: justify;\"><strong>Poss\u00edvel Motiva\u00e7\u00e3o:<\/strong> Discuss\u00e3o<\/p>\n<p style=\"text-align: justify;\">\n<p style=\"text-align: justify;\"><a href=\"https:\/\/www.portalalerta.com.br\/index.php\/2019\/12\/20\/operacao-feliz-natal-policia-civil-cumpre-mandados-de-prisao-em-euclides-da-cunha-ba-e-regiao\/\"><strong>13 \u2013 Gilberto de Jesus dos Santos, idade n\u00e3o divulgada, em 14\/12\/2019<\/strong><\/a><\/p>\n<p style=\"text-align: justify;\"><strong>Local:<\/strong> Bairro Populares<\/p>\n<p style=\"text-align: justify;\"><strong>Meio Utilizado:<\/strong> Paulada<\/p>\n<p style=\"text-align: justify;\"><strong>Poss\u00edvel Motiva\u00e7\u00e3o:<\/strong> Discuss\u00e3o<\/p>\n<p style=\"text-align: justify;\">\n<p style=\"text-align: justify;\">Confira o gr\u00e1fico do Comparativo Mensal, entre 2018 e 2019:<\/p>\n<p style=\"text-align: justify;\"><em><img decoding=\"async\" class=\"aligncenter wp-image-20857 size-full\" src=\"https:\/\/www.portalalerta.com.br\/wp-content\/uploads\/2020\/01\/Comparativo-Mensal-de-Homic\u00eddios-em-Euclides-da-Cunha-2018-e-2019.jpg\" alt=\"\" width=\"550\" height=\"350\" srcset=\"https:\/\/www.portalalerta.com.br\/wp-content\/uploads\/2020\/01\/Comparativo-Mensal-de-Homic\u00eddios-em-Euclides-da-Cunha-2018-e-2019.jpg 550w, https:\/\/www.portalalerta.com.br\/wp-content\/uploads\/2020\/01\/Comparativo-Mensal-de-Homic\u00eddios-em-Euclides-da-Cunha-2018-e-2019-377x240.jpg 377w, https:\/\/www.portalalerta.com.br\/wp-content\/uploads\/2020\/01\/Comparativo-Mensal-de-Homic\u00eddios-em-Euclides-da-Cunha-2018-e-2019-229x146.jpg 229w, https:\/\/www.portalalerta.com.br\/wp-content\/uploads\/2020\/01\/Comparativo-Mensal-de-Homic\u00eddios-em-Euclides-da-Cunha-2018-e-2019-50x32.jpg 50w, https:\/\/www.portalalerta.com.br\/wp-content\/uploads\/2020\/01\/Comparativo-Mensal-de-Homic\u00eddios-em-Euclides-da-Cunha-2018-e-2019-118x75.jpg 118w\" sizes=\"(max-width: 550px) 100vw, 550px\" \/>Reda\u00e7\u00e3o: Portal Alerta<\/em><\/p>\n","protected":false},"excerpt":{"rendered":"<p>Em 2019, Euclides da Cunha-BA registrou treze homic\u00eddios, um a mais que no ano passado, aumentando em 8% os crimes entre 2018 e 2019. Atualmente Euclides da Cunha \u00e9 habitada por 60.585 pessoas, de acordo com o \u00faltimo levantamento do IBGE. Desta forma, analisando em propor\u00e7\u00e3o, ficou com uma m\u00e9dia de 21 homic\u00eddios para cada &hellip;<\/p>\n","protected":false},"author":2,"featured_media":13327,"comment_status":"open","ping_status":"open","sticky":false,"template":"","format":"standard","meta":{"om_disable_all_campaigns":false,"_monsterinsights_skip_tracking":false,"_monsterinsights_sitenote_active":false,"_monsterinsights_sitenote_note":"","_monsterinsights_sitenote_category":0,"footnotes":""},"categories":[17,69,32,22],"tags":[1887,129,2074,500],"class_list":["post-20855","post","type-post","status-publish","format-standard","has-post-thumbnail","hentry","category-euclides-da-cunha","category-noticias2","category-regiao","category-seguranca","tag-1887","tag-euclides-da-cunha","tag-homicidios","tag-mancha-criminal"],"aioseo_notices":[],"_links":{"self":[{"href":"https:\/\/www.portalalerta.com.br\/index.php\/wp-json\/wp\/v2\/posts\/20855","targetHints":{"allow":["GET"]}}],"collection":[{"href":"https:\/\/www.portalalerta.com.br\/index.php\/wp-json\/wp\/v2\/posts"}],"about":[{"href":"https:\/\/www.portalalerta.com.br\/index.php\/wp-json\/wp\/v2\/types\/post"}],"author":[{"embeddable":true,"href":"https:\/\/www.portalalerta.com.br\/index.php\/wp-json\/wp\/v2\/users\/2"}],"replies":[{"embeddable":true,"href":"https:\/\/www.portalalerta.com.br\/index.php\/wp-json\/wp\/v2\/comments?post=20855"}],"version-history":[{"count":1,"href":"https:\/\/www.portalalerta.com.br\/index.php\/wp-json\/wp\/v2\/posts\/20855\/revisions"}],"predecessor-version":[{"id":20858,"href":"https:\/\/www.portalalerta.com.br\/index.php\/wp-json\/wp\/v2\/posts\/20855\/revisions\/20858"}],"wp:featuredmedia":[{"embeddable":true,"href":"https:\/\/www.portalalerta.com.br\/index.php\/wp-json\/wp\/v2\/media\/13327"}],"wp:attachment":[{"href":"https:\/\/www.portalalerta.com.br\/index.php\/wp-json\/wp\/v2\/media?parent=20855"}],"wp:term":[{"taxonomy":"category","embeddable":true,"href":"https:\/\/www.portalalerta.com.br\/index.php\/wp-json\/wp\/v2\/categories?post=20855"},{"taxonomy":"post_tag","embeddable":true,"href":"https:\/\/www.portalalerta.com.br\/index.php\/wp-json\/wp\/v2\/tags?post=20855"}],"curies":[{"name":"wp","href":"https:\/\/api.w.org\/{rel}","templated":true}]}}