{"id":20867,"date":"2020-01-14T16:37:46","date_gmt":"2020-01-14T19:37:46","guid":{"rendered":"https:\/\/www.portalalerta.com.br\/?p=20867"},"modified":"2020-01-14T16:54:08","modified_gmt":"2020-01-14T19:54:08","slug":"nova-pec-da-previdencia-deve-chegar-ainda-nesta-terca-na-al-ba","status":"publish","type":"post","link":"https:\/\/www.portalalerta.com.br\/index.php\/2020\/01\/14\/nova-pec-da-previdencia-deve-chegar-ainda-nesta-terca-na-al-ba\/","title":{"rendered":"Nova PEC da previd\u00eancia deve chegar ainda nesta ter\u00e7a na AL-BA"},"content":{"rendered":"<p style=\"text-align: justify;\">O governo do estado pretende reenviar uma nova Proposta de Emenda \u00e0 Constitui\u00e7\u00e3o (PEC) para alterar o regime previdenci\u00e1rio na Bahia ainda nesta ter\u00e7a-feira (14). A mat\u00e9ria poder\u00e1 ir para vota\u00e7\u00e3o esta semana, de acordo com a lideran\u00e7a de governo do Legislativo estadual. A nova proposta chega horas depois do governador Rui Costa anunciar que retirou o projeto inicial para melhorar a proposta\u00a0e um dia depois da Justi\u00e7a interromper a tramita\u00e7\u00e3o da PEC inicial.\u00a0<!--more--><\/p>\n<p style=\"text-align: justify;\">\u201cO governo vai apresentar uma nova proposta com os pontos negociados ainda hoje, reabrindo os prazos e, com isso, teremos uma vota\u00e7\u00e3o dentro do regimento\u201d, afirmou o l\u00edder de Rui na AL-BA, Rosemberg Pinto (PT).<\/p>\n<p style=\"text-align: justify;\">De acordo com o l\u00edder, a atitude de Rui em reenviar a reforma da Previd\u00eancia\u00a0demonstra a sensibilidade do governo em buscar o di\u00e1logo e avaliar em conjunto com os parlamentares uma reforma, que \u00e9 obrigat\u00f3ria, e que n\u00e3o tenha tanto impacto na vida do servidor estadual. \u201cSensatez do governador Rui Costa. No que pese entendermos que n\u00e3o h\u00e1 nenhum erro na tramita\u00e7\u00e3o, est\u00e1 tudo previsto em nosso regimento. O governador tomou a decis\u00e3o correta\u201d, afirmou.<\/p>\n<p style=\"text-align: justify;\">De acordo com a secret\u00e1ria de Rela\u00e7\u00f5es Institucionais de Rui, Cibele Carvalho (PT), uma comiss\u00e3o de deputados levou ao governo altera\u00e7\u00f5es pedidas pelo sindicatos, o que motivou o novo texto que ainda ter\u00e1 seu impacto or\u00e7ament\u00e1rio analisado. \u201cDesde dezembro estamos conversando sobre esse tema\u201d, disse.<\/p>\n<p style=\"text-align: justify;\">No entanto, a PEC da previd\u00eancia s\u00f3 foi retirada nesta ter\u00e7a-feira (14) ap\u00f3s ter tramita\u00e7\u00e3o interrompida pela Justi\u00e7a. O deputado estadual Hilton Coelho (PSOL) conseguiu no Tribunal de Justi\u00e7a da Bahia (TJ-BA) uma liminar para interromper o andamento da PEC no Legislativo. A desembargadora Rosita Falc\u00e3o de Almeida Maia entendeu que n\u00e3o foram respeitados os prazos para a adi\u00e7\u00e3o de emendas quando a proposta teve regime de prioridade aprovado no final de dezembro do \u00faltimo ano.<\/p>\n<p style=\"text-align: justify;\"><strong><img fetchpriority=\"high\" decoding=\"async\" class=\"size-thumbnail wp-image-4869 aligncenter\" src=\"https:\/\/www.portalalerta.com.br\/wp-content\/uploads\/2018\/02\/Auto-Escola-Nobre-720x181.jpg\" alt=\"\" width=\"720\" height=\"181\" srcset=\"https:\/\/www.portalalerta.com.br\/wp-content\/uploads\/2018\/02\/Auto-Escola-Nobre.jpg 720w, https:\/\/www.portalalerta.com.br\/wp-content\/uploads\/2018\/02\/Auto-Escola-Nobre-260x65.jpg 260w, https:\/\/www.portalalerta.com.br\/wp-content\/uploads\/2018\/02\/Auto-Escola-Nobre-50x13.jpg 50w, https:\/\/www.portalalerta.com.br\/wp-content\/uploads\/2018\/02\/Auto-Escola-Nobre-150x38.jpg 150w\" sizes=\"(max-width: 720px) 100vw, 720px\" \/>TRAMITA\u00c7\u00c3O<\/strong><br \/>\nA PEC da Previd\u00eancia chegou ao Legislativo em dezembro de 2019, no dia em que a AL-BA entrou em recesso. Com um plen\u00e1rio vazio, com um pouco mais de cinco deputados, o parlamento aprovou de surpresa um requerimento de prioridade para PEC da Previd\u00eancia.<\/p>\n<p style=\"text-align: justify;\">A tramita\u00e7\u00e3o da mat\u00e9ria foi questionada pelo deputado estadual Hilton Coelho (PSOL) e suspensa em decis\u00e3o liminar do Tribunal de Justi\u00e7a do Estado, ap\u00f3s a desembargadora Rosita Falc\u00e3o de Almeida Maia entender que n\u00e3o foram respeitados os prazos para a adi\u00e7\u00e3o de emendas quando a proposta teve regime de prioridade aprovado no final de dezembro do \u00faltimo ano.<\/p>\n<p style=\"text-align: justify;\"><strong>CONVOCA\u00c7\u00c3O<\/strong><br \/>\nO governador convocou a Assembleia Legislativa em car\u00e1ter extraordin\u00e1rio para votar a PEC da Previd\u00eancia e outros projetos. Os 63 deputados estaduais voltaram ao trabalho nesta segunda (13) para votar seis projetos do Poder Executivo durante as f\u00e9rias parlamentares e por isso recebem at\u00e9 R$ 50 mil de &#8220;ajuda de custo&#8221;. O valor corresponde a dois sal\u00e1rios de deputados, um pago no in\u00edcio da convoca\u00e7\u00e3o e outro no fim.<\/p>\n<p style=\"text-align: justify;\"><em>Fonte: Bahia Not\u00edcias<\/em><\/p>\n","protected":false},"excerpt":{"rendered":"<p>O governo do estado pretende reenviar uma nova Proposta de Emenda \u00e0 Constitui\u00e7\u00e3o (PEC) para alterar o regime previdenci\u00e1rio na Bahia ainda nesta ter\u00e7a-feira (14). A mat\u00e9ria poder\u00e1 ir para vota\u00e7\u00e3o esta semana, de acordo com a lideran\u00e7a de governo do Legislativo estadual. A nova proposta chega horas depois do governador Rui Costa anunciar que &hellip;<\/p>\n","protected":false},"author":2,"featured_media":4167,"comment_status":"open","ping_status":"open","sticky":false,"template":"","format":"standard","meta":{"om_disable_all_campaigns":false,"_monsterinsights_skip_tracking":false,"_monsterinsights_sitenote_active":false,"_monsterinsights_sitenote_note":"","_monsterinsights_sitenote_category":0,"footnotes":""},"categories":[33,70,69,21],"tags":[478,54,2581,188],"class_list":["post-20867","post","type-post","status-publish","format-standard","has-post-thumbnail","hentry","category-bahia","category-destaques","category-noticias2","category-politica","tag-alba","tag-bahia","tag-pec","tag-reforma-da-previdencia"],"aioseo_notices":[],"_links":{"self":[{"href":"https:\/\/www.portalalerta.com.br\/index.php\/wp-json\/wp\/v2\/posts\/20867","targetHints":{"allow":["GET"]}}],"collection":[{"href":"https:\/\/www.portalalerta.com.br\/index.php\/wp-json\/wp\/v2\/posts"}],"about":[{"href":"https:\/\/www.portalalerta.com.br\/index.php\/wp-json\/wp\/v2\/types\/post"}],"author":[{"embeddable":true,"href":"https:\/\/www.portalalerta.com.br\/index.php\/wp-json\/wp\/v2\/users\/2"}],"replies":[{"embeddable":true,"href":"https:\/\/www.portalalerta.com.br\/index.php\/wp-json\/wp\/v2\/comments?post=20867"}],"version-history":[{"count":3,"href":"https:\/\/www.portalalerta.com.br\/index.php\/wp-json\/wp\/v2\/posts\/20867\/revisions"}],"predecessor-version":[{"id":20872,"href":"https:\/\/www.portalalerta.com.br\/index.php\/wp-json\/wp\/v2\/posts\/20867\/revisions\/20872"}],"wp:featuredmedia":[{"embeddable":true,"href":"https:\/\/www.portalalerta.com.br\/index.php\/wp-json\/wp\/v2\/media\/4167"}],"wp:attachment":[{"href":"https:\/\/www.portalalerta.com.br\/index.php\/wp-json\/wp\/v2\/media?parent=20867"}],"wp:term":[{"taxonomy":"category","embeddable":true,"href":"https:\/\/www.portalalerta.com.br\/index.php\/wp-json\/wp\/v2\/categories?post=20867"},{"taxonomy":"post_tag","embeddable":true,"href":"https:\/\/www.portalalerta.com.br\/index.php\/wp-json\/wp\/v2\/tags?post=20867"}],"curies":[{"name":"wp","href":"https:\/\/api.w.org\/{rel}","templated":true}]}}