{"id":20879,"date":"2020-01-14T22:21:56","date_gmt":"2020-01-15T01:21:56","guid":{"rendered":"https:\/\/www.portalalerta.com.br\/?p=20879"},"modified":"2020-01-14T22:43:25","modified_gmt":"2020-01-15T01:43:25","slug":"imagens-mostram-que-aviao-ucraniano-foi-derrubado-por-dois-misseis-no-ira","status":"publish","type":"post","link":"https:\/\/www.portalalerta.com.br\/index.php\/2020\/01\/14\/imagens-mostram-que-aviao-ucraniano-foi-derrubado-por-dois-misseis-no-ira\/","title":{"rendered":"Imagens mostram que avi\u00e3o ucraniano foi derrubado por dois m\u00edsseis no Ir\u00e3"},"content":{"rendered":"<p style=\"text-align: justify;\">Imagens de uma c\u00e2mera de seguran\u00e7a mostram que o avi\u00e3o ucraniano derrubado pelo Ir\u00e3 no \u00faltimo dia 8 foi atingido por dois m\u00edsseis disparados em um intervalo de 30 segundos.<!--more--><\/p>\n<p style=\"text-align: justify;\">O jornal \u201cNew York Times\u201d garante ter atestado a veracidade das imagens, que viralizaram na internet e foram veiculadas por outros canais televisivos, como o Al Arabiya.<\/p>\n<p style=\"text-align: justify;\">Todos os 176 ocupantes do avi\u00e3o morreram depois do ataque. No \u00faltimo s\u00e1bado, ap\u00f3s dias afirmando que a queda havia sido acidental, as autoridades iranianas admitiram que seus militares derrubaram sem inten\u00e7\u00e3o o voo 752 da Ukranian Airlines, que saiu de Teer\u00e3 e tinha Kiev como destino.<\/p>\n<p style=\"text-align: justify;\"><img fetchpriority=\"high\" decoding=\"async\" class=\"aligncenter wp-image-20881 size-full\" src=\"https:\/\/www.portalalerta.com.br\/wp-content\/uploads\/2020\/01\/Avi\u00e3o-Derrubado-no-Ir\u00e3-2020.2.jpg\" alt=\"\" width=\"500\" height=\"300\" srcset=\"https:\/\/www.portalalerta.com.br\/wp-content\/uploads\/2020\/01\/Avi\u00e3o-Derrubado-no-Ir\u00e3-2020.2.jpg 500w, https:\/\/www.portalalerta.com.br\/wp-content\/uploads\/2020\/01\/Avi\u00e3o-Derrubado-no-Ir\u00e3-2020.2-400x240.jpg 400w, https:\/\/www.portalalerta.com.br\/wp-content\/uploads\/2020\/01\/Avi\u00e3o-Derrubado-no-Ir\u00e3-2020.2-243x146.jpg 243w, https:\/\/www.portalalerta.com.br\/wp-content\/uploads\/2020\/01\/Avi\u00e3o-Derrubado-no-Ir\u00e3-2020.2-50x30.jpg 50w, https:\/\/www.portalalerta.com.br\/wp-content\/uploads\/2020\/01\/Avi\u00e3o-Derrubado-no-Ir\u00e3-2020.2-125x75.jpg 125w, https:\/\/www.portalalerta.com.br\/wp-content\/uploads\/2020\/01\/Avi\u00e3o-Derrubado-no-Ir\u00e3-2020.2-250x150.jpg 250w\" sizes=\"(max-width: 500px) 100vw, 500px\" \/>De acordo com informa\u00e7\u00f5es do ex\u00e9rcito iraniano, o avi\u00e3o voava pr\u00f3ximo a um local sens\u00edvel e foi derrubado gra\u00e7as a um erro humano.\u00a0Em comunicado, lido na TV estatal, autoridades afirmaram que as partes respons\u00e1veis ser\u00e3o punidas.<\/p>\n<p style=\"text-align: justify;\"><img decoding=\"async\" class=\"size-full wp-image-2902 alignleft\" src=\"https:\/\/www.portalalerta.com.br\/wp-content\/uploads\/2017\/11\/elab-2.jpg\" alt=\"\" width=\"310\" height=\"200\" srcset=\"https:\/\/www.portalalerta.com.br\/wp-content\/uploads\/2017\/11\/elab-2.jpg 310w, https:\/\/www.portalalerta.com.br\/wp-content\/uploads\/2017\/11\/elab-2-226x146.jpg 226w, https:\/\/www.portalalerta.com.br\/wp-content\/uploads\/2017\/11\/elab-2-50x32.jpg 50w, https:\/\/www.portalalerta.com.br\/wp-content\/uploads\/2017\/11\/elab-2-116x75.jpg 116w\" sizes=\"(max-width: 310px) 100vw, 310px\" \/>Segundo o comandante das for\u00e7as aeroespaciais Amir Ali Hajizadeh, a Guarda Revolucion\u00e1ria aceita a responsabilidade total pelo ocorrido. Ele ainda alegou que o operador do sistema de defesa confundiu o avi\u00e3o com um m\u00edssil de cruzeiro.<\/p>\n<p style=\"text-align: justify;\">Hajizadeh diz que a Guarda Revolucionaria havia solicitado que avi\u00f5es comerciais evitassem voar na \u00e1rea, mas o pedido foi ignorado.<\/p>\n<p style=\"text-align: justify;\">No \u00faltimo dia 9, Justin Trudeau, primeiro-ministro canadense, disse que o Canad\u00e1 possu\u00eda \u201cinforma\u00e7\u00f5es de v\u00e1rias fontes\u201d apontando que \u201co avi\u00e3o foi abatido por um m\u00edssil iraniano\u201d. Na sua declara\u00e7\u00e3o, Trudeau confirmou que as fontes tamb\u00e9m garantiam que a queda foi resultado de um engano.<\/p>\n<p style=\"text-align: justify;\">Antes, o presidente americano Donald Trump falou &#8220;suspeitas&#8221; sobre a queda do avi\u00e3o ucraniano. &#8220;Estava voando em uma \u00e1rea bastante dif\u00edcil e algu\u00e9m poderia ter se enganado&#8221;.<\/p>\n<p style=\"text-align: justify;\"><em>Fonte: Yahoo Not\u00edcias<\/em><\/p>\n","protected":false},"excerpt":{"rendered":"<p>Imagens de uma c\u00e2mera de seguran\u00e7a mostram que o avi\u00e3o ucraniano derrubado pelo Ir\u00e3 no \u00faltimo dia 8 foi atingido por dois m\u00edsseis disparados em um intervalo de 30 segundos.<\/p>\n","protected":false},"author":2,"featured_media":20880,"comment_status":"open","ping_status":"open","sticky":false,"template":"","format":"standard","meta":{"om_disable_all_campaigns":false,"_monsterinsights_skip_tracking":false,"_monsterinsights_sitenote_active":false,"_monsterinsights_sitenote_note":"","_monsterinsights_sitenote_category":0,"footnotes":""},"categories":[70,35,69,22],"tags":[226,324,609,339,3331],"class_list":["post-20879","post","type-post","status-publish","format-standard","has-post-thumbnail","hentry","category-destaques","category-mundo","category-noticias2","category-seguranca","tag-ataque","tag-aviao","tag-ira","tag-mundo","tag-ucrania"],"aioseo_notices":[],"_links":{"self":[{"href":"https:\/\/www.portalalerta.com.br\/index.php\/wp-json\/wp\/v2\/posts\/20879","targetHints":{"allow":["GET"]}}],"collection":[{"href":"https:\/\/www.portalalerta.com.br\/index.php\/wp-json\/wp\/v2\/posts"}],"about":[{"href":"https:\/\/www.portalalerta.com.br\/index.php\/wp-json\/wp\/v2\/types\/post"}],"author":[{"embeddable":true,"href":"https:\/\/www.portalalerta.com.br\/index.php\/wp-json\/wp\/v2\/users\/2"}],"replies":[{"embeddable":true,"href":"https:\/\/www.portalalerta.com.br\/index.php\/wp-json\/wp\/v2\/comments?post=20879"}],"version-history":[{"count":2,"href":"https:\/\/www.portalalerta.com.br\/index.php\/wp-json\/wp\/v2\/posts\/20879\/revisions"}],"predecessor-version":[{"id":20883,"href":"https:\/\/www.portalalerta.com.br\/index.php\/wp-json\/wp\/v2\/posts\/20879\/revisions\/20883"}],"wp:featuredmedia":[{"embeddable":true,"href":"https:\/\/www.portalalerta.com.br\/index.php\/wp-json\/wp\/v2\/media\/20880"}],"wp:attachment":[{"href":"https:\/\/www.portalalerta.com.br\/index.php\/wp-json\/wp\/v2\/media?parent=20879"}],"wp:term":[{"taxonomy":"category","embeddable":true,"href":"https:\/\/www.portalalerta.com.br\/index.php\/wp-json\/wp\/v2\/categories?post=20879"},{"taxonomy":"post_tag","embeddable":true,"href":"https:\/\/www.portalalerta.com.br\/index.php\/wp-json\/wp\/v2\/tags?post=20879"}],"curies":[{"name":"wp","href":"https:\/\/api.w.org\/{rel}","templated":true}]}}