{"id":20884,"date":"2020-01-14T22:49:19","date_gmt":"2020-01-15T01:49:19","guid":{"rendered":"https:\/\/www.portalalerta.com.br\/?p=20884"},"modified":"2020-01-14T22:49:19","modified_gmt":"2020-01-15T01:49:19","slug":"salario-minimo-proposto-por-bolsonaro-seria-de-r-1-045-impacto-e-estimado-em-r-213-bi","status":"publish","type":"post","link":"https:\/\/www.portalalerta.com.br\/index.php\/2020\/01\/14\/salario-minimo-proposto-por-bolsonaro-seria-de-r-1-045-impacto-e-estimado-em-r-213-bi\/","title":{"rendered":"Sal\u00e1rio m\u00ednimo proposto por Bolsonaro seria de R$ 1.045; impacto \u00e9 estimado em R$ 2,13 bi"},"content":{"rendered":"<p style=\"text-align: justify;\">O sal\u00e1rio m\u00ednimo em 2020 pode subir a R$ 1.045,00 para repor integralmente a infla\u00e7\u00e3o do ano passado, afirmou nesta ter\u00e7a-feira o secret\u00e1rio especial de Fazenda, Waldery Rodrigues, destacando que a eleva\u00e7\u00e3o impactar\u00e1 as despesas no ano em 2,13 bilh\u00f5es de reais.<!--more--><\/p>\n<p style=\"text-align: justify;\">Em coletiva de imprensa, Waldery frisou que a decis\u00e3o caber\u00e1 ao presidente Jair Bolsonaro, que j\u00e1 deu indica\u00e7\u00f5es nesta manh\u00e3 de ser a favor da investida.<\/p>\n<p style=\"text-align: justify;\">Uma reuni\u00e3o entre Bolsonaro e o ministro da Economia, Paulo Guedes, ser\u00e1 realizada nesta tarde para tratar do assunto, acrescentou o secret\u00e1rio.<\/p>\n<p style=\"text-align: justify;\">Ele lembrou que o valor anteriormente fixado para o sal\u00e1rio m\u00ednimo, de 1.039 reais, havia levado em conta as proje\u00e7\u00f5es para o INPC em dezembro. Mas o resultado acabou vindo acima do esperado por conta da alta no pre\u00e7o das carnes.<\/p>\n<p style=\"text-align: justify;\">Cada 1 real a mais no sal\u00e1rio m\u00ednimo implica eleva\u00e7\u00e3o de gastos de 355 milh\u00f5es de reais em 2020, uma vez que o m\u00ednimo baliza benef\u00edcios como aposentadoria, Benef\u00edcio de Presta\u00e7\u00e3o Continuada (BPC), seguro desemprego e abono salarial.<\/p>\n<p style=\"text-align: justify;\">De acordo com Waldery, o governo ainda est\u00e1 estudando se o eventual aumento poder\u00e1 ser estabelecido via nova Medida Provis\u00f3ria (MP) ou n\u00e3o.<\/p>\n<p style=\"text-align: justify;\">Ele disse ainda que, caso ele seja efetivado, a equipe econ\u00f4mica ir\u00e1 incorporar esse impacto no primeiro relat\u00f3rio de receitas e despesas do ano.<\/p>\n<p style=\"text-align: justify;\">A princ\u00edpio, esse documento ser\u00e1 publicado em mar\u00e7o, conforme calend\u00e1rio estipulado em lei, mas o governo pode divulgar um relat\u00f3rio extempor\u00e2neo antes disso.<\/p>\n<p style=\"text-align: justify;\">O secret\u00e1rio pontuou que ganhos na receita &#8211;como, por exemplo, com maior expans\u00e3o do Produto Interno Bruto (PIB) neste ano&#8211; podem compensar esse aumento. Nesta ter\u00e7a-feira, o governo elevou suas estimativas para o crescimento do PIB a 2,4% em 2020, de 2,32% antes.<\/p>\n<p style=\"text-align: justify;\">Por outro lado, ainda n\u00e3o h\u00e1 clareza se h\u00e1 espa\u00e7o dispon\u00edvel para o aumento no m\u00ednimo sem ferir a regra do teto de gastos, reconheceu Waldery. Caso preciso, o governo ter\u00e1 que cancelar outras despesas para acomodar essa eleva\u00e7\u00e3o.<\/p>\n<p style=\"text-align: justify;\"><strong><img fetchpriority=\"high\" decoding=\"async\" class=\"size-thumbnail wp-image-4869 aligncenter\" src=\"https:\/\/www.portalalerta.com.br\/wp-content\/uploads\/2018\/02\/Auto-Escola-Nobre-720x181.jpg\" alt=\"\" width=\"720\" height=\"181\" srcset=\"https:\/\/www.portalalerta.com.br\/wp-content\/uploads\/2018\/02\/Auto-Escola-Nobre.jpg 720w, https:\/\/www.portalalerta.com.br\/wp-content\/uploads\/2018\/02\/Auto-Escola-Nobre-260x65.jpg 260w, https:\/\/www.portalalerta.com.br\/wp-content\/uploads\/2018\/02\/Auto-Escola-Nobre-50x13.jpg 50w, https:\/\/www.portalalerta.com.br\/wp-content\/uploads\/2018\/02\/Auto-Escola-Nobre-150x38.jpg 150w\" sizes=\"(max-width: 720px) 100vw, 720px\" \/>ESFOR\u00c7O FISCAL<\/strong><\/p>\n<p style=\"text-align: justify;\">Waldery afirmou que o d\u00e9ficit prim\u00e1rio de 2019 ficar\u00e1 pr\u00f3ximo de 70 bilh\u00f5es de reais, com estabilidade para a d\u00edvida bruta.<\/p>\n<p style=\"text-align: justify;\">Para 2020, ele destacou que a d\u00edvida bruta como propor\u00e7\u00e3o do PIB n\u00e3o ultrapassar\u00e1 80%, flutuando com pequenas eleva\u00e7\u00f5es e redu\u00e7\u00f5es ao longo dos meses.<\/p>\n<p style=\"text-align: justify;\">Segundo Waldery, o resultado prim\u00e1rio necess\u00e1rio para estabilizar a d\u00edvida bruta\/PIB \u00e9 bem menor do que o calculado anteriormente, tendo ca\u00eddo &#8220;praticamente pela metade&#8221;.<\/p>\n<p style=\"text-align: justify;\">Mesmo assim, ele ressaltou que o governo deve seguir focado em seus esfor\u00e7os de ajuste fiscal, uma vez que o endividamento m\u00e9dio de pa\u00edses com perfil similar ao do Brasil \u00e9 mais baixo, da ordem de 50% do PIB.<\/p>\n<p style=\"text-align: justify;\">Nesse sentido, Waldery afirmou que o governo v\u00ea aprova\u00e7\u00e3o ainda no primeiro semestre da Proposta de Emenda \u00e0 Constitui\u00e7\u00e3o (PEC) Emergencial, com medidas de ajuste nas despesas obrigat\u00f3rias, e da PEC dos fundos, que desvincula recursos parados em fundos p\u00fablicos para melhor gest\u00e3o da d\u00edvida p\u00fablica.<\/p>\n<p style=\"text-align: justify;\"><em>Fonte: Yahoo Not\u00edcias<\/em><\/p>\n","protected":false},"excerpt":{"rendered":"<p>O sal\u00e1rio m\u00ednimo em 2020 pode subir a R$ 1.045,00 para repor integralmente a infla\u00e7\u00e3o do ano passado, afirmou nesta ter\u00e7a-feira o secret\u00e1rio especial de Fazenda, Waldery Rodrigues, destacando que a eleva\u00e7\u00e3o impactar\u00e1 as despesas no ano em 2,13 bilh\u00f5es de reais.<\/p>\n","protected":false},"author":2,"featured_media":3398,"comment_status":"open","ping_status":"open","sticky":false,"template":"","format":"standard","meta":{"om_disable_all_campaigns":false,"_monsterinsights_skip_tracking":false,"_monsterinsights_sitenote_active":false,"_monsterinsights_sitenote_note":"","_monsterinsights_sitenote_category":0,"footnotes":""},"categories":[34,70,69,21],"tags":[2069,93,1395,199,1152,272],"class_list":["post-20884","post","type-post","status-publish","format-standard","has-post-thumbnail","hentry","category-brasil","category-destaques","category-noticias2","category-politica","tag-2069","tag-brasil","tag-jair-bolsonaro","tag-politica","tag-presidente-da-republica","tag-salario-minimo"],"aioseo_notices":[],"_links":{"self":[{"href":"https:\/\/www.portalalerta.com.br\/index.php\/wp-json\/wp\/v2\/posts\/20884","targetHints":{"allow":["GET"]}}],"collection":[{"href":"https:\/\/www.portalalerta.com.br\/index.php\/wp-json\/wp\/v2\/posts"}],"about":[{"href":"https:\/\/www.portalalerta.com.br\/index.php\/wp-json\/wp\/v2\/types\/post"}],"author":[{"embeddable":true,"href":"https:\/\/www.portalalerta.com.br\/index.php\/wp-json\/wp\/v2\/users\/2"}],"replies":[{"embeddable":true,"href":"https:\/\/www.portalalerta.com.br\/index.php\/wp-json\/wp\/v2\/comments?post=20884"}],"version-history":[{"count":1,"href":"https:\/\/www.portalalerta.com.br\/index.php\/wp-json\/wp\/v2\/posts\/20884\/revisions"}],"predecessor-version":[{"id":20885,"href":"https:\/\/www.portalalerta.com.br\/index.php\/wp-json\/wp\/v2\/posts\/20884\/revisions\/20885"}],"wp:featuredmedia":[{"embeddable":true,"href":"https:\/\/www.portalalerta.com.br\/index.php\/wp-json\/wp\/v2\/media\/3398"}],"wp:attachment":[{"href":"https:\/\/www.portalalerta.com.br\/index.php\/wp-json\/wp\/v2\/media?parent=20884"}],"wp:term":[{"taxonomy":"category","embeddable":true,"href":"https:\/\/www.portalalerta.com.br\/index.php\/wp-json\/wp\/v2\/categories?post=20884"},{"taxonomy":"post_tag","embeddable":true,"href":"https:\/\/www.portalalerta.com.br\/index.php\/wp-json\/wp\/v2\/tags?post=20884"}],"curies":[{"name":"wp","href":"https:\/\/api.w.org\/{rel}","templated":true}]}}