{"id":20889,"date":"2020-01-14T23:45:04","date_gmt":"2020-01-15T02:45:04","guid":{"rendered":"https:\/\/www.portalalerta.com.br\/?p=20889"},"modified":"2020-01-14T23:45:04","modified_gmt":"2020-01-15T02:45:04","slug":"nova-etapa-do-projeto-glaucoma-em-ribeira-do-pombal-ba","status":"publish","type":"post","link":"https:\/\/www.portalalerta.com.br\/index.php\/2020\/01\/14\/nova-etapa-do-projeto-glaucoma-em-ribeira-do-pombal-ba\/","title":{"rendered":"Nova etapa do Projeto Glaucoma em Ribeira do Pombal-BA"},"content":{"rendered":"<p style=\"text-align: justify;\">No pr\u00f3ximo dia 22 de janeiro, a equipe do Projeto Glaucoma realizar\u00e1 novo atendimento em Ribeira do Pombal-BA. Como de costume o projeto, que funciona em parceria com a Secretaria de Sa\u00fade, vai receber os pacientes no Centro de Sa\u00fade contando com a moderna estrutura e equipe especializada na Secretaria.<!--more--><\/p>\n<p style=\"text-align: justify;\">Por\u00e9m nessa edi\u00e7\u00e3o o projeto traz uma novidade, com o in\u00edcio de uma nova etapa onde al\u00e9m dos pacientes que j\u00e1 fazem tratamento peri\u00f3dico da doen\u00e7a, tamb\u00e9m ser\u00e3o admitidas novas pessoas que esteja com o diagn\u00f3stico comprovado.<\/p>\n<p style=\"text-align: justify;\"><strong><img fetchpriority=\"high\" decoding=\"async\" class=\"size-full wp-image-2902 alignright\" src=\"https:\/\/www.portalalerta.com.br\/wp-content\/uploads\/2017\/11\/elab-2.jpg\" alt=\"\" width=\"310\" height=\"200\" srcset=\"https:\/\/www.portalalerta.com.br\/wp-content\/uploads\/2017\/11\/elab-2.jpg 310w, https:\/\/www.portalalerta.com.br\/wp-content\/uploads\/2017\/11\/elab-2-226x146.jpg 226w, https:\/\/www.portalalerta.com.br\/wp-content\/uploads\/2017\/11\/elab-2-50x32.jpg 50w, https:\/\/www.portalalerta.com.br\/wp-content\/uploads\/2017\/11\/elab-2-116x75.jpg 116w\" sizes=\"(max-width: 310px) 100vw, 310px\" \/>Os pacientes dever\u00e3o levar:<\/strong><\/p>\n<p style=\"text-align: justify;\">. C\u00f3pia de documento de identidade<br \/>\n. C\u00f3pia do cart\u00e3o do SUS<br \/>\n. C\u00f3pia de Comprovante de endere\u00e7o<br \/>\n. Receita anterior e cart\u00e3o do Projeto<\/p>\n<p style=\"text-align: justify;\"><em>Fonte: SECOM\/ Ribeira do Pombal<\/em><\/p>\n","protected":false},"excerpt":{"rendered":"<p>No pr\u00f3ximo dia 22 de janeiro, a equipe do Projeto Glaucoma realizar\u00e1 novo atendimento em Ribeira do Pombal-BA. Como de costume o projeto, que funciona em parceria com a Secretaria de Sa\u00fade, vai receber os pacientes no Centro de Sa\u00fade contando com a moderna estrutura e equipe especializada na Secretaria.<\/p>\n","protected":false},"author":2,"featured_media":20890,"comment_status":"open","ping_status":"open","sticky":false,"template":"","format":"standard","meta":{"om_disable_all_campaigns":false,"_monsterinsights_skip_tracking":false,"_monsterinsights_sitenote_active":false,"_monsterinsights_sitenote_note":"","_monsterinsights_sitenote_category":0,"footnotes":""},"categories":[70,69,32,3,19],"tags":[1750,2703,47,61,433],"class_list":["post-20889","post","type-post","status-publish","format-standard","has-post-thumbnail","hentry","category-destaques","category-noticias2","category-regiao","category-ribeira-do-pombal","category-saude","tag-glaucoma","tag-projeto-glaucoma","tag-ribeira-do-pombal","tag-saude","tag-secretaria-de-saude"],"aioseo_notices":[],"_links":{"self":[{"href":"https:\/\/www.portalalerta.com.br\/index.php\/wp-json\/wp\/v2\/posts\/20889","targetHints":{"allow":["GET"]}}],"collection":[{"href":"https:\/\/www.portalalerta.com.br\/index.php\/wp-json\/wp\/v2\/posts"}],"about":[{"href":"https:\/\/www.portalalerta.com.br\/index.php\/wp-json\/wp\/v2\/types\/post"}],"author":[{"embeddable":true,"href":"https:\/\/www.portalalerta.com.br\/index.php\/wp-json\/wp\/v2\/users\/2"}],"replies":[{"embeddable":true,"href":"https:\/\/www.portalalerta.com.br\/index.php\/wp-json\/wp\/v2\/comments?post=20889"}],"version-history":[{"count":1,"href":"https:\/\/www.portalalerta.com.br\/index.php\/wp-json\/wp\/v2\/posts\/20889\/revisions"}],"predecessor-version":[{"id":20891,"href":"https:\/\/www.portalalerta.com.br\/index.php\/wp-json\/wp\/v2\/posts\/20889\/revisions\/20891"}],"wp:featuredmedia":[{"embeddable":true,"href":"https:\/\/www.portalalerta.com.br\/index.php\/wp-json\/wp\/v2\/media\/20890"}],"wp:attachment":[{"href":"https:\/\/www.portalalerta.com.br\/index.php\/wp-json\/wp\/v2\/media?parent=20889"}],"wp:term":[{"taxonomy":"category","embeddable":true,"href":"https:\/\/www.portalalerta.com.br\/index.php\/wp-json\/wp\/v2\/categories?post=20889"},{"taxonomy":"post_tag","embeddable":true,"href":"https:\/\/www.portalalerta.com.br\/index.php\/wp-json\/wp\/v2\/tags?post=20889"}],"curies":[{"name":"wp","href":"https:\/\/api.w.org\/{rel}","templated":true}]}}