{"id":20892,"date":"2020-01-15T11:38:39","date_gmt":"2020-01-15T14:38:39","guid":{"rendered":"https:\/\/www.portalalerta.com.br\/?p=20892"},"modified":"2020-01-15T11:38:39","modified_gmt":"2020-01-15T14:38:39","slug":"mancha-criminal-de-cicero-dantas-ba-ano-2019","status":"publish","type":"post","link":"https:\/\/www.portalalerta.com.br\/index.php\/2020\/01\/15\/mancha-criminal-de-cicero-dantas-ba-ano-2019\/","title":{"rendered":"Mancha Criminal de C\u00edcero Dantas-BA, ano 2019"},"content":{"rendered":"<p style=\"text-align: justify;\">Em 2019, C\u00edcero Dantas-BA registrou dez homic\u00eddios. Atualmente C\u00edcero Dantas \u00e9 habitada por 33.356 pessoas, de acordo com o \u00faltimo levantamento do IBGE. Desta forma, analisando em propor\u00e7\u00e3o, ficou com uma m\u00e9dia de 30 homic\u00eddios para cada 100.000 habitantes.<!--more--><\/p>\n<p style=\"text-align: justify;\">Por fim, se concluiu que o m\u00eas mais violento do ano, foi abril, com tr\u00eas homic\u00eddios.\u00a0\u00a0 Oito destes crimes foram cometidos com arma de fogo.<\/p>\n<p style=\"text-align: justify;\">Vale ressaltar que estes dados s\u00e3o baseados em mat\u00e9rias jornal\u00edsticas do site PORTAL ALERTA, n\u00e3o incluindo mortes por interven\u00e7\u00f5es policiais, o que pode ser contestadas pelas autoridades policiais.<\/p>\n<p style=\"text-align: justify;\"><strong>Confira o Mapa:<\/strong><\/p>\n<p style=\"text-align: justify;\"><img fetchpriority=\"high\" decoding=\"async\" class=\"aligncenter wp-image-20893 size-full\" src=\"https:\/\/www.portalalerta.com.br\/wp-content\/uploads\/2020\/01\/Mancha-Criminal-Homic\u00eddios-C\u00edcero-Dantas-2019.jpg\" alt=\"\" width=\"700\" height=\"500\" srcset=\"https:\/\/www.portalalerta.com.br\/wp-content\/uploads\/2020\/01\/Mancha-Criminal-Homic\u00eddios-C\u00edcero-Dantas-2019.jpg 700w, https:\/\/www.portalalerta.com.br\/wp-content\/uploads\/2020\/01\/Mancha-Criminal-Homic\u00eddios-C\u00edcero-Dantas-2019-336x240.jpg 336w, https:\/\/www.portalalerta.com.br\/wp-content\/uploads\/2020\/01\/Mancha-Criminal-Homic\u00eddios-C\u00edcero-Dantas-2019-204x146.jpg 204w, https:\/\/www.portalalerta.com.br\/wp-content\/uploads\/2020\/01\/Mancha-Criminal-Homic\u00eddios-C\u00edcero-Dantas-2019-50x36.jpg 50w, https:\/\/www.portalalerta.com.br\/wp-content\/uploads\/2020\/01\/Mancha-Criminal-Homic\u00eddios-C\u00edcero-Dantas-2019-105x75.jpg 105w\" sizes=\"(max-width: 700px) 100vw, 700px\" \/><a href=\"http:\/\/www.portalalerta.com.br\/index.php\/2019\/01\/10\/cicero-dantas-ba-registra-o-primeiro-homicidio-do-ano-2\/\"><strong>1 \u2013 Jos\u00e9 Diego da Silva Santos, 29 anos, em 09\/01\/2019<\/strong><\/a><\/p>\n<p style=\"text-align: justify;\"><strong>Local:<\/strong> Travessa Duque de Caxias, centro<\/p>\n<p style=\"text-align: justify;\"><strong>Meio Utilizado:<\/strong> Arma de fogo<\/p>\n<p style=\"text-align: justify;\"><strong>Poss\u00edvel Motiva\u00e7\u00e3o:<\/strong> Crime Organizado<\/p>\n<p style=\"text-align: justify;\"><a href=\"http:\/\/www.portalalerta.com.br\/index.php\/2019\/01\/20\/idoso-e-assassinado-na-zona-rural-de-cicero-dantas-ba-e-municipio-registra-segundo-homicidio-do-ano\/\"><strong>2 \u2013 Edvaldo Jos\u00e9 de Oliveira, 71 anos, em 19\/01\/2018<\/strong><\/a><\/p>\n<p style=\"text-align: justify;\"><strong>Local:<\/strong> Fazenda Lava M\u00e3o<\/p>\n<p style=\"text-align: justify;\"><strong>Meio Utilizado:<\/strong> N\u00e3o identificado<\/p>\n<p style=\"text-align: justify;\"><strong>Poss\u00edvel Motiva\u00e7\u00e3o:<\/strong> Desconhecida<\/p>\n<p style=\"text-align: justify;\"><a href=\"http:\/\/www.portalalerta.com.br\/index.php\/2019\/02\/25\/jovem-e-assassinado-a-tiros-em-cicero-dantas-ba\/\"><strong>3 \u2013 Ricardo Menezes Santos, 20 anos, em 24\/02\/2019<\/strong><\/a><\/p>\n<p style=\"text-align: justify;\"><strong>Local:<\/strong> Alto da Formiga<\/p>\n<p style=\"text-align: justify;\"><strong>Meio Utilizado:<\/strong> Arma de Fogo<\/p>\n<p style=\"text-align: justify;\"><strong>Poss\u00edvel Motiva\u00e7\u00e3o:<\/strong> Desconhecida<\/p>\n<p style=\"text-align: justify;\"><a href=\"http:\/\/www.portalalerta.com.br\/index.php\/2019\/03\/18\/homem-e-assassinado-a-tiros-em-cicero-dantas-ba\/\"><strong>4 \u2013 Everaldo Vieira dos Santos, 43 anos, em 17\/03\/2019<\/strong><\/a><\/p>\n<p style=\"text-align: justify;\"><strong>Local:<\/strong> Terreno da Torre da R\u00e1dio<\/p>\n<p style=\"text-align: justify;\"><strong>Meio Utilizado:<\/strong> Arma de Fogo<\/p>\n<p style=\"text-align: justify;\"><strong>Poss\u00edvel Motiva\u00e7\u00e3o:<\/strong> Desconhecida<\/p>\n<p style=\"text-align: justify;\"><a href=\"http:\/\/www.portalalerta.com.br\/index.php\/2019\/04\/04\/homem-e-assassinado-a-facadas-em-cicero-dantas-ba\/\"><strong>5 \u2013 Jos\u00e9 Augusto Rodrigues de Bastos, 51 anos, em 03\/04\/2019<\/strong><\/a><\/p>\n<p style=\"text-align: justify;\"><strong>Local:<\/strong> Rua Duque de Caxias<\/p>\n<p style=\"text-align: justify;\"><strong>Meio Utilizado:<\/strong> Facada<\/p>\n<p style=\"text-align: justify;\"><strong>Poss\u00edvel Motiva\u00e7\u00e3o:<\/strong> Desconhecida<\/p>\n<p style=\"text-align: justify;\"><a href=\"http:\/\/www.portalalerta.com.br\/index.php\/2019\/04\/25\/policia-investiga-duplo-homicidio-ocorrido-em-cicero-dantas-ba-vitimas-ainda-nao-foram-identificadas\/\"><strong>6 \u2013 N\u00e3o identificado, em 24\/04\/2019<\/strong><\/a><\/p>\n<p style=\"text-align: justify;\"><strong>Local:<\/strong> Pr\u00f3ximo ao cemit\u00e9rio da Moenga<\/p>\n<p style=\"text-align: justify;\"><strong>Meio Utilizado:<\/strong> Arma de fogo<\/p>\n<p style=\"text-align: justify;\"><strong>Poss\u00edvel Motiva\u00e7\u00e3o:<\/strong> Crime Organizado<\/p>\n<p style=\"text-align: justify;\"><a href=\"http:\/\/www.portalalerta.com.br\/index.php\/2019\/04\/25\/policia-investiga-duplo-homicidio-ocorrido-em-cicero-dantas-ba-vitimas-ainda-nao-foram-identificadas\/\"><strong>7 \u2013 N\u00e3o identificado, em 24\/04\/2019<\/strong><\/a><\/p>\n<p style=\"text-align: justify;\"><strong>Local:<\/strong> Pr\u00f3ximo ao cemit\u00e9rio da Moenga<\/p>\n<p style=\"text-align: justify;\"><strong>Meio Utilizado:<\/strong> Arma de fogo<\/p>\n<p style=\"text-align: justify;\"><strong>Poss\u00edvel Motiva\u00e7\u00e3o:<\/strong> Crime Organizado<\/p>\n<p style=\"text-align: justify;\"><a href=\"https:\/\/www.portalalerta.com.br\/index.php\/2019\/06\/23\/cicero-dantas-ba-registra-mais-um-homicidio-2\/\"><strong>8 \u2013 Emanoel dos Santos Almeida, 20 anos, em 23\/06\/2019<\/strong><\/a><\/p>\n<p style=\"text-align: justify;\"><strong>Local:<\/strong> em frente ao cemit\u00e9rio municipal, Alto da Santa Cruz<\/p>\n<p style=\"text-align: justify;\"><strong>Meio Utilizado:<\/strong> Arma de fogo<\/p>\n<p style=\"text-align: justify;\"><strong>Poss\u00edvel Motiva\u00e7\u00e3o:<\/strong> Confus\u00e3o<\/p>\n<p style=\"text-align: justify;\"><a href=\"http:\/\/www.cicerodantasacontece.com\/2019\/12\/jovem-e-executado-tiros-em-cicero.html\"><strong>9 \u2013 B.T.J.S (menor de idade, idade n\u00e3o divulgada), em 08\/12\/2019<\/strong><\/a><\/p>\n<p style=\"text-align: justify;\"><strong>Local:<\/strong> Rua \u00c1lvaro Golveia<\/p>\n<p style=\"text-align: justify;\"><strong>Meio Utilizado:<\/strong> Arma de Fogo<\/p>\n<p style=\"text-align: justify;\"><strong>Poss\u00edvel Motiva\u00e7\u00e3o:<\/strong> N\u00e3o informado<\/p>\n<p style=\"text-align: justify;\"><a href=\"https:\/\/www.portalalerta.com.br\/index.php\/2019\/12\/17\/apos-cinco-meses-cicero-dantas-ba-volta-a-registrar-mais-um-homicidio\/\"><strong>10 \u2013 Lucas (Lucas de Zefa), idade n\u00e3o divulgada, em 15\/12\/2019<\/strong><\/a><\/p>\n<p style=\"text-align: justify;\"><strong>Local:<\/strong> Rua das Bandinhas<\/p>\n<p style=\"text-align: justify;\"><strong>Meio Utilizado:<\/strong> Arma de Fogo<\/p>\n<p style=\"text-align: justify;\"><strong>Poss\u00edvel Motiva\u00e7\u00e3o:<\/strong> N\u00e3o Informado<\/p>\n<p style=\"text-align: justify;\">Veja o Comparativo Mensal entre os anos 2018 e 2019:<\/p>\n<p style=\"text-align: justify;\"><img decoding=\"async\" class=\"aligncenter wp-image-20894 size-full\" src=\"https:\/\/www.portalalerta.com.br\/wp-content\/uploads\/2020\/01\/Comparativo-Mensal-de-Homic\u00eddios-em-C\u00edcero-Dantas-2018-e-2019.jpg\" alt=\"\" width=\"550\" height=\"350\" srcset=\"https:\/\/www.portalalerta.com.br\/wp-content\/uploads\/2020\/01\/Comparativo-Mensal-de-Homic\u00eddios-em-C\u00edcero-Dantas-2018-e-2019.jpg 550w, https:\/\/www.portalalerta.com.br\/wp-content\/uploads\/2020\/01\/Comparativo-Mensal-de-Homic\u00eddios-em-C\u00edcero-Dantas-2018-e-2019-377x240.jpg 377w, https:\/\/www.portalalerta.com.br\/wp-content\/uploads\/2020\/01\/Comparativo-Mensal-de-Homic\u00eddios-em-C\u00edcero-Dantas-2018-e-2019-229x146.jpg 229w, https:\/\/www.portalalerta.com.br\/wp-content\/uploads\/2020\/01\/Comparativo-Mensal-de-Homic\u00eddios-em-C\u00edcero-Dantas-2018-e-2019-50x32.jpg 50w, https:\/\/www.portalalerta.com.br\/wp-content\/uploads\/2020\/01\/Comparativo-Mensal-de-Homic\u00eddios-em-C\u00edcero-Dantas-2018-e-2019-118x75.jpg 118w\" sizes=\"(max-width: 550px) 100vw, 550px\" \/><\/p>\n<p style=\"text-align: justify;\"><em>Reda\u00e7\u00e3o: Portal Alerta<\/em><\/p>\n","protected":false},"excerpt":{"rendered":"<p>Em 2019, C\u00edcero Dantas-BA registrou dez homic\u00eddios. Atualmente C\u00edcero Dantas \u00e9 habitada por 33.356 pessoas, de acordo com o \u00faltimo levantamento do IBGE. Desta forma, analisando em propor\u00e7\u00e3o, ficou com uma m\u00e9dia de 30 homic\u00eddios para cada 100.000 habitantes.<\/p>\n","protected":false},"author":2,"featured_media":19760,"comment_status":"open","ping_status":"open","sticky":false,"template":"","format":"standard","meta":{"om_disable_all_campaigns":false,"_monsterinsights_skip_tracking":false,"_monsterinsights_sitenote_active":false,"_monsterinsights_sitenote_note":"","_monsterinsights_sitenote_category":0,"footnotes":""},"categories":[4,69,32,22],"tags":[1887,75,206,500],"class_list":["post-20892","post","type-post","status-publish","format-standard","has-post-thumbnail","hentry","category-cicero-dantas","category-noticias2","category-regiao","category-seguranca","tag-1887","tag-cicero-dantas","tag-homicidio","tag-mancha-criminal"],"aioseo_notices":[],"_links":{"self":[{"href":"https:\/\/www.portalalerta.com.br\/index.php\/wp-json\/wp\/v2\/posts\/20892","targetHints":{"allow":["GET"]}}],"collection":[{"href":"https:\/\/www.portalalerta.com.br\/index.php\/wp-json\/wp\/v2\/posts"}],"about":[{"href":"https:\/\/www.portalalerta.com.br\/index.php\/wp-json\/wp\/v2\/types\/post"}],"author":[{"embeddable":true,"href":"https:\/\/www.portalalerta.com.br\/index.php\/wp-json\/wp\/v2\/users\/2"}],"replies":[{"embeddable":true,"href":"https:\/\/www.portalalerta.com.br\/index.php\/wp-json\/wp\/v2\/comments?post=20892"}],"version-history":[{"count":2,"href":"https:\/\/www.portalalerta.com.br\/index.php\/wp-json\/wp\/v2\/posts\/20892\/revisions"}],"predecessor-version":[{"id":20922,"href":"https:\/\/www.portalalerta.com.br\/index.php\/wp-json\/wp\/v2\/posts\/20892\/revisions\/20922"}],"wp:featuredmedia":[{"embeddable":true,"href":"https:\/\/www.portalalerta.com.br\/index.php\/wp-json\/wp\/v2\/media\/19760"}],"wp:attachment":[{"href":"https:\/\/www.portalalerta.com.br\/index.php\/wp-json\/wp\/v2\/media?parent=20892"}],"wp:term":[{"taxonomy":"category","embeddable":true,"href":"https:\/\/www.portalalerta.com.br\/index.php\/wp-json\/wp\/v2\/categories?post=20892"},{"taxonomy":"post_tag","embeddable":true,"href":"https:\/\/www.portalalerta.com.br\/index.php\/wp-json\/wp\/v2\/tags?post=20892"}],"curies":[{"name":"wp","href":"https:\/\/api.w.org\/{rel}","templated":true}]}}