{"id":20896,"date":"2020-01-15T11:42:40","date_gmt":"2020-01-15T14:42:40","guid":{"rendered":"https:\/\/www.portalalerta.com.br\/?p=20896"},"modified":"2020-01-15T11:42:40","modified_gmt":"2020-01-15T14:42:40","slug":"queimadas-aumentam-86-no-brasil-em-2019","status":"publish","type":"post","link":"https:\/\/www.portalalerta.com.br\/index.php\/2020\/01\/15\/queimadas-aumentam-86-no-brasil-em-2019\/","title":{"rendered":"Queimadas aumentam 86% no Brasil em 2019"},"content":{"rendered":"<p style=\"text-align: justify;\">O Brasil terminou o ano passado com 318 mil km\u00b2 de \u00e1rea florestal consumidos por inc\u00eandios. Isso \u00e9 o que aponta o Programa de Queimadas, do Instituto Nacional de Pesquisas Espaciais (INPE).<!--more--><\/p>\n<p style=\"text-align: justify;\"><img fetchpriority=\"high\" decoding=\"async\" class=\"size-thumbnail wp-image-4869 aligncenter\" src=\"https:\/\/www.portalalerta.com.br\/wp-content\/uploads\/2018\/02\/Auto-Escola-Nobre-720x181.jpg\" alt=\"\" width=\"720\" height=\"181\" srcset=\"https:\/\/www.portalalerta.com.br\/wp-content\/uploads\/2018\/02\/Auto-Escola-Nobre.jpg 720w, https:\/\/www.portalalerta.com.br\/wp-content\/uploads\/2018\/02\/Auto-Escola-Nobre-260x65.jpg 260w, https:\/\/www.portalalerta.com.br\/wp-content\/uploads\/2018\/02\/Auto-Escola-Nobre-50x13.jpg 50w, https:\/\/www.portalalerta.com.br\/wp-content\/uploads\/2018\/02\/Auto-Escola-Nobre-150x38.jpg 150w\" sizes=\"(max-width: 720px) 100vw, 720px\" \/>O n\u00famero \u00e9 86% superior ao que foi apresentado no ano de 2018 (170 mil km\u00b2). A \u00e1rea de 2019 \u00e9 equivalente a 44,5 milh\u00f5es de campos de futebol e \u00e9 quase 10% maior do que os territ\u00f3rios dos estados de Rio de Janeiro e S\u00e3o Paulo somados.<\/p>\n<p style=\"text-align: justify;\">O total atingido pelo fogo neste c\u00e1lculo \u00e9 o terceiro maior da d\u00e9cada, atr\u00e1s apenas de 2012 (391 mil km\u00b2) e 2015 (354 mil km\u00b2).<\/p>\n<p style=\"text-align: justify;\"><em>Fonte: R\u00e1dio Povo<\/em><\/p>\n<p style=\"text-align: justify;\"><em>Com informa\u00e7\u00f5es: Metro1<\/em><\/p>\n","protected":false},"excerpt":{"rendered":"<p>O Brasil terminou o ano passado com 318 mil km\u00b2 de \u00e1rea florestal consumidos por inc\u00eandios. Isso \u00e9 o que aponta o Programa de Queimadas, do Instituto Nacional de Pesquisas Espaciais (INPE).<\/p>\n","protected":false},"author":2,"featured_media":19017,"comment_status":"open","ping_status":"open","sticky":false,"template":"","format":"standard","meta":{"om_disable_all_campaigns":false,"_monsterinsights_skip_tracking":false,"_monsterinsights_sitenote_active":false,"_monsterinsights_sitenote_note":"","_monsterinsights_sitenote_category":0,"footnotes":""},"categories":[34,70,69],"tags":[93,3077,593,3064],"class_list":["post-20896","post","type-post","status-publish","format-standard","has-post-thumbnail","hentry","category-brasil","category-destaques","category-noticias2","tag-brasil","tag-floresta","tag-incendio","tag-inpe"],"aioseo_notices":[],"_links":{"self":[{"href":"https:\/\/www.portalalerta.com.br\/index.php\/wp-json\/wp\/v2\/posts\/20896","targetHints":{"allow":["GET"]}}],"collection":[{"href":"https:\/\/www.portalalerta.com.br\/index.php\/wp-json\/wp\/v2\/posts"}],"about":[{"href":"https:\/\/www.portalalerta.com.br\/index.php\/wp-json\/wp\/v2\/types\/post"}],"author":[{"embeddable":true,"href":"https:\/\/www.portalalerta.com.br\/index.php\/wp-json\/wp\/v2\/users\/2"}],"replies":[{"embeddable":true,"href":"https:\/\/www.portalalerta.com.br\/index.php\/wp-json\/wp\/v2\/comments?post=20896"}],"version-history":[{"count":1,"href":"https:\/\/www.portalalerta.com.br\/index.php\/wp-json\/wp\/v2\/posts\/20896\/revisions"}],"predecessor-version":[{"id":20897,"href":"https:\/\/www.portalalerta.com.br\/index.php\/wp-json\/wp\/v2\/posts\/20896\/revisions\/20897"}],"wp:featuredmedia":[{"embeddable":true,"href":"https:\/\/www.portalalerta.com.br\/index.php\/wp-json\/wp\/v2\/media\/19017"}],"wp:attachment":[{"href":"https:\/\/www.portalalerta.com.br\/index.php\/wp-json\/wp\/v2\/media?parent=20896"}],"wp:term":[{"taxonomy":"category","embeddable":true,"href":"https:\/\/www.portalalerta.com.br\/index.php\/wp-json\/wp\/v2\/categories?post=20896"},{"taxonomy":"post_tag","embeddable":true,"href":"https:\/\/www.portalalerta.com.br\/index.php\/wp-json\/wp\/v2\/tags?post=20896"}],"curies":[{"name":"wp","href":"https:\/\/api.w.org\/{rel}","templated":true}]}}