{"id":20898,"date":"2020-01-15T12:01:09","date_gmt":"2020-01-15T15:01:09","guid":{"rendered":"https:\/\/www.portalalerta.com.br\/?p=20898"},"modified":"2020-01-15T12:01:09","modified_gmt":"2020-01-15T15:01:09","slug":"governo-anuncia-forca-tarefa-com-7-mil-militares-para-reduzir-fila-do-inss","status":"publish","type":"post","link":"https:\/\/www.portalalerta.com.br\/index.php\/2020\/01\/15\/governo-anuncia-forca-tarefa-com-7-mil-militares-para-reduzir-fila-do-inss\/","title":{"rendered":"Governo anuncia for\u00e7a-tarefa com 7 mil militares para reduzir fila do INSS"},"content":{"rendered":"<p style=\"text-align: justify;\">O governo Jair Bolsonaro anunciou nesta ter\u00e7a-feira (14) uma s\u00e9rie de medidas para tentar reduzir o atraso na an\u00e1lise de pedidos de aposentadorias e benef\u00edcios, como aux\u00edlio-doen\u00e7a e o BPC (benef\u00edcio assistencial pago a idosos carentes e deficientes).<!--more--><\/p>\n<p style=\"text-align: justify;\">Segundo o secret\u00e1rio especial de Previd\u00eancia e Trabalho, Rog\u00e9rio Marinho, dentro da for\u00e7a-tarefa, cerca de 7.000 militares na reserva poder\u00e3o ser contratados temporariamente para atendimento nas ag\u00eancias do INSS (Instituto Nacional do Seguro Social).<\/p>\n<p style=\"text-align: justify;\">Com a medida, t\u00e9cnicos do instituto poder\u00e3o ser realocados para a an\u00e1lise dos pedidos na fila.<\/p>\n<p style=\"text-align: justify;\">A fila de espera no INSS \u00e9 de 1,3 milh\u00e3o. Esse \u00e9 o estoque de requerimentos de benef\u00edcios que n\u00e3o foram respondidos dentro do prazo legal \u2013 45 dias.<\/p>\n<p style=\"text-align: justify;\"><img fetchpriority=\"high\" decoding=\"async\" class=\"size-thumbnail wp-image-20136 aligncenter\" src=\"https:\/\/www.portalalerta.com.br\/wp-content\/uploads\/2019\/11\/Real-Estilo-e-Moda-e-Voc\u00ea-711x240.jpg\" alt=\"\" width=\"711\" height=\"240\" \/>Por isso, Marinho\u00a0apresentou um plano contra a demora. \u00c9 a segunda for\u00e7a-tarefa em seis meses, j\u00e1 que a lan\u00e7ada em agosto n\u00e3o atingiu a meta de zerar a fila em dezembro.<\/p>\n<p style=\"text-align: justify;\">A expectativa do governo \u00e9 que at\u00e9 outubro o INSS tenha capacidade de analisar o fluxo mensal de pedidos de benef\u00edcios.<\/p>\n<p style=\"text-align: justify;\">H\u00e1 cerca de um ano e meio, eram 700 mil pedidos por m\u00eas. Esse fluxo mensal subiu para quase 1 milh\u00e3o, segundo o governo, principalmente por causa da maior entrada de requerimentos por meio digital.<\/p>\n<p style=\"text-align: justify;\">A expectativa \u00e9 que at\u00e9 2,5 mil funcion\u00e1rios do INSS sejam liberados do atendimento no balc\u00e3o das ag\u00eancias com o aux\u00edlio dos militares.<\/p>\n<p style=\"text-align: justify;\">O n\u00famero de militares a serem contratados \u00e9 maior porque, na avalia\u00e7\u00e3o da equipe econ\u00f4mica, a demanda por informa\u00e7\u00f5es nas ag\u00eancias dever\u00e1 subir neste ano por causa do pente-fino, que busca benef\u00edcios do INSS pagos irregularmente.<\/p>\n<p style=\"text-align: justify;\">Militares na reserva receber\u00e3o um valor extra de 30% sobre a remunera\u00e7\u00e3o para ajudar na redu\u00e7\u00e3o da fila de pedidos de aposentadorias.<\/p>\n<p style=\"text-align: justify;\">O governo quer tamb\u00e9m fazer uma per\u00edcia para reavaliar o afastamento de 1,5 mil funcion\u00e1rios do INSS. Ainda em janeiro essa medida dever\u00e1 ser iniciada.<\/p>\n<p style=\"text-align: justify;\">Devem ser gastos cerca de R$ 14,5 milh\u00f5es por m\u00eas com a for\u00e7a-tarefa.<\/p>\n<p style=\"text-align: justify;\">A ideia \u00e9 que as medidas sejam implementadas at\u00e9 abril. A partir da\u00ed, a equipe econ\u00f4mica tem uma perspectiva de, em seis meses, conseguir analisar o fluxo mensal de requerimentos.<\/p>\n<p style=\"text-align: justify;\">A for\u00e7a-tarefa foi discutida pelo governo desde a semana passada. O plano vem na esteira de duas tentativas frustradas de resolver a fila de espera do INSS.<\/p>\n<p style=\"text-align: justify;\">Em 2018, foi criada a Central de An\u00e1lise nas Ger\u00eancias-Executivas. Servidores puderam trabalhar de forma remota, mas com dedica\u00e7\u00e3o exclusiva para analisar pedidos de benef\u00edcios.<\/p>\n<p style=\"text-align: justify;\">No ano passado, o presidente do INSS, Renato Vieira, apresentou uma ampla estrat\u00e9gia e uma promessa: zerar a fila at\u00e9 dezembro. A meta, portanto, n\u00e3o foi atingida.<\/p>\n<p style=\"text-align: justify;\">Foi institu\u00eddo o programa de dispensa de hor\u00e1rio dos servidores, que passariam a ser cobrados pela quantidade de an\u00e1lises no m\u00eas em vez da jornada tradicional de trabalho. Os funcion\u00e1rios que ultrapassassem a meta receberiam uma bonifica\u00e7\u00e3o.<\/p>\n<p style=\"text-align: justify;\">Para quem optasse pelo teletrabalho (trabalho remoto), tamb\u00e9m foi estabelecida uma meta. O plano tamb\u00e9m previa maior rigidez para gratifica\u00e7\u00e3o por desempenho e um refor\u00e7o no n\u00famero de servidores.<\/p>\n<p style=\"text-align: justify;\">Marinho ressaltou que, mesmo com a redu\u00e7\u00e3o no n\u00famero de funcion\u00e1rios do INSS no ano passado, a produtividade subiu por causa das medidas adotadas.<\/p>\n<p style=\"text-align: justify;\"><em>Fonte: Canabrava FM<\/em><\/p>\n<p style=\"text-align: justify;\"><em>Com informa\u00e7\u00f5es: Ag\u00eancia Brasil<\/em><\/p>\n","protected":false},"excerpt":{"rendered":"<p>O governo Jair Bolsonaro anunciou nesta ter\u00e7a-feira (14) uma s\u00e9rie de medidas para tentar reduzir o atraso na an\u00e1lise de pedidos de aposentadorias e benef\u00edcios, como aux\u00edlio-doen\u00e7a e o BPC (benef\u00edcio assistencial pago a idosos carentes e deficientes).<\/p>\n","protected":false},"author":2,"featured_media":18730,"comment_status":"open","ping_status":"open","sticky":false,"template":"","format":"standard","meta":{"om_disable_all_campaigns":false,"_monsterinsights_skip_tracking":false,"_monsterinsights_sitenote_active":false,"_monsterinsights_sitenote_note":"","_monsterinsights_sitenote_category":0,"footnotes":""},"categories":[34,70,69],"tags":[93,583,1963,3332],"class_list":["post-20898","post","type-post","status-publish","format-standard","has-post-thumbnail","hentry","category-brasil","category-destaques","category-noticias2","tag-brasil","tag-exercito","tag-inss","tag-reservistas"],"aioseo_notices":[],"_links":{"self":[{"href":"https:\/\/www.portalalerta.com.br\/index.php\/wp-json\/wp\/v2\/posts\/20898","targetHints":{"allow":["GET"]}}],"collection":[{"href":"https:\/\/www.portalalerta.com.br\/index.php\/wp-json\/wp\/v2\/posts"}],"about":[{"href":"https:\/\/www.portalalerta.com.br\/index.php\/wp-json\/wp\/v2\/types\/post"}],"author":[{"embeddable":true,"href":"https:\/\/www.portalalerta.com.br\/index.php\/wp-json\/wp\/v2\/users\/2"}],"replies":[{"embeddable":true,"href":"https:\/\/www.portalalerta.com.br\/index.php\/wp-json\/wp\/v2\/comments?post=20898"}],"version-history":[{"count":1,"href":"https:\/\/www.portalalerta.com.br\/index.php\/wp-json\/wp\/v2\/posts\/20898\/revisions"}],"predecessor-version":[{"id":20899,"href":"https:\/\/www.portalalerta.com.br\/index.php\/wp-json\/wp\/v2\/posts\/20898\/revisions\/20899"}],"wp:featuredmedia":[{"embeddable":true,"href":"https:\/\/www.portalalerta.com.br\/index.php\/wp-json\/wp\/v2\/media\/18730"}],"wp:attachment":[{"href":"https:\/\/www.portalalerta.com.br\/index.php\/wp-json\/wp\/v2\/media?parent=20898"}],"wp:term":[{"taxonomy":"category","embeddable":true,"href":"https:\/\/www.portalalerta.com.br\/index.php\/wp-json\/wp\/v2\/categories?post=20898"},{"taxonomy":"post_tag","embeddable":true,"href":"https:\/\/www.portalalerta.com.br\/index.php\/wp-json\/wp\/v2\/tags?post=20898"}],"curies":[{"name":"wp","href":"https:\/\/api.w.org\/{rel}","templated":true}]}}