{"id":20900,"date":"2020-01-15T12:10:33","date_gmt":"2020-01-15T15:10:33","guid":{"rendered":"https:\/\/www.portalalerta.com.br\/?p=20900"},"modified":"2020-01-15T12:10:33","modified_gmt":"2020-01-15T15:10:33","slug":"mais-de-900-mil-titulos-podem-ser-cancelados-na-bahia-por-falta-de-cadastro-biometrico","status":"publish","type":"post","link":"https:\/\/www.portalalerta.com.br\/index.php\/2020\/01\/15\/mais-de-900-mil-titulos-podem-ser-cancelados-na-bahia-por-falta-de-cadastro-biometrico\/","title":{"rendered":"Mais de 900 mil t\u00edtulos podem ser cancelados na Bahia por falta de cadastro biom\u00e9trico"},"content":{"rendered":"<p style=\"text-align: justify;\">Mais de 900 mil t\u00edtulos ainda n\u00e3o possuem a identifica\u00e7\u00e3o biom\u00e9trica e podem ser cancelados caso a situa\u00e7\u00e3o n\u00e3o seja regularizada at\u00e9 o dia 18 do pr\u00f3ximo m\u00eas, prazo m\u00e1ximo para fazer o cadastro.<!--more--><\/p>\n<p style=\"text-align: justify;\">Atualmente, 242 cidades do interior est\u00e3o em processo de recadastramento, necess\u00e1rio para que o eleitorado baiano possa votar nas elei\u00e7\u00f5es deste ano. Caso o cidad\u00e3o perca o prazo, ter\u00e1 o t\u00edtulo cancelado e estar\u00e1 sujeito a uma s\u00e9rie de outras implica\u00e7\u00f5es.<\/p>\n<p style=\"text-align: justify;\"><img fetchpriority=\"high\" decoding=\"async\" class=\"size-full wp-image-2902 alignleft\" src=\"https:\/\/www.portalalerta.com.br\/wp-content\/uploads\/2017\/11\/elab-2.jpg\" alt=\"\" width=\"310\" height=\"200\" srcset=\"https:\/\/www.portalalerta.com.br\/wp-content\/uploads\/2017\/11\/elab-2.jpg 310w, https:\/\/www.portalalerta.com.br\/wp-content\/uploads\/2017\/11\/elab-2-226x146.jpg 226w, https:\/\/www.portalalerta.com.br\/wp-content\/uploads\/2017\/11\/elab-2-50x32.jpg 50w, https:\/\/www.portalalerta.com.br\/wp-content\/uploads\/2017\/11\/elab-2-116x75.jpg 116w\" sizes=\"(max-width: 310px) 100vw, 310px\" \/>Entre os preju\u00edzos est\u00e3o a impossibilidade de obter empr\u00e9stimos em institui\u00e7\u00f5es p\u00fablicas, dificuldade para tirar ou renovar o passaporte, n\u00e3o tomar posse em concurso p\u00fablico e at\u00e9 ser impedido de renovar matr\u00edcula em estabelecimento de ensino oficial ou fiscalizado pelo governo.<\/p>\n<p style=\"text-align: justify;\">Para realizar o cadastro biom\u00e9trico, \u00e9 poss\u00edvel agendar o servi\u00e7o pelo site agendamento.tre-ba.jus.br ou pelos n\u00fameros 0800 071 6505 ou (71) 3373-7223, que atende tamb\u00e9m pelo aplicativo WhatsApp.<\/p>\n<p style=\"text-align: justify;\"><em>Fonte: R\u00e1dio Povo<\/em><\/p>\n<p style=\"text-align: justify;\"><em>Com informa\u00e7\u00f5es: Metro1<\/em><\/p>\n","protected":false},"excerpt":{"rendered":"<p>Mais de 900 mil t\u00edtulos ainda n\u00e3o possuem a identifica\u00e7\u00e3o biom\u00e9trica e podem ser cancelados caso a situa\u00e7\u00e3o n\u00e3o seja regularizada at\u00e9 o dia 18 do pr\u00f3ximo m\u00eas, prazo m\u00e1ximo para fazer o cadastro.<\/p>\n","protected":false},"author":2,"featured_media":18702,"comment_status":"open","ping_status":"open","sticky":false,"template":"","format":"standard","meta":{"om_disable_all_campaigns":false,"_monsterinsights_skip_tracking":false,"_monsterinsights_sitenote_active":false,"_monsterinsights_sitenote_note":"","_monsterinsights_sitenote_category":0,"footnotes":""},"categories":[33,70,69,21],"tags":[54,382,1784,516],"class_list":["post-20900","post","type-post","status-publish","format-standard","has-post-thumbnail","hentry","category-bahia","category-destaques","category-noticias2","category-politica","tag-bahia","tag-biometria","tag-cadastramento-biometrico","tag-titulo-eleitoral"],"aioseo_notices":[],"_links":{"self":[{"href":"https:\/\/www.portalalerta.com.br\/index.php\/wp-json\/wp\/v2\/posts\/20900","targetHints":{"allow":["GET"]}}],"collection":[{"href":"https:\/\/www.portalalerta.com.br\/index.php\/wp-json\/wp\/v2\/posts"}],"about":[{"href":"https:\/\/www.portalalerta.com.br\/index.php\/wp-json\/wp\/v2\/types\/post"}],"author":[{"embeddable":true,"href":"https:\/\/www.portalalerta.com.br\/index.php\/wp-json\/wp\/v2\/users\/2"}],"replies":[{"embeddable":true,"href":"https:\/\/www.portalalerta.com.br\/index.php\/wp-json\/wp\/v2\/comments?post=20900"}],"version-history":[{"count":1,"href":"https:\/\/www.portalalerta.com.br\/index.php\/wp-json\/wp\/v2\/posts\/20900\/revisions"}],"predecessor-version":[{"id":20901,"href":"https:\/\/www.portalalerta.com.br\/index.php\/wp-json\/wp\/v2\/posts\/20900\/revisions\/20901"}],"wp:featuredmedia":[{"embeddable":true,"href":"https:\/\/www.portalalerta.com.br\/index.php\/wp-json\/wp\/v2\/media\/18702"}],"wp:attachment":[{"href":"https:\/\/www.portalalerta.com.br\/index.php\/wp-json\/wp\/v2\/media?parent=20900"}],"wp:term":[{"taxonomy":"category","embeddable":true,"href":"https:\/\/www.portalalerta.com.br\/index.php\/wp-json\/wp\/v2\/categories?post=20900"},{"taxonomy":"post_tag","embeddable":true,"href":"https:\/\/www.portalalerta.com.br\/index.php\/wp-json\/wp\/v2\/tags?post=20900"}],"curies":[{"name":"wp","href":"https:\/\/api.w.org\/{rel}","templated":true}]}}