{"id":20907,"date":"2020-01-15T14:52:20","date_gmt":"2020-01-15T17:52:20","guid":{"rendered":"https:\/\/www.portalalerta.com.br\/?p=20907"},"modified":"2020-01-15T14:52:20","modified_gmt":"2020-01-15T17:52:20","slug":"mancha-criminal-de-sitio-do-quinto-ba-ano-2019","status":"publish","type":"post","link":"https:\/\/www.portalalerta.com.br\/index.php\/2020\/01\/15\/mancha-criminal-de-sitio-do-quinto-ba-ano-2019\/","title":{"rendered":"Mancha Criminal de S\u00edtio do Quinto-BA, ano 2019"},"content":{"rendered":"<p style=\"text-align: justify;\">Em 2019, S\u00edtio do Quinto-BA registrou um homic\u00eddio, um a menos que no ano anterior, representando uma redu\u00e7\u00e3o de 8% comparado \u00e0 2018.<!--more--><\/p>\n<p style=\"text-align: justify;\">Atualmente S\u00edtio do Quinto \u00e9 habitada por 12.592 pessoas, de acordo com o \u00faltimo levantamento do IBGE. Desta forma, analisando em propor\u00e7\u00e3o, ficou com uma m\u00e9dia de 08 homic\u00eddios para cada 100.000 habitantes.<\/p>\n<p style=\"text-align: justify;\">Por fim, se concluiu que fevereiro foi o ano mais violento do ano, com um homic\u00eddio. De acordo com informa\u00e7\u00f5es, a suspeita \u00e9 que o crime tenha sido passional.<\/p>\n<p style=\"text-align: justify;\">Vale ressaltar que estes dados s\u00e3o baseados em mat\u00e9rias jornal\u00edsticas do site PORTAL ALERTA, n\u00e3o incluindo mortes por interven\u00e7\u00f5es policiais, o que pode ser contestadas pelas autoridades policiais.<\/p>\n<p style=\"text-align: justify;\">\n<p style=\"text-align: justify;\"><a href=\"http:\/\/www.portalalerta.com.br\/index.php\/2019\/02\/05\/sitio-do-quinto-ba-policia-prende-em-flagrante-homem-que-assassinou-a-tiro-agente-comunitaria-de-saude\/\"><strong>1 \u2013 Silvania Bento de Andrade, 41 anos, em 04\/02\/2019<\/strong><\/a><\/p>\n<p style=\"text-align: justify;\"><strong>Local:<\/strong> N\u00e3o informado<\/p>\n<p style=\"text-align: justify;\"><strong>Meio Utilizado:<\/strong> arma de fogo<\/p>\n<p style=\"text-align: justify;\"><strong>Poss\u00edvel Motiva\u00e7\u00e3o:<\/strong> Passional<\/p>\n<p style=\"text-align: justify;\">Confira o gr\u00e1fico comparativo mensal, entre 2018 e 2019:<\/p>\n<p style=\"text-align: justify;\"><img fetchpriority=\"high\" decoding=\"async\" class=\"aligncenter wp-image-20908 size-full\" src=\"https:\/\/www.portalalerta.com.br\/wp-content\/uploads\/2020\/01\/Comparativo-Mensal-de-Homic\u00eddios-em-S\u00edtio-do-Quinto-2018-e-2019.jpg\" alt=\"\" width=\"550\" height=\"350\" srcset=\"https:\/\/www.portalalerta.com.br\/wp-content\/uploads\/2020\/01\/Comparativo-Mensal-de-Homic\u00eddios-em-S\u00edtio-do-Quinto-2018-e-2019.jpg 550w, https:\/\/www.portalalerta.com.br\/wp-content\/uploads\/2020\/01\/Comparativo-Mensal-de-Homic\u00eddios-em-S\u00edtio-do-Quinto-2018-e-2019-377x240.jpg 377w, https:\/\/www.portalalerta.com.br\/wp-content\/uploads\/2020\/01\/Comparativo-Mensal-de-Homic\u00eddios-em-S\u00edtio-do-Quinto-2018-e-2019-229x146.jpg 229w, https:\/\/www.portalalerta.com.br\/wp-content\/uploads\/2020\/01\/Comparativo-Mensal-de-Homic\u00eddios-em-S\u00edtio-do-Quinto-2018-e-2019-50x32.jpg 50w, https:\/\/www.portalalerta.com.br\/wp-content\/uploads\/2020\/01\/Comparativo-Mensal-de-Homic\u00eddios-em-S\u00edtio-do-Quinto-2018-e-2019-118x75.jpg 118w\" sizes=\"(max-width: 550px) 100vw, 550px\" \/><\/p>\n<p style=\"text-align: justify;\"><em>Reda\u00e7\u00e3o: Portal Alerta<\/em><\/p>\n","protected":false},"excerpt":{"rendered":"<p>Em 2019, S\u00edtio do Quinto-BA registrou um homic\u00eddio, um a menos que no ano anterior, representando uma redu\u00e7\u00e3o de 8% comparado \u00e0 2018.<\/p>\n","protected":false},"author":2,"featured_media":20909,"comment_status":"open","ping_status":"open","sticky":false,"template":"","format":"standard","meta":{"om_disable_all_campaigns":false,"_monsterinsights_skip_tracking":false,"_monsterinsights_sitenote_active":false,"_monsterinsights_sitenote_note":"","_monsterinsights_sitenote_category":0,"footnotes":""},"categories":[70,69,32,22,7],"tags":[1887,2074,500,111],"class_list":["post-20907","post","type-post","status-publish","format-standard","has-post-thumbnail","hentry","category-destaques","category-noticias2","category-regiao","category-seguranca","category-sitio-do-quinto","tag-1887","tag-homicidios","tag-mancha-criminal","tag-sitio-do-quinto"],"aioseo_notices":[],"_links":{"self":[{"href":"https:\/\/www.portalalerta.com.br\/index.php\/wp-json\/wp\/v2\/posts\/20907","targetHints":{"allow":["GET"]}}],"collection":[{"href":"https:\/\/www.portalalerta.com.br\/index.php\/wp-json\/wp\/v2\/posts"}],"about":[{"href":"https:\/\/www.portalalerta.com.br\/index.php\/wp-json\/wp\/v2\/types\/post"}],"author":[{"embeddable":true,"href":"https:\/\/www.portalalerta.com.br\/index.php\/wp-json\/wp\/v2\/users\/2"}],"replies":[{"embeddable":true,"href":"https:\/\/www.portalalerta.com.br\/index.php\/wp-json\/wp\/v2\/comments?post=20907"}],"version-history":[{"count":2,"href":"https:\/\/www.portalalerta.com.br\/index.php\/wp-json\/wp\/v2\/posts\/20907\/revisions"}],"predecessor-version":[{"id":20923,"href":"https:\/\/www.portalalerta.com.br\/index.php\/wp-json\/wp\/v2\/posts\/20907\/revisions\/20923"}],"wp:featuredmedia":[{"embeddable":true,"href":"https:\/\/www.portalalerta.com.br\/index.php\/wp-json\/wp\/v2\/media\/20909"}],"wp:attachment":[{"href":"https:\/\/www.portalalerta.com.br\/index.php\/wp-json\/wp\/v2\/media?parent=20907"}],"wp:term":[{"taxonomy":"category","embeddable":true,"href":"https:\/\/www.portalalerta.com.br\/index.php\/wp-json\/wp\/v2\/categories?post=20907"},{"taxonomy":"post_tag","embeddable":true,"href":"https:\/\/www.portalalerta.com.br\/index.php\/wp-json\/wp\/v2\/tags?post=20907"}],"curies":[{"name":"wp","href":"https:\/\/api.w.org\/{rel}","templated":true}]}}