{"id":20911,"date":"2020-01-15T14:53:28","date_gmt":"2020-01-15T17:53:28","guid":{"rendered":"https:\/\/www.portalalerta.com.br\/?p=20911"},"modified":"2020-01-15T14:53:28","modified_gmt":"2020-01-15T17:53:28","slug":"desmatamento-na-amazonia-cresce-183-em-dezembro-em-relacao-a-2018","status":"publish","type":"post","link":"https:\/\/www.portalalerta.com.br\/index.php\/2020\/01\/15\/desmatamento-na-amazonia-cresce-183-em-dezembro-em-relacao-a-2018\/","title":{"rendered":"Desmatamento na Amaz\u00f4nia cresce 183% em dezembro, em rela\u00e7\u00e3o a 2018"},"content":{"rendered":"<p style=\"text-align: justify;\">O desmatamento na Amaz\u00f4nia cresceu 183% em dezembro, em compara\u00e7\u00e3o ao mesmo m\u00eas de 2018, segundo dados do Deter (Sistema de Detec\u00e7\u00e3o de Desmatamento em Tempo Real), do Inpe.<!--more--><\/p>\n<p style=\"text-align: justify;\">O Deter tem a fun\u00e7\u00e3o de auxiliar as a\u00e7\u00f5es do Ibama no combate ao desmatamento, mas tamb\u00e9m pode ser usado para analisar as tend\u00eancias de desmate. Ou seja, pode-se visualizar se a destrui\u00e7\u00e3o da floresta est\u00e1 aumentando ou diminuindo. Al\u00e9m disso, os dados do Deter costumam subestimar os dados anuais consolidados de desmate (Prodes).<\/p>\n<p style=\"text-align: justify;\">Segundo os dados do Inpe, o crescimento do desmatamento (sempre em compara\u00e7\u00e3o com os mesmos meses de anos anteriores) tem sido constante. Desde maio de 2019, os aumentos t\u00eam sido acentuados, com exce\u00e7\u00e3o de outubro, que\u00a0apresentou crescimento menor, de cerca de 5%.<\/p>\n<p style=\"text-align: justify;\">Em julho e agosto foram registrados os maiores aumentos do per\u00edodo, de\u00a0278% e 222% respectivamente. Os n\u00fameros de outros meses, mesmo menores, tamb\u00e9m foram expressivos, com novembro com\u00a0104% de crescimento, setembro, 96% e junho com 90%.<\/p>\n<p style=\"text-align: justify;\"><img fetchpriority=\"high\" decoding=\"async\" class=\"size-thumbnail wp-image-20136 aligncenter\" src=\"https:\/\/www.portalalerta.com.br\/wp-content\/uploads\/2019\/11\/Real-Estilo-e-Moda-e-Voc\u00ea-711x240.jpg\" alt=\"\" width=\"711\" height=\"240\" \/>Em novembro, foram divulgados os dados anuais de desmatamento,\u00a0o\u00a0Prodes, tamb\u00e9m do Inpe, que conta com maior precis\u00e3o. Entre agosto de 2018 e julho de 2019 foram devastados\u00a09.762 km\u00b2 de Amaz\u00f4nia, o maior valor da \u00faltima d\u00e9cada.<\/p>\n<p style=\"text-align: justify;\">O crescimento em rela\u00e7\u00e3o ao ano anterior (2017\/2018) foi de 29,5%, o maior crescimento percentual em mais de 20 anos.<\/p>\n<p style=\"text-align: justify;\">No an\u00fancio dos dados, o ministro do Meio Ambiente Ricardo Salles afirmou que o crescimento ocorreu\u00a0devido \u00e0 \u201ceconomia ilegal\u201d na Amaz\u00f4nia.<\/p>\n<p style=\"text-align: justify;\">Quando questionado sobre o assunto,\u00a0Salles disse, em entrevista recente \u00e0 Folha e ao UOL, que o desmatamento ilegal zero n\u00e3o deve ser alcan\u00e7ado e que\u00a0se o aumento do desmate no pr\u00f3ximo ano for menor do que 29,5% \u201cser\u00e1 uma conquista\u201d.<\/p>\n<p style=\"text-align: justify;\">Na \u00faltima semana, o ministro afirmou, sem apresentar detalhes, que criaria uma Secretaria da Amaz\u00f4nia, em Manaus. Segundo a pasta, a ideia \u00e9\u00a0\u201cmaterializar a presen\u00e7a do Minist\u00e9rio do Meio Ambiente (MMA) na regi\u00e3o\u201d.<\/p>\n<p style=\"text-align: justify;\"><em>Fonte: Canabrava FM<\/em><\/p>\n<p style=\"text-align: justify;\"><em>Com informa\u00e7\u00f5es: Agencia Brasil<\/em><\/p>\n","protected":false},"excerpt":{"rendered":"<p>O desmatamento na Amaz\u00f4nia cresceu 183% em dezembro, em compara\u00e7\u00e3o ao mesmo m\u00eas de 2018, segundo dados do Deter (Sistema de Detec\u00e7\u00e3o de Desmatamento em Tempo Real), do Inpe.<\/p>\n","protected":false},"author":2,"featured_media":20912,"comment_status":"open","ping_status":"open","sticky":false,"template":"","format":"standard","meta":{"om_disable_all_campaigns":false,"_monsterinsights_skip_tracking":false,"_monsterinsights_sitenote_active":false,"_monsterinsights_sitenote_note":"","_monsterinsights_sitenote_category":0,"footnotes":""},"categories":[34,70,69],"tags":[93,3018],"class_list":["post-20911","post","type-post","status-publish","format-standard","has-post-thumbnail","hentry","category-brasil","category-destaques","category-noticias2","tag-brasil","tag-desmatamento"],"aioseo_notices":[],"_links":{"self":[{"href":"https:\/\/www.portalalerta.com.br\/index.php\/wp-json\/wp\/v2\/posts\/20911","targetHints":{"allow":["GET"]}}],"collection":[{"href":"https:\/\/www.portalalerta.com.br\/index.php\/wp-json\/wp\/v2\/posts"}],"about":[{"href":"https:\/\/www.portalalerta.com.br\/index.php\/wp-json\/wp\/v2\/types\/post"}],"author":[{"embeddable":true,"href":"https:\/\/www.portalalerta.com.br\/index.php\/wp-json\/wp\/v2\/users\/2"}],"replies":[{"embeddable":true,"href":"https:\/\/www.portalalerta.com.br\/index.php\/wp-json\/wp\/v2\/comments?post=20911"}],"version-history":[{"count":1,"href":"https:\/\/www.portalalerta.com.br\/index.php\/wp-json\/wp\/v2\/posts\/20911\/revisions"}],"predecessor-version":[{"id":20913,"href":"https:\/\/www.portalalerta.com.br\/index.php\/wp-json\/wp\/v2\/posts\/20911\/revisions\/20913"}],"wp:featuredmedia":[{"embeddable":true,"href":"https:\/\/www.portalalerta.com.br\/index.php\/wp-json\/wp\/v2\/media\/20912"}],"wp:attachment":[{"href":"https:\/\/www.portalalerta.com.br\/index.php\/wp-json\/wp\/v2\/media?parent=20911"}],"wp:term":[{"taxonomy":"category","embeddable":true,"href":"https:\/\/www.portalalerta.com.br\/index.php\/wp-json\/wp\/v2\/categories?post=20911"},{"taxonomy":"post_tag","embeddable":true,"href":"https:\/\/www.portalalerta.com.br\/index.php\/wp-json\/wp\/v2\/tags?post=20911"}],"curies":[{"name":"wp","href":"https:\/\/api.w.org\/{rel}","templated":true}]}}