{"id":20942,"date":"2020-01-16T13:56:46","date_gmt":"2020-01-16T16:56:46","guid":{"rendered":"https:\/\/www.portalalerta.com.br\/?p=20942"},"modified":"2020-01-16T13:56:46","modified_gmt":"2020-01-16T16:56:46","slug":"chefe-da-secom-recebe-dinheiro-de-emissoras-e-agencias-contratadas-pelo-governo-bolsonaro","status":"publish","type":"post","link":"https:\/\/www.portalalerta.com.br\/index.php\/2020\/01\/16\/chefe-da-secom-recebe-dinheiro-de-emissoras-e-agencias-contratadas-pelo-governo-bolsonaro\/","title":{"rendered":"Chefe da Secom recebe dinheiro de emissoras e ag\u00eancias contratadas pelo governo Bolsonaro"},"content":{"rendered":"<p style=\"text-align: justify;\">Chefe da Secretaria de Comunica\u00e7\u00e3o Social da Presid\u00eancia da Rep\u00fablica (Secom), Fabio Wajngarten, recebe dinheiro de emissoras de TV e de ag\u00eancias de publicidade contratadas pelo governo Jair Bolsonaro. O repasse \u00e9 feito por meio de uma empresa da qual Wajngarten \u00e9 s\u00f3cio.<!--more--><\/p>\n<p style=\"text-align: justify;\">Wajngarten assumiu o comando da Secom, respons\u00e1vel pela distribui\u00e7\u00e3o da verba de propaganda do Planalto e tamb\u00e9m por ditar as regras para as contas dos demais \u00f3rg\u00e3os federais, em abril de 2019. Desde ent\u00e3o, se mant\u00e9m como principal s\u00f3cio da FW Comunica\u00e7\u00e3o e Marketing, que fornece estudos de m\u00eddia para TV&#8217;s e ag\u00eancias, al\u00e9m de fazer\u00a0&#8220;checking&#8221;, ou seja, averiguar se as pe\u00e7as publicit\u00e1rias contratadas foram veiculadas.<\/p>\n<p style=\"text-align: justify;\"><img fetchpriority=\"high\" decoding=\"async\" class=\"size-thumbnail wp-image-20136 aligncenter\" src=\"https:\/\/www.portalalerta.com.br\/wp-content\/uploads\/2019\/11\/Real-Estilo-e-Moda-e-Voc\u00ea-711x240.jpg\" alt=\"\" width=\"711\" height=\"240\" \/>Segundo a Folha, a FW tem contratos com, ao menos, cinco empresas que recebem do governo, entre elas a Band e a Record, cujas participa\u00e7\u00f5es na verba publicit\u00e1ria da Secom v\u00eam crescendo.\u00a0Al\u00e9m das TV&#8217;s, a FW faz cheking para tr\u00eas ag\u00eancias respons\u00e1veis pela publicidade da Caixa.<\/p>\n<p style=\"text-align: justify;\">A legisla\u00e7\u00e3o vigente pro\u00edbe integrantes da c\u00fapula do governo de manter neg\u00f3cios com pessoas f\u00edsicas ou jur\u00eddicas que possam ser afetadas por suas decis\u00f5es. A pr\u00e1tica pode configurar ato de improbidade administrativa.<\/p>\n<p style=\"text-align: justify;\"><em>Fonte: Metro1<\/em><\/p>\n","protected":false},"excerpt":{"rendered":"<p>Chefe da Secretaria de Comunica\u00e7\u00e3o Social da Presid\u00eancia da Rep\u00fablica (Secom), Fabio Wajngarten, recebe dinheiro de emissoras de TV e de ag\u00eancias de publicidade contratadas pelo governo Jair Bolsonaro. O repasse \u00e9 feito por meio de uma empresa da qual Wajngarten \u00e9 s\u00f3cio.<\/p>\n","protected":false},"author":2,"featured_media":20943,"comment_status":"open","ping_status":"open","sticky":false,"template":"","format":"standard","meta":{"om_disable_all_campaigns":false,"_monsterinsights_skip_tracking":false,"_monsterinsights_sitenote_active":false,"_monsterinsights_sitenote_note":"","_monsterinsights_sitenote_category":0,"footnotes":""},"categories":[34,70,69,21],"tags":[93,3336,249,1395,3335],"class_list":["post-20942","post","type-post","status-publish","format-standard","has-post-thumbnail","hentry","category-brasil","category-destaques","category-noticias2","category-politica","tag-brasil","tag-fabio-wajngarten","tag-governo-federal","tag-jair-bolsonaro","tag-secom"],"aioseo_notices":[],"_links":{"self":[{"href":"https:\/\/www.portalalerta.com.br\/index.php\/wp-json\/wp\/v2\/posts\/20942","targetHints":{"allow":["GET"]}}],"collection":[{"href":"https:\/\/www.portalalerta.com.br\/index.php\/wp-json\/wp\/v2\/posts"}],"about":[{"href":"https:\/\/www.portalalerta.com.br\/index.php\/wp-json\/wp\/v2\/types\/post"}],"author":[{"embeddable":true,"href":"https:\/\/www.portalalerta.com.br\/index.php\/wp-json\/wp\/v2\/users\/2"}],"replies":[{"embeddable":true,"href":"https:\/\/www.portalalerta.com.br\/index.php\/wp-json\/wp\/v2\/comments?post=20942"}],"version-history":[{"count":1,"href":"https:\/\/www.portalalerta.com.br\/index.php\/wp-json\/wp\/v2\/posts\/20942\/revisions"}],"predecessor-version":[{"id":20944,"href":"https:\/\/www.portalalerta.com.br\/index.php\/wp-json\/wp\/v2\/posts\/20942\/revisions\/20944"}],"wp:featuredmedia":[{"embeddable":true,"href":"https:\/\/www.portalalerta.com.br\/index.php\/wp-json\/wp\/v2\/media\/20943"}],"wp:attachment":[{"href":"https:\/\/www.portalalerta.com.br\/index.php\/wp-json\/wp\/v2\/media?parent=20942"}],"wp:term":[{"taxonomy":"category","embeddable":true,"href":"https:\/\/www.portalalerta.com.br\/index.php\/wp-json\/wp\/v2\/categories?post=20942"},{"taxonomy":"post_tag","embeddable":true,"href":"https:\/\/www.portalalerta.com.br\/index.php\/wp-json\/wp\/v2\/tags?post=20942"}],"curies":[{"name":"wp","href":"https:\/\/api.w.org\/{rel}","templated":true}]}}