{"id":20947,"date":"2020-01-16T14:41:50","date_gmt":"2020-01-16T17:41:50","guid":{"rendered":"https:\/\/www.portalalerta.com.br\/?p=20947"},"modified":"2020-01-16T14:41:50","modified_gmt":"2020-01-16T17:41:50","slug":"regiao-reduz-o-numero-de-homicidios-em-16-confira-a-mancha-criminal-da-sua-cidade-ano-2019","status":"publish","type":"post","link":"https:\/\/www.portalalerta.com.br\/index.php\/2020\/01\/16\/regiao-reduz-o-numero-de-homicidios-em-16-confira-a-mancha-criminal-da-sua-cidade-ano-2019\/","title":{"rendered":"Regi\u00e3o reduz o n\u00famero de homic\u00eddios em 16% Confira a Mancha Criminal da sua cidade, ano 2019!"},"content":{"rendered":"<p style=\"text-align: justify;\">Como j\u00e1 \u00e9 tradi\u00e7\u00e3o, o PORTAL ALERTA divulga em todos os anos, a Mancha Criminal, apontando os locais exatos onde ocorreram, e n\u00fameros importantes sobre homic\u00eddios ocorridos no ano anterior.<!--more--><\/p>\n<p style=\"text-align: justify;\">Em 2019 foram avaliados dados de 15 cidades, s\u00e3o elas: <strong>Adustina, Araci, Banza\u00ea, C\u00edcero Dantas, Cip\u00f3, Euclides da Cunha, F\u00e1tima, Heli\u00f3polis, Jeremoabo, Nova Soure, Paripiranga, Ribeira do Amparo, Ribeira do Pombal, S\u00edtio do Quinto, e Tucano<\/strong>. Vale ressaltar que os dados foram retirados de mat\u00e9rias jornal\u00edsticas veiculadas por este canal de not\u00edcias.<\/p>\n<p style=\"text-align: justify;\">Outras seis cidades ficaram de fora deste estudo por falta de dados, s\u00e3o elas: <strong>Antas, Cris\u00f3polis, Itapicuru, Novo Triunfo, Olindina, e Quijingue<\/strong>.<\/p>\n<p style=\"text-align: justify;\">A Mancha Criminal tem como objetivo n\u00e3o apenas auxiliar as for\u00e7as policiais, como tamb\u00e9m deixar \u00e0 popula\u00e7\u00e3o informada sobre os locais mais cr\u00edticos de cada cidade.<\/p>\n<p style=\"text-align: justify;\">Nos casos Avaliados, foram analisados, n\u00e3o apenas o n\u00famero de homic\u00eddios, mas tamb\u00e9m a <strong>poss\u00edvel motiva\u00e7\u00e3o, meio utilizado, localidade, idade, cor, entre outro<\/strong>s. Confira:<\/p>\n<p style=\"text-align: justify;\"><span style=\"text-decoration: underline;\"><strong><img fetchpriority=\"high\" decoding=\"async\" class=\"aligncenter wp-image-4869 size-full\" src=\"https:\/\/www.portalalerta.com.br\/wp-content\/uploads\/2018\/02\/Auto-Escola-Nobre.jpg\" alt=\"\" width=\"720\" height=\"181\" srcset=\"https:\/\/www.portalalerta.com.br\/wp-content\/uploads\/2018\/02\/Auto-Escola-Nobre.jpg 720w, https:\/\/www.portalalerta.com.br\/wp-content\/uploads\/2018\/02\/Auto-Escola-Nobre-260x65.jpg 260w, https:\/\/www.portalalerta.com.br\/wp-content\/uploads\/2018\/02\/Auto-Escola-Nobre-50x13.jpg 50w, https:\/\/www.portalalerta.com.br\/wp-content\/uploads\/2018\/02\/Auto-Escola-Nobre-150x38.jpg 150w\" sizes=\"(max-width: 720px) 100vw, 720px\" \/>Homic\u00eddios em N\u00fameros Gerais<\/strong><\/span><\/p>\n<p style=\"text-align: justify;\">Das 15 cidades avaliadas, os destaques ficaram para F\u00e1tima e Ribeira do Amparo que neste quesito podem se orgulhar como munic\u00edpios mais seguros da regi\u00e3o, j\u00e1 que n\u00e3o houve registro de homic\u00eddio em 2019. J\u00e1 no outro extremo, Araci teve o maior n\u00famero de crimes desta natureza, registrando 26 do total de 101, equivalendo a 26% dos crimes de toda a regi\u00e3o. <strong>Veja a Ranking:<\/strong><\/p>\n<p style=\"text-align: justify;\"><img decoding=\"async\" class=\"aligncenter wp-image-20948 size-full\" src=\"https:\/\/www.portalalerta.com.br\/wp-content\/uploads\/2020\/01\/Ranking-de-Homic\u00eddios-na-regi\u00e3o-2019.jpg\" alt=\"\" width=\"430\" height=\"380\" srcset=\"https:\/\/www.portalalerta.com.br\/wp-content\/uploads\/2020\/01\/Ranking-de-Homic\u00eddios-na-regi\u00e3o-2019.jpg 430w, https:\/\/www.portalalerta.com.br\/wp-content\/uploads\/2020\/01\/Ranking-de-Homic\u00eddios-na-regi\u00e3o-2019-272x240.jpg 272w, https:\/\/www.portalalerta.com.br\/wp-content\/uploads\/2020\/01\/Ranking-de-Homic\u00eddios-na-regi\u00e3o-2019-165x146.jpg 165w, https:\/\/www.portalalerta.com.br\/wp-content\/uploads\/2020\/01\/Ranking-de-Homic\u00eddios-na-regi\u00e3o-2019-50x44.jpg 50w, https:\/\/www.portalalerta.com.br\/wp-content\/uploads\/2020\/01\/Ranking-de-Homic\u00eddios-na-regi\u00e3o-2019-85x75.jpg 85w\" sizes=\"(max-width: 430px) 100vw, 430px\" \/><span style=\"text-decoration: underline;\"><strong>Homic\u00eddios para cada 100.000 habitantes<\/strong><\/span><\/p>\n<p style=\"text-align: justify;\">Em 2019, o PORTAL ALERTA fez uma an\u00e1lise proporcional, igualando a pesquisa aos n\u00fameros utilizados pelos \u00f3rg\u00e3os de Seguran\u00e7a P\u00fablica, avaliando todos os munic\u00edpios numa poss\u00edvel taxa populacional, no caso 100.000 habitantes, chegando assim a uma propor\u00e7\u00e3o. Este n\u00famero nem sempre pode ser visto como EXATO, por\u00e9m serve para fazer um comparativo entre os munic\u00edpios. Neste caso, houve uma mudan\u00e7a no Ranking, no que se diz respeito \u00e0 lideran\u00e7a, j\u00e1 que Araci caiu para a segunda posi\u00e7\u00e3o do ranking com 46 homic\u00eddios\/100.000 habitantes, \u00a0perdendo apenas para Nova Soure-BA, que mesmo reduzindo o n\u00famero de crimes em 25% comparado ao ano passado, lidera mais uma vez com 47 homic\u00eddios\/ 100.000 habitantes. <strong>Confira como ficou o Ranking:<\/strong><\/p>\n<p style=\"text-align: justify;\"><img decoding=\"async\" class=\"aligncenter wp-image-20949 size-full\" src=\"https:\/\/www.portalalerta.com.br\/wp-content\/uploads\/2020\/01\/Ranking-proporcional-de-Homic\u00eddios-na-regi\u00e3o-2019.jpg\" alt=\"\" width=\"430\" height=\"380\" srcset=\"https:\/\/www.portalalerta.com.br\/wp-content\/uploads\/2020\/01\/Ranking-proporcional-de-Homic\u00eddios-na-regi\u00e3o-2019.jpg 430w, https:\/\/www.portalalerta.com.br\/wp-content\/uploads\/2020\/01\/Ranking-proporcional-de-Homic\u00eddios-na-regi\u00e3o-2019-272x240.jpg 272w, https:\/\/www.portalalerta.com.br\/wp-content\/uploads\/2020\/01\/Ranking-proporcional-de-Homic\u00eddios-na-regi\u00e3o-2019-165x146.jpg 165w, https:\/\/www.portalalerta.com.br\/wp-content\/uploads\/2020\/01\/Ranking-proporcional-de-Homic\u00eddios-na-regi\u00e3o-2019-50x44.jpg 50w, https:\/\/www.portalalerta.com.br\/wp-content\/uploads\/2020\/01\/Ranking-proporcional-de-Homic\u00eddios-na-regi\u00e3o-2019-85x75.jpg 85w\" sizes=\"(max-width: 430px) 100vw, 430px\" \/><span style=\"text-decoration: underline;\"><strong>Outros dados:<\/strong><\/span><\/p>\n<p style=\"text-align: justify;\">Este ano n\u00e3o foi poss\u00edvel identificar as motiva\u00e7\u00f5es dos crimes, pois na maioria deles as for\u00e7as de seguran\u00e7a p\u00fablica n\u00e3o divulgaram as motiva\u00e7\u00f5es. J\u00e1 com rela\u00e7\u00e3o ao uso de armas de fogo, foi respons\u00e1vel por 77% dos crimes. Das 101 v\u00edtimas, 64 tiveram as suas respectivas idades divulgadas, chegando a uma m\u00e9dia de 33 anos de idade. Por fim, por sugest\u00e3o de uma internauta, o PORTAL ALERTA fez um levantamento atrav\u00e9s de divulga\u00e7\u00e3o das fotos, a respeito da cor da pele das v\u00edtimas. Foram divulgadas 55 fotografias, destas 60% eram negras, e as outras 40% brancas.<\/p>\n<p style=\"text-align: justify;\"><span style=\"text-decoration: underline;\"><strong>Redu\u00e7\u00e3o de homic\u00eddios:<\/strong><\/span><\/p>\n<p style=\"text-align: justify;\">Na regi\u00e3o, houve uma redu\u00e7\u00e3o em 16%, no n\u00famero de homic\u00eddios em compara\u00e7\u00e3o \u00e0 2018, ou seja, 19 homic\u00eddios a menos. Os destaques ficaram para F\u00e1tima e Ribeira do Amparo, que reduziram em 100%, bem como Tucano e Ribeira do Pombal, consideradas cidades violentas, mas que reduziram significativamente em 42% e 53%, respectivamente. <strong>Confira o quadro:<\/strong><\/p>\n<figure id=\"attachment_20952\" aria-describedby=\"caption-attachment-20952\" style=\"width: 330px\" class=\"wp-caption aligncenter\"><img loading=\"lazy\" decoding=\"async\" class=\"wp-image-20952 size-full\" src=\"https:\/\/www.portalalerta.com.br\/wp-content\/uploads\/2020\/01\/Comparativo-Homic\u00eddios-na-regi\u00e3o-Sem-Varia\u00e7\u00e3o-2018-e-2019.jpg\" alt=\"\" width=\"330\" height=\"230\" srcset=\"https:\/\/www.portalalerta.com.br\/wp-content\/uploads\/2020\/01\/Comparativo-Homic\u00eddios-na-regi\u00e3o-Sem-Varia\u00e7\u00e3o-2018-e-2019.jpg 330w, https:\/\/www.portalalerta.com.br\/wp-content\/uploads\/2020\/01\/Comparativo-Homic\u00eddios-na-regi\u00e3o-Sem-Varia\u00e7\u00e3o-2018-e-2019-209x146.jpg 209w, https:\/\/www.portalalerta.com.br\/wp-content\/uploads\/2020\/01\/Comparativo-Homic\u00eddios-na-regi\u00e3o-Sem-Varia\u00e7\u00e3o-2018-e-2019-50x35.jpg 50w, https:\/\/www.portalalerta.com.br\/wp-content\/uploads\/2020\/01\/Comparativo-Homic\u00eddios-na-regi\u00e3o-Sem-Varia\u00e7\u00e3o-2018-e-2019-108x75.jpg 108w\" sizes=\"(max-width: 330px) 100vw, 330px\" \/><figcaption id=\"caption-attachment-20952\" class=\"wp-caption-text\">Munic\u00edpios repetiram a mesma quantidade de homic\u00eddios entre 2018 e 2019<\/figcaption><\/figure>\n<figure id=\"attachment_20951\" aria-describedby=\"caption-attachment-20951\" style=\"width: 330px\" class=\"wp-caption aligncenter\"><img loading=\"lazy\" decoding=\"async\" class=\"wp-image-20951 size-full\" src=\"https:\/\/www.portalalerta.com.br\/wp-content\/uploads\/2020\/01\/Comparativo-Homic\u00eddios-na-regi\u00e3o-redu\u00e7\u00e3o-2018-e-2019.jpg\" alt=\"\" width=\"330\" height=\"350\" srcset=\"https:\/\/www.portalalerta.com.br\/wp-content\/uploads\/2020\/01\/Comparativo-Homic\u00eddios-na-regi\u00e3o-redu\u00e7\u00e3o-2018-e-2019.jpg 330w, https:\/\/www.portalalerta.com.br\/wp-content\/uploads\/2020\/01\/Comparativo-Homic\u00eddios-na-regi\u00e3o-redu\u00e7\u00e3o-2018-e-2019-226x240.jpg 226w, https:\/\/www.portalalerta.com.br\/wp-content\/uploads\/2020\/01\/Comparativo-Homic\u00eddios-na-regi\u00e3o-redu\u00e7\u00e3o-2018-e-2019-138x146.jpg 138w, https:\/\/www.portalalerta.com.br\/wp-content\/uploads\/2020\/01\/Comparativo-Homic\u00eddios-na-regi\u00e3o-redu\u00e7\u00e3o-2018-e-2019-47x50.jpg 47w, https:\/\/www.portalalerta.com.br\/wp-content\/uploads\/2020\/01\/Comparativo-Homic\u00eddios-na-regi\u00e3o-redu\u00e7\u00e3o-2018-e-2019-71x75.jpg 71w\" sizes=\"(max-width: 330px) 100vw, 330px\" \/><figcaption id=\"caption-attachment-20951\" class=\"wp-caption-text\">Munic\u00edpios conseguiram reduzir o \u00edndice de homic\u00eddios em 2019, comparado \u00e0 2018<\/figcaption><\/figure>\n<p style=\"text-align: justify;\"><span style=\"text-decoration: underline;\"><strong>Contram\u00e3o:<\/strong><\/span><\/p>\n<p style=\"text-align: justify;\">Na contram\u00e3o da regi\u00e3o, apenas 04 cidades tiveram um aumento no n\u00famero de assassinatos, s\u00e3o elas: Araci (73%), Cip\u00f3 (33%), Euclides da Cunha (8%), e Paripiranga (400%). <strong>Confira:<\/strong><\/p>\n<p style=\"text-align: justify;\"><img loading=\"lazy\" decoding=\"async\" class=\"aligncenter wp-image-20950 size-full\" src=\"https:\/\/www.portalalerta.com.br\/wp-content\/uploads\/2020\/01\/Comparativo-Homic\u00eddios-na-regi\u00e3o-aumento-2018-e-2019.jpg\" alt=\"\" width=\"330\" height=\"230\" srcset=\"https:\/\/www.portalalerta.com.br\/wp-content\/uploads\/2020\/01\/Comparativo-Homic\u00eddios-na-regi\u00e3o-aumento-2018-e-2019.jpg 330w, https:\/\/www.portalalerta.com.br\/wp-content\/uploads\/2020\/01\/Comparativo-Homic\u00eddios-na-regi\u00e3o-aumento-2018-e-2019-209x146.jpg 209w, https:\/\/www.portalalerta.com.br\/wp-content\/uploads\/2020\/01\/Comparativo-Homic\u00eddios-na-regi\u00e3o-aumento-2018-e-2019-50x35.jpg 50w, https:\/\/www.portalalerta.com.br\/wp-content\/uploads\/2020\/01\/Comparativo-Homic\u00eddios-na-regi\u00e3o-aumento-2018-e-2019-108x75.jpg 108w\" sizes=\"(max-width: 330px) 100vw, 330px\" \/>O m\u00eas mais violento na regi\u00e3o foi junho, com quatorze assassinatos no total, enquanto novembro registrou apenas quatro. Um assassinato ocorrido em Ribeira do Pombal n\u00e3o teve a sua data exata divulgada. <strong>Confira o Gr\u00e1fico:<\/strong><\/p>\n<p style=\"text-align: justify;\"><img loading=\"lazy\" decoding=\"async\" class=\"aligncenter wp-image-20953 size-full\" src=\"https:\/\/www.portalalerta.com.br\/wp-content\/uploads\/2020\/01\/gr\u00e1fico-de-homic\u00eddios-na-regi\u00e3o-2019.jpg\" alt=\"\" width=\"550\" height=\"350\" srcset=\"https:\/\/www.portalalerta.com.br\/wp-content\/uploads\/2020\/01\/gr\u00e1fico-de-homic\u00eddios-na-regi\u00e3o-2019.jpg 550w, https:\/\/www.portalalerta.com.br\/wp-content\/uploads\/2020\/01\/gr\u00e1fico-de-homic\u00eddios-na-regi\u00e3o-2019-377x240.jpg 377w, https:\/\/www.portalalerta.com.br\/wp-content\/uploads\/2020\/01\/gr\u00e1fico-de-homic\u00eddios-na-regi\u00e3o-2019-229x146.jpg 229w, https:\/\/www.portalalerta.com.br\/wp-content\/uploads\/2020\/01\/gr\u00e1fico-de-homic\u00eddios-na-regi\u00e3o-2019-50x32.jpg 50w, https:\/\/www.portalalerta.com.br\/wp-content\/uploads\/2020\/01\/gr\u00e1fico-de-homic\u00eddios-na-regi\u00e3o-2019-118x75.jpg 118w\" sizes=\"(max-width: 550px) 100vw, 550px\" \/><\/p>\n<p style=\"text-align: justify;\">Com base nestes n\u00fameros, o Comandante da 21\u00aa CIPM (Companhia Independente da Pol\u00edcia Militar), Maj Dequex, respons\u00e1vel pelo policiamento de dez das quinze cidades pesquisadas, atribuiu o sucesso ao Policiamento Preventivo realizado atrav\u00e9s de rondas e abordagens nos respectivos munic\u00edpios, bem como ao trabalho de excel\u00eancia feito pela equipe de investiga\u00e7\u00e3o. Al\u00e9m disso chamou a aten\u00e7\u00e3o para o aumento do efetivo: <strong><em>\u201cAumentamos significativamente o n\u00famero de soldados da nossa Unidade, com a realiza\u00e7\u00e3o do Curso de Forma\u00e7\u00e3o de Soldados, e somados aos policiais oriundos de outras Unidades, bem como ao compromisso dos que aqui estavam, aos poucos alcan\u00e7amos o sucesso das nossas a\u00e7\u00f5es, o que est\u00e1 sendo percebido ao longo dos dias\u201d<\/em><\/strong>, afirmou Dequex.<\/p>\n<p style=\"text-align: justify;\">J\u00e1 o Maj Wellington, comandante da CIPE Nordeste (Companhia Independente de Policiamento Especializado na Regi\u00e3o Nordeste), respons\u00e1vel pelo policiamento de treze cidades das quinze pesquisadas, afirmou que: <strong><em>\u201cem rela\u00e7\u00e3o ao munic\u00edpio de Araci houve um aumento anual de CVLI (Crimes Violentos Letais Intencionais) por conta do 1\u00ba Semestre, e j\u00e1 no 2\u00ba semestre intensificamos o policiamento naquela cidade e seus respectivos povoados com apreens\u00f5es de armas de fogo e alguns autos de resist\u00eancia a pris\u00e3o. No geral, houve um saldo positivo, diante da intera\u00e7\u00e3o dos demais \u00f3rg\u00e3os de Seguran\u00e7a P\u00fablica, a atua\u00e7\u00e3o da Intelig\u00eancia Policial e a Participa\u00e7\u00e3o da Comunidade\u201d<\/em><\/strong> pontuou Wellington.<\/p>\n<p style=\"text-align: justify;\"><strong>Confira a Mancha Criminal de sua Cidade:<\/strong><\/p>\n<p style=\"text-align: justify;\"><a href=\"https:\/\/www.portalalerta.com.br\/index.php\/2020\/01\/04\/mancha-criminal-de-adustina-ba-ano-2019\/\"><strong>Adustina\u00a0<\/strong><\/a><\/p>\n<p style=\"text-align: justify;\"><a href=\"https:\/\/www.portalalerta.com.br\/index.php\/2020\/01\/07\/mancha-criminal-de-araci-ano-2019\/\"><strong>Araci\u00a0<\/strong><\/a><\/p>\n<p style=\"text-align: justify;\"><a href=\"https:\/\/www.portalalerta.com.br\/index.php\/2020\/01\/05\/mancha-criminal-de-banzae-ba-ano-2019\/\"><strong>Banza\u00ea\u00a0<\/strong><\/a><\/p>\n<p style=\"text-align: justify;\"><a href=\"https:\/\/www.portalalerta.com.br\/index.php\/2020\/01\/15\/mancha-criminal-de-cicero-dantas-ba-ano-2019\/\"><strong>C\u00edcero Dantas\u00a0<\/strong><\/a><\/p>\n<p style=\"text-align: justify;\"><strong><a href=\"https:\/\/www.portalalerta.com.br\/index.php\/2020\/01\/05\/mancha-criminal-de-cipo-ba-ano-2019\/\">Cip\u00f3\u00a0\u00a0<\/a><\/strong><\/p>\n<p style=\"text-align: justify;\"><a href=\"https:\/\/www.portalalerta.com.br\/index.php\/2020\/01\/14\/mancha-criminal-de-euclides-da-cunha-ba-ano-2019\/\"><strong>Euclides da Cunha\u00a0<\/strong><\/a><\/p>\n<p style=\"text-align: justify;\"><strong>F\u00e1tima \u00a0&#8211; N\u00e3o houve Homic\u00eddios<\/strong><\/p>\n<p style=\"text-align: justify;\"><a href=\"https:\/\/www.portalalerta.com.br\/index.php\/2020\/01\/14\/mancha-criminal-de-heliopolis-ba-ano-2018-2\/\"><strong>Heli\u00f3polis<\/strong><\/a><\/p>\n<p style=\"text-align: justify;\"><a href=\"https:\/\/www.portalalerta.com.br\/index.php\/2020\/01\/07\/mancha-criminal-de-jeremoabo-ba-ano-2019\/\"><strong>Jeremoabo\u00a0<\/strong><\/a><\/p>\n<p style=\"text-align: justify;\"><a href=\"https:\/\/www.portalalerta.com.br\/index.php\/2020\/01\/11\/mancha-criminal-de-nova-soure-ano-2019\/\"><strong>Nova Soure\u00a0<\/strong><\/a><\/p>\n<p style=\"text-align: justify;\"><a href=\"https:\/\/www.portalalerta.com.br\/index.php\/2020\/01\/11\/mancha-criminal-de-paripiranga-ba-ano-2019\/\"><strong>Paripiranga\u00a0<\/strong><\/a><\/p>\n<p style=\"text-align: justify;\"><strong>Ribeira do Amparo \u00a0&#8211; N\u00e3o houve Homic\u00eddios<\/strong><\/p>\n<p style=\"text-align: justify;\"><a href=\"https:\/\/www.portalalerta.com.br\/index.php\/2020\/01\/13\/mancha-criminal-de-ribeira-do-pombal-ano-2019\/\"><strong>Ribeira do Pombal\u00a0<\/strong><\/a><\/p>\n<p style=\"text-align: justify;\"><a href=\"https:\/\/www.portalalerta.com.br\/index.php\/2020\/01\/15\/mancha-criminal-de-sitio-do-quinto-ba-ano-2019\/\"><strong>S\u00edtio do Quinto\u00a0<\/strong><\/a><\/p>\n<p style=\"text-align: justify;\"><a href=\"https:\/\/www.portalalerta.com.br\/index.php\/2020\/01\/12\/mancha-criminal-de-tucano-ba-ano-2019\/\"><strong>Tucano\u00a0<\/strong><\/a><\/p>\n<p style=\"text-align: justify;\"><em>Reda\u00e7\u00e3o: Portal Alerta<\/em><\/p>\n","protected":false},"excerpt":{"rendered":"<p>Como j\u00e1 \u00e9 tradi\u00e7\u00e3o, o PORTAL ALERTA divulga em todos os anos, a Mancha Criminal, apontando os locais exatos onde ocorreram, e n\u00fameros importantes sobre homic\u00eddios ocorridos no ano anterior.<\/p>\n","protected":false},"author":2,"featured_media":3531,"comment_status":"open","ping_status":"open","sticky":false,"template":"","format":"standard","meta":{"om_disable_all_campaigns":false,"_monsterinsights_skip_tracking":false,"_monsterinsights_sitenote_active":false,"_monsterinsights_sitenote_note":"","_monsterinsights_sitenote_category":0,"footnotes":""},"categories":[40,41,39,4,13,70,17,10,6,9,69,14,11,32,16,3,22,7,12],"tags":[1887,100,48,49,75,45,129,107,44,2074,230,500,106,51,88,47,111,190],"class_list":["post-20947","post","type-post","status-publish","format-standard","has-post-thumbnail","hentry","category-adustina","category-araci","category-banzae","category-cicero-dantas","category-cipo","category-destaques","category-euclides-da-cunha","category-fatima","category-heliopolis","category-jeremoabo","category-noticias2","category-nova-soure","category-paripiranga","category-regiao","category-ribeira-do-amparo","category-ribeira-do-pombal","category-seguranca","category-sitio-do-quinto","category-tucano","tag-1887","tag-adustina","tag-araci","tag-banzae","tag-cicero-dantas","tag-cipo","tag-euclides-da-cunha","tag-fatima","tag-heliopolis","tag-homicidios","tag-jeremoabo","tag-mancha-criminal","tag-nova-soure","tag-paripiranga","tag-ribeira-do-amparo","tag-ribeira-do-pombal","tag-sitio-do-quinto","tag-tucano"],"aioseo_notices":[],"_links":{"self":[{"href":"https:\/\/www.portalalerta.com.br\/index.php\/wp-json\/wp\/v2\/posts\/20947","targetHints":{"allow":["GET"]}}],"collection":[{"href":"https:\/\/www.portalalerta.com.br\/index.php\/wp-json\/wp\/v2\/posts"}],"about":[{"href":"https:\/\/www.portalalerta.com.br\/index.php\/wp-json\/wp\/v2\/types\/post"}],"author":[{"embeddable":true,"href":"https:\/\/www.portalalerta.com.br\/index.php\/wp-json\/wp\/v2\/users\/2"}],"replies":[{"embeddable":true,"href":"https:\/\/www.portalalerta.com.br\/index.php\/wp-json\/wp\/v2\/comments?post=20947"}],"version-history":[{"count":1,"href":"https:\/\/www.portalalerta.com.br\/index.php\/wp-json\/wp\/v2\/posts\/20947\/revisions"}],"predecessor-version":[{"id":20954,"href":"https:\/\/www.portalalerta.com.br\/index.php\/wp-json\/wp\/v2\/posts\/20947\/revisions\/20954"}],"wp:featuredmedia":[{"embeddable":true,"href":"https:\/\/www.portalalerta.com.br\/index.php\/wp-json\/wp\/v2\/media\/3531"}],"wp:attachment":[{"href":"https:\/\/www.portalalerta.com.br\/index.php\/wp-json\/wp\/v2\/media?parent=20947"}],"wp:term":[{"taxonomy":"category","embeddable":true,"href":"https:\/\/www.portalalerta.com.br\/index.php\/wp-json\/wp\/v2\/categories?post=20947"},{"taxonomy":"post_tag","embeddable":true,"href":"https:\/\/www.portalalerta.com.br\/index.php\/wp-json\/wp\/v2\/tags?post=20947"}],"curies":[{"name":"wp","href":"https:\/\/api.w.org\/{rel}","templated":true}]}}