{"id":20961,"date":"2020-01-17T11:32:45","date_gmt":"2020-01-17T14:32:45","guid":{"rendered":"https:\/\/www.portalalerta.com.br\/?p=20961"},"modified":"2020-01-17T11:32:45","modified_gmt":"2020-01-17T14:32:45","slug":"victor-maia-anuncia-pre-candidatura-a-prefeito-de-cicero-dantas-ba","status":"publish","type":"post","link":"https:\/\/www.portalalerta.com.br\/index.php\/2020\/01\/17\/victor-maia-anuncia-pre-candidatura-a-prefeito-de-cicero-dantas-ba\/","title":{"rendered":"Victor Maia anuncia pr\u00e9-candidatura a prefeito de C\u00edcero Dantas-BA"},"content":{"rendered":"<p style=\"text-align: justify;\">Na manh\u00e3 desta quinta-feira (16), o empres\u00e1rio do setor aliment\u00edcio Victor Maia, anunciou por meio de seu perfil pessoal no Instagram, a sua pr\u00e9-candidatura a prefeito de Cicero Dantas (BA), em 2020. Com 37 anos de idade, o soteropolitano que est\u00e1 na cidade do nordeste do estado desde 2008, ir\u00e1 disputar o pleito pelo Podemos.<!--more--><\/p>\n<p style=\"text-align: justify;\"><img fetchpriority=\"high\" decoding=\"async\" class=\"size-full wp-image-2902 alignleft\" src=\"https:\/\/www.portalalerta.com.br\/wp-content\/uploads\/2017\/11\/elab-2.jpg\" alt=\"\" width=\"310\" height=\"200\" srcset=\"https:\/\/www.portalalerta.com.br\/wp-content\/uploads\/2017\/11\/elab-2.jpg 310w, https:\/\/www.portalalerta.com.br\/wp-content\/uploads\/2017\/11\/elab-2-226x146.jpg 226w, https:\/\/www.portalalerta.com.br\/wp-content\/uploads\/2017\/11\/elab-2-50x32.jpg 50w, https:\/\/www.portalalerta.com.br\/wp-content\/uploads\/2017\/11\/elab-2-116x75.jpg 116w\" sizes=\"(max-width: 310px) 100vw, 310px\" \/>A reportagem entrou em contato com o empres\u00e1rio, e ouviu de Victor que a decis\u00e3o foi tomada ap\u00f3s reuni\u00f5es feitas recentemente com membros do Podemos baiano e com o deputado federal Bacelar, presidente da sigla no estado. O an\u00fancio oficial pelo partido, entretanto, s\u00f3 deve ocorrer em fevereiro.<\/p>\n<p style=\"text-align: justify;\">Questionado sobre se j\u00e1 haveriam nomes cotados para ocupar a posi\u00e7\u00e3o de candidato a vice, Victor que esteve em Salvador onde participou da Lavagem do Bonfim, ao lado de Bacelar, disse que seu partido estudar\u00e1 nos pr\u00f3ximos meses as possibilidades de coliga\u00e7\u00e3o, para a partir da\u00ed definir o indicado a vice na chapa.<\/p>\n<p style=\"text-align: justify;\">Em setembro de 2019, Victor j\u00e1 havia manifestado, em entrevista ao site Sert\u00e3o em Pauta, o interesse em se pr\u00e9-candidatar a prefeito. Nos \u00faltimos tr\u00eas pleitos eleitorais, ele apoiou os candidatos vitoriosos, mas hoje considera que n\u00e3o foram obtidos grandes avan\u00e7os para a cidade, que em suas palavras \u201cest\u00e1 20 anos atrasada em rela\u00e7\u00e3o \u00e0s circunvizinhas\u201c.<\/p>\n<p style=\"text-align: justify;\"><strong>\u00a0<\/strong><em>Fonte: Sert\u00e3o em Pauta<\/em><\/p>\n","protected":false},"excerpt":{"rendered":"<p>Na manh\u00e3 desta quinta-feira (16), o empres\u00e1rio do setor aliment\u00edcio Victor Maia, anunciou por meio de seu perfil pessoal no Instagram, a sua pr\u00e9-candidatura a prefeito de Cicero Dantas (BA), em 2020. Com 37 anos de idade, o soteropolitano que est\u00e1 na cidade do nordeste do estado desde 2008, ir\u00e1 disputar o pleito pelo Podemos.<\/p>\n","protected":false},"author":2,"featured_media":20962,"comment_status":"open","ping_status":"open","sticky":false,"template":"","format":"standard","meta":{"om_disable_all_campaigns":false,"_monsterinsights_skip_tracking":false,"_monsterinsights_sitenote_active":false,"_monsterinsights_sitenote_note":"","_monsterinsights_sitenote_category":0,"footnotes":""},"categories":[4,70,69,21,32],"tags":[75,3215,2914,3004,198,145,3338],"class_list":["post-20961","post","type-post","status-publish","format-standard","has-post-thumbnail","hentry","category-cicero-dantas","category-destaques","category-noticias2","category-politica","category-regiao","tag-cicero-dantas","tag-eleicoes-2020","tag-podemos","tag-pre-candidato","tag-prefeito","tag-prefeitura","tag-victor-maia"],"aioseo_notices":[],"_links":{"self":[{"href":"https:\/\/www.portalalerta.com.br\/index.php\/wp-json\/wp\/v2\/posts\/20961","targetHints":{"allow":["GET"]}}],"collection":[{"href":"https:\/\/www.portalalerta.com.br\/index.php\/wp-json\/wp\/v2\/posts"}],"about":[{"href":"https:\/\/www.portalalerta.com.br\/index.php\/wp-json\/wp\/v2\/types\/post"}],"author":[{"embeddable":true,"href":"https:\/\/www.portalalerta.com.br\/index.php\/wp-json\/wp\/v2\/users\/2"}],"replies":[{"embeddable":true,"href":"https:\/\/www.portalalerta.com.br\/index.php\/wp-json\/wp\/v2\/comments?post=20961"}],"version-history":[{"count":1,"href":"https:\/\/www.portalalerta.com.br\/index.php\/wp-json\/wp\/v2\/posts\/20961\/revisions"}],"predecessor-version":[{"id":20963,"href":"https:\/\/www.portalalerta.com.br\/index.php\/wp-json\/wp\/v2\/posts\/20961\/revisions\/20963"}],"wp:featuredmedia":[{"embeddable":true,"href":"https:\/\/www.portalalerta.com.br\/index.php\/wp-json\/wp\/v2\/media\/20962"}],"wp:attachment":[{"href":"https:\/\/www.portalalerta.com.br\/index.php\/wp-json\/wp\/v2\/media?parent=20961"}],"wp:term":[{"taxonomy":"category","embeddable":true,"href":"https:\/\/www.portalalerta.com.br\/index.php\/wp-json\/wp\/v2\/categories?post=20961"},{"taxonomy":"post_tag","embeddable":true,"href":"https:\/\/www.portalalerta.com.br\/index.php\/wp-json\/wp\/v2\/tags?post=20961"}],"curies":[{"name":"wp","href":"https:\/\/api.w.org\/{rel}","templated":true}]}}