{"id":20964,"date":"2020-01-17T11:42:28","date_gmt":"2020-01-17T14:42:28","guid":{"rendered":"https:\/\/www.portalalerta.com.br\/?p=20964"},"modified":"2020-01-17T11:42:28","modified_gmt":"2020-01-17T14:42:28","slug":"resultado-do-enem-2019-e-divulgado-pelo-mec-saiba-como-consultar-a-nota","status":"publish","type":"post","link":"https:\/\/www.portalalerta.com.br\/index.php\/2020\/01\/17\/resultado-do-enem-2019-e-divulgado-pelo-mec-saiba-como-consultar-a-nota\/","title":{"rendered":"Resultado do Enem 2019 \u00e9 divulgado pelo MEC; saiba como consultar a nota"},"content":{"rendered":"<p style=\"text-align: justify;\">Nesta sexta-feira, 17, os quase 4 milh\u00f5es de participantes do Exame Nacional do Ensino M\u00e9dio (Enem) 2019 poder\u00e3o consultar os resultados das provas. Os estudantes ter\u00e3o acesso \u00e0 nota da reda\u00e7\u00e3o e \u00e0 pontua\u00e7\u00e3o de cada uma das quatro \u00e1reas de conhecimento: linguagens, ci\u00eancias humanas, ci\u00eancias da natureza e matem\u00e1tica.<!--more--><\/p>\n<p style=\"text-align: justify;\">As notas estar\u00e3o dispon\u00edveis na\u00a0<a href=\"https:\/\/enem.inep.gov.br\/participante\/#!\/\">P\u00e1gina do Participante<\/a>\u00a0e no aplicativo do Enem. \u00c9 preciso fazer o login com o CPF e a senha cadastrada. Quem esqueceu a senha, pode recuper\u00e1-la pelo pr\u00f3prio sistema.<\/p>\n<p style=\"text-align: justify;\">Agora os estudantes ter\u00e3o acesso apenas \u00e0 nota que obtiveram na reda\u00e7\u00e3o. O espelho da prova, que cont\u00e9m detalhes da corre\u00e7\u00e3o dos textos, ser\u00e1 divulgado em mar\u00e7o, 60 dias ap\u00f3s a divulga\u00e7\u00e3o do resultado individual. As notas\u00a0n\u00e3o cabem recurso.<\/p>\n<p style=\"text-align: justify;\">Os chamados treineiros, aqueles que fizeram o exame apenas para testar os conhecimentos, ter\u00e3o que esperar mais um pouco, as notas desses participantes ser\u00e3o divulgadas tamb\u00e9m em mar\u00e7o. Esses candidatos n\u00e3o poder\u00e3o usar o Enem para concorrer a vagas no ensino superior pelos programas federais.<\/p>\n<h2 style=\"text-align: justify;\"><strong> <img fetchpriority=\"high\" decoding=\"async\" class=\"size-thumbnail wp-image-4869 aligncenter\" src=\"https:\/\/www.portalalerta.com.br\/wp-content\/uploads\/2018\/02\/Auto-Escola-Nobre-720x181.jpg\" alt=\"\" width=\"720\" height=\"181\" srcset=\"https:\/\/www.portalalerta.com.br\/wp-content\/uploads\/2018\/02\/Auto-Escola-Nobre.jpg 720w, https:\/\/www.portalalerta.com.br\/wp-content\/uploads\/2018\/02\/Auto-Escola-Nobre-260x65.jpg 260w, https:\/\/www.portalalerta.com.br\/wp-content\/uploads\/2018\/02\/Auto-Escola-Nobre-50x13.jpg 50w, https:\/\/www.portalalerta.com.br\/wp-content\/uploads\/2018\/02\/Auto-Escola-Nobre-150x38.jpg 150w\" sizes=\"(max-width: 720px) 100vw, 720px\" \/>Corre\u00e7\u00e3o das provas<\/strong><\/h2>\n<p style=\"text-align: justify;\">O exame \u00e9 composto por quatro provas objetivas, totalizando 180 quest\u00f5es, e uma reda\u00e7\u00e3o. As quest\u00f5es objetivas s\u00e3o corrigidas pela chamada\u00a0Teoria de Resposta ao Item (TRI).<\/p>\n<p style=\"text-align: justify;\">Pela TRI, n\u00e3o h\u00e1 um valor fixo para cada quest\u00e3o. A pontua\u00e7\u00e3o varia conforme o percentual de acertos e erros naquele item entre os participantes e tamb\u00e9m de acordo com o desempenho de cada estudante na prova.<\/p>\n<p style=\"text-align: justify;\">J\u00e1 a\u00a0nota da reda\u00e7\u00e3o\u00a0varia de 0 a 1 mil. Cada reda\u00e7\u00e3o \u00e9 corrigida por duas pessoas, que d\u00e3o notas de 0 a 200 para cada uma das cinco compet\u00eancias avaliadas no Enem. A nota final ser\u00e1 a m\u00e9dia aritm\u00e9tica das duas notas.<\/p>\n<p style=\"text-align: justify;\">Caso haja uma diferen\u00e7a entre as notas de mais de 100 pontos na nota final ou de mais de 80 pontos em qualquer uma das compet\u00eancias, a reda\u00e7\u00e3o passa por um terceiro avaliador.<\/p>\n<p style=\"text-align: justify;\">Se a diferen\u00e7a entre as notas dadas se mantiver, a reda\u00e7\u00e3o \u00e9 avaliada por uma banca presencial composta por tr\u00eas professores, que definir\u00e1 a nota final do participante.<\/p>\n<p style=\"text-align: justify;\">As cinco compet\u00eancias avaliadas na reda\u00e7\u00e3o do Enem s\u00e3o:<\/p>\n<p style=\"text-align: justify;\">1: Demonstrar dom\u00ednio da modalidade escrita formal da l\u00edngua portuguesa.<\/p>\n<p style=\"text-align: justify;\">2: Compreender a proposta de reda\u00e7\u00e3o e aplicar conceitos das v\u00e1rias \u00e1reas de conhecimento para desenvolver o tema, dentro dos limites estruturais do texto dissertativo-argumentativo em prosa.<\/p>\n<p style=\"text-align: justify;\">3: Selecionar, relacionar, organizar e interpretar informa\u00e7\u00f5es, fatos, opini\u00f5es e argumentos em defesa de um ponto de vista.<\/p>\n<p style=\"text-align: justify;\">4: Demonstrar conhecimento dos mecanismos lingu\u00edsticos necess\u00e1rios para a constru\u00e7\u00e3o da argumenta\u00e7\u00e3o.<\/p>\n<p style=\"text-align: justify;\">5: Elaborar proposta de interven\u00e7\u00e3o para o problema abordado, respeitando os direitos humanos.<\/p>\n<h2 style=\"text-align: justify;\"><strong>Ensino superior<\/strong><\/h2>\n<p style=\"text-align: justify;\">Com os resultados, os estudantes poder\u00e3o concorrer a vagas no ensino superior p\u00fablico pelo Sistema de Sele\u00e7\u00e3o Unificada (Sisu), a bolsas em institui\u00e7\u00f5es privadas, pelo Programa Universidade para Todos (ProUni), e participar do Fundo de Financiamento Estudantil (Fies).<\/p>\n<p style=\"text-align: justify;\">O primeiro processo que ter\u00e1 as inscri\u00e7\u00f5es abertas \u00e9 o\u00a0Sisu. Para participar \u00e9 preciso fazer a inscri\u00e7\u00e3o online no per\u00edodo de 21 a 24 de janeiro. As inscri\u00e7\u00f5es para o\u00a0ProUni\u00a0poder\u00e3o ser feitas de 28 a 31 de janeiro e, para o\u00a0Fies, de 5 a 12 de fevereiro.<\/p>\n<p style=\"text-align: justify;\">Al\u00e9m dos programas nacionais, os estudantes podem usar as notas para cursar o ensino superior em Portugal. O Inep tem conv\u00eanio com mais de 40\u00a0institui\u00e7\u00f5es portuguesas.<\/p>\n<p style=\"text-align: justify;\"><em>Fonte: Ag\u00eancia Brasil<\/em><\/p>\n","protected":false},"excerpt":{"rendered":"<p>Nesta sexta-feira, 17, os quase 4 milh\u00f5es de participantes do Exame Nacional do Ensino M\u00e9dio (Enem) 2019 poder\u00e3o consultar os resultados das provas. Os estudantes ter\u00e3o acesso \u00e0 nota da reda\u00e7\u00e3o e \u00e0 pontua\u00e7\u00e3o de cada uma das quatro \u00e1reas de conhecimento: linguagens, ci\u00eancias humanas, ci\u00eancias da natureza e matem\u00e1tica.<\/p>\n","protected":false},"author":2,"featured_media":4029,"comment_status":"open","ping_status":"open","sticky":false,"template":"","format":"standard","meta":{"om_disable_all_campaigns":false,"_monsterinsights_skip_tracking":false,"_monsterinsights_sitenote_active":false,"_monsterinsights_sitenote_note":"","_monsterinsights_sitenote_category":0,"footnotes":""},"categories":[34,70,20,69],"tags":[93,220,1437,1436,452],"class_list":["post-20964","post","type-post","status-publish","format-standard","has-post-thumbnail","hentry","category-brasil","category-destaques","category-educacao","category-noticias2","tag-brasil","tag-enem","tag-mec","tag-ministerio-da-educacao","tag-resultado"],"aioseo_notices":[],"_links":{"self":[{"href":"https:\/\/www.portalalerta.com.br\/index.php\/wp-json\/wp\/v2\/posts\/20964","targetHints":{"allow":["GET"]}}],"collection":[{"href":"https:\/\/www.portalalerta.com.br\/index.php\/wp-json\/wp\/v2\/posts"}],"about":[{"href":"https:\/\/www.portalalerta.com.br\/index.php\/wp-json\/wp\/v2\/types\/post"}],"author":[{"embeddable":true,"href":"https:\/\/www.portalalerta.com.br\/index.php\/wp-json\/wp\/v2\/users\/2"}],"replies":[{"embeddable":true,"href":"https:\/\/www.portalalerta.com.br\/index.php\/wp-json\/wp\/v2\/comments?post=20964"}],"version-history":[{"count":1,"href":"https:\/\/www.portalalerta.com.br\/index.php\/wp-json\/wp\/v2\/posts\/20964\/revisions"}],"predecessor-version":[{"id":20965,"href":"https:\/\/www.portalalerta.com.br\/index.php\/wp-json\/wp\/v2\/posts\/20964\/revisions\/20965"}],"wp:featuredmedia":[{"embeddable":true,"href":"https:\/\/www.portalalerta.com.br\/index.php\/wp-json\/wp\/v2\/media\/4029"}],"wp:attachment":[{"href":"https:\/\/www.portalalerta.com.br\/index.php\/wp-json\/wp\/v2\/media?parent=20964"}],"wp:term":[{"taxonomy":"category","embeddable":true,"href":"https:\/\/www.portalalerta.com.br\/index.php\/wp-json\/wp\/v2\/categories?post=20964"},{"taxonomy":"post_tag","embeddable":true,"href":"https:\/\/www.portalalerta.com.br\/index.php\/wp-json\/wp\/v2\/tags?post=20964"}],"curies":[{"name":"wp","href":"https:\/\/api.w.org\/{rel}","templated":true}]}}