{"id":20995,"date":"2020-01-22T17:00:37","date_gmt":"2020-01-22T20:00:37","guid":{"rendered":"https:\/\/www.portalalerta.com.br\/?p=20995"},"modified":"2020-01-22T17:00:37","modified_gmt":"2020-01-22T20:00:37","slug":"chefe-de-operacoes-diz-ser-dificil-que-fugitivos-do-pcc-estejam-no-brasil","status":"publish","type":"post","link":"https:\/\/www.portalalerta.com.br\/index.php\/2020\/01\/22\/chefe-de-operacoes-diz-ser-dificil-que-fugitivos-do-pcc-estejam-no-brasil\/","title":{"rendered":"Chefe de opera\u00e7\u00f5es diz ser dif\u00edcil que fugitivos do PCC estejam no Brasil"},"content":{"rendered":"<p style=\"text-align: justify;\">O coordenador do Centro Integrado de Opera\u00e7\u00f5es de Fronteira (CIOF), Eduardo Bettini, afirmou ao Estado considerar \u201cmuito dif\u00edcil\u201d que fugitivos da Penitenci\u00e1ria Regional de Pedro Juan Caballero, no Paraguai, tenham entrado no Brasil. Ao todo, 75 detentos ligados \u00e0 fac\u00e7\u00e3o criminosa Primeiro Comando da Capital (PCC) escaparam do pres\u00eddio no domingo, 19. Segundo o Minist\u00e9rio do Interior paraguaio, seis deles j\u00e1 foram recapturados, apenas um no territ\u00f3rio brasileiro.<!--more--><\/p>\n<p style=\"text-align: justify;\">\u201cJ\u00e1 havia um dispositivo todo montado na fronteira, antes de a fuga ter ocorrido. Acho muito dif\u00edcil que eles tenham passados por tantas barreiras sem serem notados por policiais bem treinados que j\u00e1 estavam em opera\u00e7\u00e3o na \u00e1rea\u201d, afirmou Bettini.<\/p>\n<p style=\"text-align: justify;\"><img fetchpriority=\"high\" decoding=\"async\" class=\"size-full wp-image-2902 alignleft\" src=\"https:\/\/www.portalalerta.com.br\/wp-content\/uploads\/2017\/11\/elab-2.jpg\" alt=\"\" width=\"310\" height=\"200\" srcset=\"https:\/\/www.portalalerta.com.br\/wp-content\/uploads\/2017\/11\/elab-2.jpg 310w, https:\/\/www.portalalerta.com.br\/wp-content\/uploads\/2017\/11\/elab-2-226x146.jpg 226w, https:\/\/www.portalalerta.com.br\/wp-content\/uploads\/2017\/11\/elab-2-50x32.jpg 50w, https:\/\/www.portalalerta.com.br\/wp-content\/uploads\/2017\/11\/elab-2-116x75.jpg 116w\" sizes=\"(max-width: 310px) 100vw, 310px\" \/>Um dos presos, no entanto, foi capturado do lado brasileiro. Eduardo Alves da Cruz, de 30 anos, foi parado em um bloqueio na cidade de Ponta Por\u00e3, em Mato Grosso do Sul, que faz fronteira com Pedro Juan Caballero.<\/p>\n<p style=\"text-align: justify;\">O Minist\u00e9rio da Justi\u00e7a e Seguran\u00e7a P\u00fablica do Brasil re\u00fane na tarde desta quarta-feira, 22, em Foz do Igua\u00e7u, no Paran\u00e1, todos os \u00f3rg\u00e3os policiais estaduais e federais que atuam na captura dos fugitivos. Ser\u00e3o definidos, por exemplo, quando e onde atuar\u00e3o os helic\u00f3pteros e as embarca\u00e7\u00f5es no combate ao crime organizado.<\/p>\n<p style=\"text-align: justify;\">\u201cN\u00e3o precisamos inventar nada de novo para trabalhar na captura dos presos porque existia uma opera\u00e7\u00e3o em andamento e, da\u00ed, o que fizemos, foi refor\u00e7ar a opera\u00e7\u00e3o que j\u00e1 existia\u201d, afirmou o coordenador do CIOF. \u201cNesta reuni\u00e3o ser\u00e3o feitos os ajustes na opera\u00e7\u00e3o.\u201d<\/p>\n<p style=\"text-align: justify;\"><strong>Programa Vigia,<\/strong><\/p>\n<p style=\"text-align: justify;\">O governo brasileiro mant\u00e9m na regi\u00e3o o programa Vigia, uma parceria entre as pol\u00edcias federais, estaduais e as For\u00e7as Armadas para aumentar a fiscaliza\u00e7\u00e3o e a repress\u00e3o contra os crimes transfronteiri\u00e7os, como contrabando, tr\u00e1fico de drogas, armas e muni\u00e7\u00f5es. Iniciado em abril do ano passado, o programa prev\u00ea opera\u00e7\u00f5es integradas, aquisi\u00e7\u00e3o de equipamentos, capacita\u00e7\u00f5es e bases operacionais com integra\u00e7\u00e3o de sistemas.<\/p>\n<p style=\"text-align: justify;\">Um das a\u00e7\u00f5es j\u00e1 realizadas neste per\u00edodo foi a Opera\u00e7\u00e3o H\u00f3rus. Segundo Betitini, um dos bra\u00e7os desta opera\u00e7\u00e3o, montada na regi\u00e3o de Gua\u00edra, no oeste do Paran\u00e1, bloqueou o fluxo de cerca de 200 lanchas que atravessavam todas a noite o Rio Paran\u00e1, na divisa entre Brasil e Paraguai, transportando mercadorias ilegais.<\/p>\n<p style=\"text-align: justify;\">Desde setembro, o governo vem ampliando o esquema de patrulhamento para outros Estados e j\u00e1 atua de forma semelhante em Mato Grosso do Sul, Mato Grosso, Rond\u00f4nia, Acre e Amazonas. O objetivo \u00e9 estender para 11 Estados fronteiri\u00e7os.<\/p>\n<p style=\"text-align: justify;\">Segundo Bettini, o governo contabiliza \u201cn\u00fameros positivos\u201d ap\u00f3s a integra\u00e7\u00e3o de esfor\u00e7os para combate ao crime nas fronteiras. Conforme dados do programa Vigia, desde abril, 223 armas foram apreendidas, al\u00e9m de 51 toneladas de agrot\u00f3xicos, 30 milh\u00f5es de ma\u00e7os de cigarro, 609 ve\u00edculos, 110 embarca\u00e7\u00f5es, 86,9 toneladas de drogas \u2013 a maior parte maconha.<\/p>\n<p style=\"text-align: justify;\">\u201cDesde que se iniciou o programa Vigia, houve aumento de 40% de apreens\u00f5es em drogas em Mato Grosso do Sul. Um recorde hist\u00f3rico de apreens\u00f5es\u201d, disse Bettini, lembrando que isso s\u00f3 foi poss\u00edvel gra\u00e7as ao trabalho integrado.<\/p>\n<p style=\"text-align: justify;\">Dados do Minist\u00e9rio da Justi\u00e7a mostram que o volume de preju\u00edzo causado ao crime organizado alcan\u00e7ou R$ 7 bilh\u00f5es , motivado pelas apreens\u00f5es de drogas, armas, cigarros, caminh\u00f5es, motos, pirataria e produtos falsificados.<\/p>\n<p style=\"text-align: justify;\">\u201cAcabou o tempo de opera\u00e7\u00f5es tempor\u00e1rias. Agora, a fiscaliza\u00e7\u00e3o \u00e9 permanente, com os agentes integrados, de olho na fronteira\u201d, disse Bettini. \u201cQueremos fragmentar as organiza\u00e7\u00f5es criminosas, reduzir a vitalidade financeira delas e \u00e9 isso que estamos fazendo\u201d, completou.<\/p>\n<p style=\"text-align: justify;\">Para 2020, a meta do Minist\u00e9rio da Justi\u00e7a, de acordo com o coordenador do CIOP, \u00e9 triplicar o programa Vigia. Hoje, por exemplo, 215 policiais est\u00e3o trabalhando por dia no projeto, distribu\u00eddos em v\u00e1rios Estados. A meta \u00e9 passar para pelo menos 700 policiais por dia at\u00e9 o fim do ano.<\/p>\n<p style=\"text-align: justify;\">\u201cCom este tipo de a\u00e7\u00e3o permanente, estamos sendo proativos no combate ao crime organizado e n\u00e3o reativos, como acontecia antes\u201d, disse ele, citando, ainda que o Estado est\u00e1 se fazendo presente em muitas regi\u00f5es de fronteira, o que acaba coibindo a criminalidade.<\/p>\n<p style=\"text-align: justify;\"><em>Fonte: Agencia Brasil<\/em><\/p>\n","protected":false},"excerpt":{"rendered":"<p>O coordenador do Centro Integrado de Opera\u00e7\u00f5es de Fronteira (CIOF), Eduardo Bettini, afirmou ao Estado considerar \u201cmuito dif\u00edcil\u201d que fugitivos da Penitenci\u00e1ria Regional de Pedro Juan Caballero, no Paraguai, tenham entrado no Brasil. Ao todo, 75 detentos ligados \u00e0 fac\u00e7\u00e3o criminosa Primeiro Comando da Capital (PCC) escaparam do pres\u00eddio no domingo, 19. Segundo o Minist\u00e9rio &hellip;<\/p>\n","protected":false},"author":2,"featured_media":20996,"comment_status":"open","ping_status":"open","sticky":false,"template":"","format":"standard","meta":{"om_disable_all_campaigns":false,"_monsterinsights_skip_tracking":false,"_monsterinsights_sitenote_active":false,"_monsterinsights_sitenote_note":"","_monsterinsights_sitenote_category":0,"footnotes":""},"categories":[34,70,35,69,22],"tags":[93,137,844,613,268,110],"class_list":["post-20995","post","type-post","status-publish","format-standard","has-post-thumbnail","hentry","category-brasil","category-destaques","category-mundo","category-noticias2","category-seguranca","tag-brasil","tag-fuga","tag-paraguai","tag-pcc","tag-presidio","tag-presos"],"aioseo_notices":[],"_links":{"self":[{"href":"https:\/\/www.portalalerta.com.br\/index.php\/wp-json\/wp\/v2\/posts\/20995","targetHints":{"allow":["GET"]}}],"collection":[{"href":"https:\/\/www.portalalerta.com.br\/index.php\/wp-json\/wp\/v2\/posts"}],"about":[{"href":"https:\/\/www.portalalerta.com.br\/index.php\/wp-json\/wp\/v2\/types\/post"}],"author":[{"embeddable":true,"href":"https:\/\/www.portalalerta.com.br\/index.php\/wp-json\/wp\/v2\/users\/2"}],"replies":[{"embeddable":true,"href":"https:\/\/www.portalalerta.com.br\/index.php\/wp-json\/wp\/v2\/comments?post=20995"}],"version-history":[{"count":1,"href":"https:\/\/www.portalalerta.com.br\/index.php\/wp-json\/wp\/v2\/posts\/20995\/revisions"}],"predecessor-version":[{"id":20997,"href":"https:\/\/www.portalalerta.com.br\/index.php\/wp-json\/wp\/v2\/posts\/20995\/revisions\/20997"}],"wp:featuredmedia":[{"embeddable":true,"href":"https:\/\/www.portalalerta.com.br\/index.php\/wp-json\/wp\/v2\/media\/20996"}],"wp:attachment":[{"href":"https:\/\/www.portalalerta.com.br\/index.php\/wp-json\/wp\/v2\/media?parent=20995"}],"wp:term":[{"taxonomy":"category","embeddable":true,"href":"https:\/\/www.portalalerta.com.br\/index.php\/wp-json\/wp\/v2\/categories?post=20995"},{"taxonomy":"post_tag","embeddable":true,"href":"https:\/\/www.portalalerta.com.br\/index.php\/wp-json\/wp\/v2\/tags?post=20995"}],"curies":[{"name":"wp","href":"https:\/\/api.w.org\/{rel}","templated":true}]}}