{"id":20998,"date":"2020-01-22T17:01:12","date_gmt":"2020-01-22T20:01:12","guid":{"rendered":"https:\/\/www.portalalerta.com.br\/?p=20998"},"modified":"2020-01-22T17:01:12","modified_gmt":"2020-01-22T20:01:12","slug":"grupo-quer-examinar-ossada-e-inocentar-condenado-pela-morte-de-tim-lopes","status":"publish","type":"post","link":"https:\/\/www.portalalerta.com.br\/index.php\/2020\/01\/22\/grupo-quer-examinar-ossada-e-inocentar-condenado-pela-morte-de-tim-lopes\/","title":{"rendered":"Grupo quer examinar ossada e inocentar condenado pela morte de Tim Lopes"},"content":{"rendered":"<p style=\"text-align: justify;\">Quase 18 anos depois do assassinato do jornalista investigativo Tim Lopes, da TV Globo, executado em um dos principais redutos do tr\u00e1fico de drogas do Rio, um grupo de advogados quer desarquivar o inqu\u00e9rito gra\u00e7as a uma mudan\u00e7a na lei.<!--more--><\/p>\n<p style=\"text-align: justify;\">Para os criminalistas, Elias Pereira da Silva, conhecido no pa\u00eds e no exterior como Elias Maluco, condenado a 28 anos e seis meses de pris\u00e3o por ter sido o mandante do crime, \u00e9 inocente.<\/p>\n<p style=\"text-align: justify;\">A advogada Alexandra Oliveira Menezes teve o primeiro contato com Elias h\u00e1 cerca de dois anos a pedido de um outro detento, que era cliente dela.<\/p>\n<p style=\"text-align: justify;\"><img fetchpriority=\"high\" decoding=\"async\" class=\"alignleft wp-image-20957 size-full\" src=\"https:\/\/www.portalalerta.com.br\/wp-content\/uploads\/2020\/01\/Real-Volta-as-aulas-2020.jpeg\" alt=\"\" width=\"333\" height=\"400\" \/>Em janeiro do ano passado, firmou parceria com o escrit\u00f3rio do criminalista Eduardo Mayr. \u201cJulgamentos como o que condenou o Elias costumam levar o dobro do tempo. H\u00e1 detalhes do processo que n\u00e3o foram explorados. Vamos remexer com uma hist\u00f3ria que j\u00e1 estava enterrada\u201d, prev\u00ea Alexandra.<\/p>\n<p style=\"text-align: justify;\">Segundo a defesa, Elias estava fora do Rio no dia do homic\u00eddio. Em outubro, o STF (Supremo Tribunal Federal) derrubou uma liminar que o colocaria em liberdade.<\/p>\n<p style=\"text-align: justify;\">Com a publica\u00e7\u00e3o no Di\u00e1rio Oficial da Uni\u00e3o de um ato do Conselho Federal da OAB (Ordem dos Advogados do Brasil), em janeiro de 2019, os advogados foram autorizados a investigar por conta pr\u00f3pria. A mudan\u00e7a, que atinge o C\u00f3digo de Processo Penal, fez com os defensores decidissem reabrir um caso j\u00e1 tido como resolvido pela Justi\u00e7a.<\/p>\n<p style=\"text-align: justify;\">\u201cO Elias n\u00e3o \u00e9 o monstro que foi apresentado para a sociedade. Na \u00e9poca, ele foi identificado como um dos nomes da criminalidade daquela regi\u00e3o. A sociedade queria uma resposta r\u00e1pida. Quando foi julgado, o Elias j\u00e1 tinha sido condenado pela opini\u00e3o p\u00fablica e pela m\u00eddia\u201d, diz a advogada Alexandra Oliveira Menezes.<\/p>\n<p style=\"text-align: justify;\">Na sexta-feira (17), a advogada visitou Elias, detido na Penitenci\u00e1ria Federal de Catanduvas (PR). Na pr\u00f3xima semana, a criminalista pretende visitar a pacata Mar de Espanha (MG), cidade com pouco mais de 12 mil habitantes pr\u00f3ximo \u00e0 divisa com o estado do Rio de Janeiro.<\/p>\n<p style=\"text-align: justify;\">Ela quer localizar testemunhas que confirmem que Elias estava l\u00e1 quando Tim Lopes foi capturado, torturado e executado enquanto fazia uma reportagem sobre prostitui\u00e7\u00e3o de adolescentes em um baile funk na Vila Cruzeiro, zona norte do Rio, em 2002.<\/p>\n<p style=\"text-align: justify;\">Segundo a advogada, Elias estava com o irm\u00e3o, o tio, o primo e outros parentes. \u201c\u00c9 uma cidade muito pequena e com sinal fraco de telefone. O Elias n\u00e3o teria como ordenar o crime nessas circunst\u00e2ncias\u201d, argumenta.<\/p>\n<p style=\"text-align: justify;\">A defesa tamb\u00e9m pretende intimar um dos r\u00e9us do caso, que estava pr\u00f3ximo ao local do crime quando Tim Lopes foi capturado por traficantes. A identidade desse r\u00e9u \u00e9 mantida em sigilo pelos advogados.<\/p>\n<p style=\"text-align: justify;\">O chefe de investiga\u00e7\u00f5es da Pol\u00edcia Civil encarregado pela investiga\u00e7\u00e3o na \u00e9poca, afastado do caso, tamb\u00e9m deve ser procurado.<\/p>\n<p style=\"text-align: justify;\">Os advogados acreditam que podem comprovar que as ossadas encontradas em um cemit\u00e9rio clandestino na regi\u00e3o, na verdade, n\u00e3o seriam de Tim Lopes. Se essa hip\u00f3tese for confirmada, os criminalistas entendem que podem pedir a anula\u00e7\u00e3o do processo.<\/p>\n<p style=\"text-align: justify;\">A diretoria da Abraji (Associa\u00e7\u00e3o Brasileira de Jornalismo Investigativo) disse, em nota, que a reabertura do caso sem evid\u00eancias consistentes da inoc\u00eancia de Elias pode agravar a impunidade em ataques contra jornalistas no pa\u00eds.<\/p>\n<p style=\"text-align: justify;\">A entidade tamb\u00e9m alerta que, na \u00e9poca da condena\u00e7\u00e3o, o Judici\u00e1rio encontrou elementos para relacion\u00e1-lo com o crime.<\/p>\n<p style=\"text-align: justify;\">\u201c\u00c0 \u00e9poca do julgamento, a pol\u00edcia, o Minist\u00e9rio P\u00fablico e o Judici\u00e1rio concordaram que havia ind\u00edcios suficientes da participa\u00e7\u00e3o de Elias Maluco no assassinato. Em 2009, um recurso da defesa para realiza\u00e7\u00e3o de um novo j\u00fari foi negado. A quest\u00e3o precisa ser avaliada com cuidado, j\u00e1 que a reabertura do caso sem novas provas relevantes agravaria a preval\u00eancia da impunidade de crimes contra jornalistas no Brasil\u201d, diz a Abraji.<\/p>\n<p style=\"text-align: justify;\">Procurada, a fam\u00edlia de Tim Lopes n\u00e3o quis se manifestar. O Sindicato dos Jornalistas Profissionais do Rio de Janeiro disse n\u00e3o ter elementos para se pronunciar.<\/p>\n<p style=\"text-align: justify;\"><em>Fonte: Canabrava FM<\/em><\/p>\n<p style=\"text-align: justify;\"><em>Com informa\u00e7\u00f5es: Agencia Brasil<\/em><\/p>\n","protected":false},"excerpt":{"rendered":"<p>Quase 18 anos depois do assassinato do jornalista investigativo Tim Lopes, da TV Globo, executado em um dos principais redutos do tr\u00e1fico de drogas do Rio, um grupo de advogados quer desarquivar o inqu\u00e9rito gra\u00e7as a uma mudan\u00e7a na lei.<\/p>\n","protected":false},"author":2,"featured_media":20999,"comment_status":"open","ping_status":"open","sticky":false,"template":"","format":"standard","meta":{"om_disable_all_campaigns":false,"_monsterinsights_skip_tracking":false,"_monsterinsights_sitenote_active":false,"_monsterinsights_sitenote_note":"","_monsterinsights_sitenote_category":0,"footnotes":""},"categories":[34,70,69,22],"tags":[1357,93,3343,3342,3341,76],"class_list":["post-20998","post","type-post","status-publish","format-standard","has-post-thumbnail","hentry","category-brasil","category-destaques","category-noticias2","category-seguranca","tag-advogados","tag-brasil","tag-elias-maluco","tag-imprensa","tag-tim-lopes","tag-trafico-de-drogas"],"aioseo_notices":[],"_links":{"self":[{"href":"https:\/\/www.portalalerta.com.br\/index.php\/wp-json\/wp\/v2\/posts\/20998","targetHints":{"allow":["GET"]}}],"collection":[{"href":"https:\/\/www.portalalerta.com.br\/index.php\/wp-json\/wp\/v2\/posts"}],"about":[{"href":"https:\/\/www.portalalerta.com.br\/index.php\/wp-json\/wp\/v2\/types\/post"}],"author":[{"embeddable":true,"href":"https:\/\/www.portalalerta.com.br\/index.php\/wp-json\/wp\/v2\/users\/2"}],"replies":[{"embeddable":true,"href":"https:\/\/www.portalalerta.com.br\/index.php\/wp-json\/wp\/v2\/comments?post=20998"}],"version-history":[{"count":1,"href":"https:\/\/www.portalalerta.com.br\/index.php\/wp-json\/wp\/v2\/posts\/20998\/revisions"}],"predecessor-version":[{"id":21000,"href":"https:\/\/www.portalalerta.com.br\/index.php\/wp-json\/wp\/v2\/posts\/20998\/revisions\/21000"}],"wp:featuredmedia":[{"embeddable":true,"href":"https:\/\/www.portalalerta.com.br\/index.php\/wp-json\/wp\/v2\/media\/20999"}],"wp:attachment":[{"href":"https:\/\/www.portalalerta.com.br\/index.php\/wp-json\/wp\/v2\/media?parent=20998"}],"wp:term":[{"taxonomy":"category","embeddable":true,"href":"https:\/\/www.portalalerta.com.br\/index.php\/wp-json\/wp\/v2\/categories?post=20998"},{"taxonomy":"post_tag","embeddable":true,"href":"https:\/\/www.portalalerta.com.br\/index.php\/wp-json\/wp\/v2\/tags?post=20998"}],"curies":[{"name":"wp","href":"https:\/\/api.w.org\/{rel}","templated":true}]}}