{"id":21001,"date":"2020-01-22T17:02:01","date_gmt":"2020-01-22T20:02:01","guid":{"rendered":"https:\/\/www.portalalerta.com.br\/?p=21001"},"modified":"2020-01-22T17:02:01","modified_gmt":"2020-01-22T20:02:01","slug":"acusado-de-agredir-jornalistas-bolsonaro-decide-nao-dar-mais-entrevistas","status":"publish","type":"post","link":"https:\/\/www.portalalerta.com.br\/index.php\/2020\/01\/22\/acusado-de-agredir-jornalistas-bolsonaro-decide-nao-dar-mais-entrevistas\/","title":{"rendered":"Acusado de agredir jornalistas, Bolsonaro decide n\u00e3o dar mais entrevistas"},"content":{"rendered":"<p style=\"text-align: justify;\">O presidente Jair Bolsonaro se negou a responder perguntas de rep\u00f3rteres na manh\u00e3 desta quarta-feira. Ele disse querer falar com a imprensa, mas que como tem sido acusado de agredir os jornalistas n\u00e3o iria se pronunciar. Ele se referia ao relat\u00f3rio &#8220;Viol\u00eancia contra Jornalistas e Liberdade de Imprensa no Brasil&#8221;, divulgado pela Federa\u00e7\u00e3o Nacional dos Jornalistas (Fenaj) na semana passada. O documento apontou que casos de ataques a rep\u00f3rteres e ve\u00edculos de comunica\u00e7\u00e3o cresceram 54% no ano passado (saltaram de 135 para 208), e que Bosonaro foi respons\u00e1vel, sozinho, por 58% do total de agress\u00f5es \u2014 seja por seu perfil no Twitter, lives ou entrevistas.<!--more--><\/p>\n<p style=\"text-align: justify;\">\u2014 Eu quero falar com voc\u00eas, mas a associa\u00e7\u00e3o nacional de jornalistas diz que quando eu falo, eu agrido voc\u00eas. Como eu sou uma pessoa da paz, n\u00e3o vou dar entrevista. N\u00e3o posso agredir voc\u00eas a\u00ed. Manda tirar o processo que eu volto a conversar \u2014 declarou o presidente na sa\u00edda do Pal\u00e1cio da Alvorada, ao se aproximar da \u00e1rea reservada \u00e0 imprensa depois de cumprimentar apoiadores.<\/p>\n<p style=\"text-align: justify;\">Apesar de condicionar a retomada de entrevistas \u00e0 retirada de um processo, Bolsonaro n\u00e3o explicou ao que se referia. A Secretaria de Comunica\u00e7\u00e3o do governo informou depois que o presidente se referia ao relat\u00f3rio da Fenaj. A Fenaj, por sua vez, n\u00e3o apresentou nenhuma a\u00e7\u00e3o na Justi\u00e7a contra o presidente.<\/p>\n<p style=\"text-align: justify;\">&#8211; Como sou acusado de agredir a imprensa com entrevistas, a solu\u00e7\u00e3o \u00e9 n\u00e3o dar mais entrevistas. Bom dia a todos!<\/p>\n<p style=\"text-align: justify;\"><img fetchpriority=\"high\" decoding=\"async\" class=\"size-full wp-image-2902 alignleft\" src=\"https:\/\/www.portalalerta.com.br\/wp-content\/uploads\/2017\/11\/elab-2.jpg\" alt=\"\" width=\"310\" height=\"200\" srcset=\"https:\/\/www.portalalerta.com.br\/wp-content\/uploads\/2017\/11\/elab-2.jpg 310w, https:\/\/www.portalalerta.com.br\/wp-content\/uploads\/2017\/11\/elab-2-226x146.jpg 226w, https:\/\/www.portalalerta.com.br\/wp-content\/uploads\/2017\/11\/elab-2-50x32.jpg 50w, https:\/\/www.portalalerta.com.br\/wp-content\/uploads\/2017\/11\/elab-2-116x75.jpg 116w\" sizes=\"(max-width: 310px) 100vw, 310px\" \/>Pelo Twitter, Bolsonaro publicou o v\u00eddeo no qual dava o recado aos rep\u00f3rteres presentes. &#8220;Como sou acusado de agredir a imprensa com entrevistas, a solu\u00e7\u00e3o \u00e9 n\u00e3o dar mais entrevistas&#8221;, escreveu.<\/p>\n<p style=\"text-align: justify;\">Em seguida, o v\u00eddeo foi republicado por seu filho, o deputado federal Eduardo Bolsonaro (PSL-SP), que voltou a mencionar um processo. &#8220;Impressionante! Talvez o presidente que mais fale com a imprensa, que vai de peito aberto falar com os mais variados tipos de jornalistas sem acertar previamente as perguntas, este \u00e9 exatamente o que \u00e9 processado por associa\u00e7\u00e3o de jornalistas por, acredite, atacar a imprensa&#8230;&#8221;, publicou o parlamentar.<\/p>\n<p style=\"text-align: justify;\">No domingo, o presidente j\u00e1 havia ironizado o levantamento da federa\u00e7\u00e3o de jornalistas ao compartilhar uma not\u00edcia sobre o documento em suas redes sociais: &#8220;KKKKKKKKKKKKKKK. HAHAHAHAHAHAHA. KKKKKKKKKKKKKKK.&#8221;<\/p>\n<p style=\"text-align: justify;\">Ao GLOBO, a presidente da Fenaj, Maria Jos\u00e9 Braga, refor\u00e7ou que a entidade n\u00e3o ingressou com nenhuma medida legal contra o presidente e criticou suas declara\u00e7\u00f5es nesta quarta:<\/p>\n<p style=\"text-align: justify;\">\u2014 A primeira coisa \u00e9 que cabe a qualquer servidor p\u00fablico, e principalmente \u00e0s autoridades p\u00fablicas, cumprir o princ\u00edpio da transpar\u00eancia e da publicidade. \u00c9 um dever informar \u00e0 sociedade os atos de governo. N\u00e3o pode, a pretexto de intimidar uma entidade sindical, se recusar a dar entrevistas \u2014 declarou.<\/p>\n<p style=\"text-align: justify;\">Segundo ela, o que a Fenaj denunciou foi que Bolsonaro usa suas manifesta\u00e7\u00f5es como pretexto para um ataque sistem\u00e1tico a ve\u00edculos e profissionais de imprensa e, portanto, \u00e0 liberdade de imprensa.<\/p>\n<p style=\"text-align: justify;\">No documento, 114 casos s\u00e3o de tentativas de descredibiliza\u00e7\u00e3o da m\u00eddia, que s\u00e3o a maioria dos ataques \u00e0 liberdade de imprensa no Brasil. Essa categoria n\u00e3o constou dos relat\u00f3rios anteriores e foi criada, segundo a Fenaj, em raz\u00e3o da institucionaliza\u00e7\u00e3o das cr\u00edticas, como, por exemplo, as feitas por meio dos canais oficiais da Presid\u00eancia da Rep\u00fablica.<\/p>\n<p style=\"text-align: justify;\">Para Maria Jos\u00e9, o presidente age estrategicamente para que seus apoiadores se coloquem contra o trabalho da imprensa e para que a popula\u00e7\u00e3o n\u00e3o busque se informar pelo notici\u00e1rio. A dirigente da Fenaj afirmou ainda que est\u00e1 estudando quais as medidas a entidade pode tomar para proteger os profissionais.<\/p>\n<p style=\"text-align: justify;\">\u2014 N\u00e3o \u00e9 f\u00e1cil processar um presidente da Rep\u00fablica, mas o que n\u00f3s queremos \u00e9 que cessem as agress\u00f5es aos jornalistas. Se a nossa assessoria jur\u00eddica recomendar, a gente pode, sim, tomar essa medida legal \u2014 concluiu.<\/p>\n<p style=\"text-align: justify;\"><em>Fonte: Yahoo Not\u00edcias<\/em><\/p>\n","protected":false},"excerpt":{"rendered":"<p>O presidente Jair Bolsonaro se negou a responder perguntas de rep\u00f3rteres na manh\u00e3 desta quarta-feira. Ele disse querer falar com a imprensa, mas que como tem sido acusado de agredir os jornalistas n\u00e3o iria se pronunciar. Ele se referia ao relat\u00f3rio &#8220;Viol\u00eancia contra Jornalistas e Liberdade de Imprensa no Brasil&#8221;, divulgado pela Federa\u00e7\u00e3o Nacional dos &hellip;<\/p>\n","protected":false},"author":2,"featured_media":21002,"comment_status":"open","ping_status":"open","sticky":false,"template":"","format":"standard","meta":{"om_disable_all_campaigns":false,"_monsterinsights_skip_tracking":false,"_monsterinsights_sitenote_active":false,"_monsterinsights_sitenote_note":"","_monsterinsights_sitenote_category":0,"footnotes":""},"categories":[34,70,69,21],"tags":[93,1634,3342,1395,199],"class_list":["post-21001","post","type-post","status-publish","format-standard","has-post-thumbnail","hentry","category-brasil","category-destaques","category-noticias2","category-politica","tag-brasil","tag-entrevista","tag-imprensa","tag-jair-bolsonaro","tag-politica"],"aioseo_notices":[],"_links":{"self":[{"href":"https:\/\/www.portalalerta.com.br\/index.php\/wp-json\/wp\/v2\/posts\/21001","targetHints":{"allow":["GET"]}}],"collection":[{"href":"https:\/\/www.portalalerta.com.br\/index.php\/wp-json\/wp\/v2\/posts"}],"about":[{"href":"https:\/\/www.portalalerta.com.br\/index.php\/wp-json\/wp\/v2\/types\/post"}],"author":[{"embeddable":true,"href":"https:\/\/www.portalalerta.com.br\/index.php\/wp-json\/wp\/v2\/users\/2"}],"replies":[{"embeddable":true,"href":"https:\/\/www.portalalerta.com.br\/index.php\/wp-json\/wp\/v2\/comments?post=21001"}],"version-history":[{"count":1,"href":"https:\/\/www.portalalerta.com.br\/index.php\/wp-json\/wp\/v2\/posts\/21001\/revisions"}],"predecessor-version":[{"id":21003,"href":"https:\/\/www.portalalerta.com.br\/index.php\/wp-json\/wp\/v2\/posts\/21001\/revisions\/21003"}],"wp:featuredmedia":[{"embeddable":true,"href":"https:\/\/www.portalalerta.com.br\/index.php\/wp-json\/wp\/v2\/media\/21002"}],"wp:attachment":[{"href":"https:\/\/www.portalalerta.com.br\/index.php\/wp-json\/wp\/v2\/media?parent=21001"}],"wp:term":[{"taxonomy":"category","embeddable":true,"href":"https:\/\/www.portalalerta.com.br\/index.php\/wp-json\/wp\/v2\/categories?post=21001"},{"taxonomy":"post_tag","embeddable":true,"href":"https:\/\/www.portalalerta.com.br\/index.php\/wp-json\/wp\/v2\/tags?post=21001"}],"curies":[{"name":"wp","href":"https:\/\/api.w.org\/{rel}","templated":true}]}}