{"id":21008,"date":"2020-01-22T17:11:22","date_gmt":"2020-01-22T20:11:22","guid":{"rendered":"https:\/\/www.portalalerta.com.br\/?p=21008"},"modified":"2020-01-22T17:11:22","modified_gmt":"2020-01-22T20:11:22","slug":"miss-pombal-2020-sera-realizado-no-dia-07-de-fevereiro","status":"publish","type":"post","link":"https:\/\/www.portalalerta.com.br\/index.php\/2020\/01\/22\/miss-pombal-2020-sera-realizado-no-dia-07-de-fevereiro\/","title":{"rendered":"Miss Pombal 2020 ser\u00e1 realizado no dia 07 de fevereiro"},"content":{"rendered":"<p style=\"text-align: justify;\">Depois do sucesso da edi\u00e7\u00e3o do ano passado, 14 jovens concorrer\u00e3o ao t\u00edtulo de Miss Pombal 2020 e o direito de representar a nossa terra no tradicional concurso Miss Bahia, agendado para mar\u00e7o em Salvador. O certame \u00e9 uma realiza\u00e7\u00e3o da Prefeitura de Ribeira do Pombal, atrav\u00e9s da Secretaria Municipal de Cultura, em parceria com o Grupo Bandeirantes de Comunica\u00e7\u00e3o &#8211; Band TV e acontecer\u00e1 em 07 de fevereiro, \u00e0s 20h, na Pra\u00e7a da Juventude.<!--more--><\/p>\n<p style=\"text-align: justify;\"><img fetchpriority=\"high\" decoding=\"async\" class=\"alignleft wp-image-20957 size-full\" src=\"https:\/\/www.portalalerta.com.br\/wp-content\/uploads\/2020\/01\/Real-Volta-as-aulas-2020.jpeg\" alt=\"\" width=\"333\" height=\"400\" \/>A expectativa dos organizadores \u00e9 que o p\u00fablico lote, mais uma vez, as arquibancadas do Anfiteatro Alvino Rocha quando a eleita mulher mais bonita de Ribeira do Pombal receber\u00e1 a faixa e a coroa de Gabriela Costa, vencedora de 2019. As candidatas s\u00e3o: Alexsandra Macedo. Bianca Santana,\u00a0Clarice Andrade, Cr\u00edcia Sales, Daynnelle Rodrigues, Ellen Matos, J\u00e9ssica Santos, Luana Tayn\u00e1,\u00a0Maiana Sim\u00f5es, Nara Caroline, Nat\u00e1lia Santana, Nicoly G\u00f3is, Rafaela Fonseca, Rayane Dantas.<\/p>\n<p style=\"text-align: justify;\"><em>Fonte: Joilson Costa\u00a0<\/em><\/p>\n","protected":false},"excerpt":{"rendered":"<p>Depois do sucesso da edi\u00e7\u00e3o do ano passado, 14 jovens concorrer\u00e3o ao t\u00edtulo de Miss Pombal 2020 e o direito de representar a nossa terra no tradicional concurso Miss Bahia, agendado para mar\u00e7o em Salvador. O certame \u00e9 uma realiza\u00e7\u00e3o da Prefeitura de Ribeira do Pombal, atrav\u00e9s da Secretaria Municipal de Cultura, em parceria com &hellip;<\/p>\n","protected":false},"author":2,"featured_media":21009,"comment_status":"open","ping_status":"open","sticky":false,"template":"","format":"standard","meta":{"om_disable_all_campaigns":false,"_monsterinsights_skip_tracking":false,"_monsterinsights_sitenote_active":false,"_monsterinsights_sitenote_note":"","_monsterinsights_sitenote_category":0,"footnotes":""},"categories":[70,36,69,3],"tags":[2069,1843,47],"class_list":["post-21008","post","type-post","status-publish","format-standard","has-post-thumbnail","hentry","category-destaques","category-lazer","category-noticias2","category-ribeira-do-pombal","tag-2069","tag-miss-pombal","tag-ribeira-do-pombal"],"aioseo_notices":[],"_links":{"self":[{"href":"https:\/\/www.portalalerta.com.br\/index.php\/wp-json\/wp\/v2\/posts\/21008","targetHints":{"allow":["GET"]}}],"collection":[{"href":"https:\/\/www.portalalerta.com.br\/index.php\/wp-json\/wp\/v2\/posts"}],"about":[{"href":"https:\/\/www.portalalerta.com.br\/index.php\/wp-json\/wp\/v2\/types\/post"}],"author":[{"embeddable":true,"href":"https:\/\/www.portalalerta.com.br\/index.php\/wp-json\/wp\/v2\/users\/2"}],"replies":[{"embeddable":true,"href":"https:\/\/www.portalalerta.com.br\/index.php\/wp-json\/wp\/v2\/comments?post=21008"}],"version-history":[{"count":1,"href":"https:\/\/www.portalalerta.com.br\/index.php\/wp-json\/wp\/v2\/posts\/21008\/revisions"}],"predecessor-version":[{"id":21010,"href":"https:\/\/www.portalalerta.com.br\/index.php\/wp-json\/wp\/v2\/posts\/21008\/revisions\/21010"}],"wp:featuredmedia":[{"embeddable":true,"href":"https:\/\/www.portalalerta.com.br\/index.php\/wp-json\/wp\/v2\/media\/21009"}],"wp:attachment":[{"href":"https:\/\/www.portalalerta.com.br\/index.php\/wp-json\/wp\/v2\/media?parent=21008"}],"wp:term":[{"taxonomy":"category","embeddable":true,"href":"https:\/\/www.portalalerta.com.br\/index.php\/wp-json\/wp\/v2\/categories?post=21008"},{"taxonomy":"post_tag","embeddable":true,"href":"https:\/\/www.portalalerta.com.br\/index.php\/wp-json\/wp\/v2\/tags?post=21008"}],"curies":[{"name":"wp","href":"https:\/\/api.w.org\/{rel}","templated":true}]}}