{"id":21012,"date":"2020-01-24T12:20:48","date_gmt":"2020-01-24T15:20:48","guid":{"rendered":"https:\/\/www.portalalerta.com.br\/?p=21012"},"modified":"2020-01-24T12:20:48","modified_gmt":"2020-01-24T15:20:48","slug":"coronavirus-saiba-quais-sao-os-cuidados-basicos-para-se-prevenir","status":"publish","type":"post","link":"https:\/\/www.portalalerta.com.br\/index.php\/2020\/01\/24\/coronavirus-saiba-quais-sao-os-cuidados-basicos-para-se-prevenir\/","title":{"rendered":"Coronav\u00edrus: saiba quais s\u00e3o os cuidados b\u00e1sicos para se prevenir"},"content":{"rendered":"<p style=\"text-align: justify;\">Para a pneumologista Rosemeri Maurici da Silva, coordenadora da Comiss\u00e3o Cient\u00edfica de Infec\u00e7\u00f5es da Sociedade Brasileira de Pneumologia e Tisiologia (SBPT), a popula\u00e7\u00e3o brasileira j\u00e1 pode se prevenir contra uma infec\u00e7\u00e3o pelo coronav\u00edrus, adotando medidas de cautela e higiene que s\u00e3o comuns aos quadros gripais. Ela disse que o v\u00edrus pode ser transmitido de pessoa para pessoa, por contato respirat\u00f3rio ou por mucosa, mas pode ser evitado com cuidados b\u00e1sicos.<!--more--><\/p>\n<p style=\"text-align: justify;\"><strong><img fetchpriority=\"high\" decoding=\"async\" class=\"size-full wp-image-2902 alignleft\" src=\"https:\/\/www.portalalerta.com.br\/wp-content\/uploads\/2017\/11\/elab-2.jpg\" alt=\"\" width=\"310\" height=\"200\" srcset=\"https:\/\/www.portalalerta.com.br\/wp-content\/uploads\/2017\/11\/elab-2.jpg 310w, https:\/\/www.portalalerta.com.br\/wp-content\/uploads\/2017\/11\/elab-2-226x146.jpg 226w, https:\/\/www.portalalerta.com.br\/wp-content\/uploads\/2017\/11\/elab-2-50x32.jpg 50w, https:\/\/www.portalalerta.com.br\/wp-content\/uploads\/2017\/11\/elab-2-116x75.jpg 116w\" sizes=\"(max-width: 310px) 100vw, 310px\" \/>O que \u00e9 importante que as pessoas saibam sobre o novo coronav\u00edrus?<\/strong><\/p>\n<p style=\"text-align: justify;\">Esse coronav\u00edrus \u00e9 um v\u00edrus que est\u00e1 se manifestando do ponto de vista respirat\u00f3rio, em um quadro que pode ser inicialmente indolente, mas pode se desenvolver de forma muito grave, com insufici\u00eancia respirat\u00f3ria e \u00f3bito. \u00c9 um v\u00edrus novo do ponto de vista das manifesta\u00e7\u00f5es cl\u00ednicas. Por enquanto, est\u00e1 restrito principalmente \u00e0 China, mas como todos os v\u00edrus, ele pode ser transmitido de pessoa para pessoa, por contato respirat\u00f3rio ou contato por mucosa.<\/p>\n<p style=\"text-align: justify;\"><strong>Qual o risco real do coronav\u00edrus para o Brasil?<\/strong><\/p>\n<p style=\"text-align: justify;\">O risco para o Brasil \u00e9 o mesmo de todos os outros pa\u00edses, porque a mobilidade das pessoas hoje \u00e9 grande de um pa\u00eds para outro, por conta das viagens internacionais e intercontinentais. \u00c9 poss\u00edvel que o v\u00edrus assuma propor\u00e7\u00f5es pand\u00eamicas, mas ainda n\u00e3o \u00e9 o caso. At\u00e9 esta esta manh\u00e3 (quinta-feira, 23), a Organiza\u00e7\u00e3o Mundial de Sa\u00fade avaliava se vai emitir uma nota de risco de pandemia.<\/p>\n<p style=\"text-align: justify;\"><strong>O que as pessoas j\u00e1 podem fazer para se prevenir do coronav\u00edrus?<\/strong><\/p>\n<p style=\"text-align: justify;\">Sim, j\u00e1 h\u00e1 que se prevenir. O risco principal \u00e9 de contato, ou por meio de uma viagem \u00e0 regi\u00e3o end\u00eamica, ou por contato com uma pessoa que esteve nessa regi\u00e3o end\u00eamica e que manifesta sintomas e sinais respirat\u00f3rios. A precau\u00e7\u00e3o \u00e9 aquela que deve ser feita de forma generalizada para qualquer infec\u00e7\u00e3o respirat\u00f3ria viral. A gente pode tomar como exemplo os quadros gripais. Lavar bem as m\u00e3os, n\u00e3o levar a m\u00e3o aos olhos e \u00e0 boca sem lav\u00e1-la, e tomar cuidado com as secre\u00e7\u00f5es respirat\u00f3rias. Quando tossir, levar o antebra\u00e7o \u00e0 boca para reter as got\u00edculas e depois lavar bem as m\u00e3os.<\/p>\n<p style=\"text-align: justify;\"><strong>De que forma as entidades m\u00e9dicas brasileiras podem contribuir nesse momento contra o coronav\u00edrus?<\/strong><\/p>\n<p style=\"text-align: justify;\">O grande papel das sociedades m\u00e9dicas e das comiss\u00f5es, notadamente a comiss\u00e3o da SBPT que eu coordeno, \u00e9 fornecer orienta\u00e7\u00f5es tanto para a popula\u00e7\u00e3o quanto para os meios de comunica\u00e7\u00e3o. As informa\u00e7\u00f5es v\u00e3o se atualizando de forma muito r\u00e1pida. Qualquer manifesta\u00e7\u00e3o que a gente fa\u00e7a tem de ser avaliada \u00e0 luz da modifica\u00e7\u00e3o do quadro epidemiol\u00f3gico, que no caso de v\u00edrus pode ser muito r\u00e1pida. As pessoas t\u00eam de se manter informadas e os m\u00e9dicos, principalmente aqueles que atendem em unidades de pronto atendimento, t\u00eam de estar preparados para o diagn\u00f3stico e para o manuseio dessa condi\u00e7\u00e3o se ela ocorrer no nosso pa\u00eds.<\/p>\n<p style=\"text-align: justify;\"><em>Fonte: Canabrava FM<\/em><\/p>\n<p style=\"text-align: justify;\"><em>Com informa\u00e7\u00f5es: Agencia Brasil\u00a0\u00a0\u00a0\u00a0\u00a0\u00a0\u00a0 <\/em><\/p>\n","protected":false},"excerpt":{"rendered":"<p>Para a pneumologista Rosemeri Maurici da Silva, coordenadora da Comiss\u00e3o Cient\u00edfica de Infec\u00e7\u00f5es da Sociedade Brasileira de Pneumologia e Tisiologia (SBPT), a popula\u00e7\u00e3o brasileira j\u00e1 pode se prevenir contra uma infec\u00e7\u00e3o pelo coronav\u00edrus, adotando medidas de cautela e higiene que s\u00e3o comuns aos quadros gripais. Ela disse que o v\u00edrus pode ser transmitido de pessoa &hellip;<\/p>\n","protected":false},"author":2,"featured_media":21013,"comment_status":"open","ping_status":"open","sticky":false,"template":"","format":"standard","meta":{"om_disable_all_campaigns":false,"_monsterinsights_skip_tracking":false,"_monsterinsights_sitenote_active":false,"_monsterinsights_sitenote_note":"","_monsterinsights_sitenote_category":0,"footnotes":""},"categories":[70,35,69,19],"tags":[840,3344,339,61],"class_list":["post-21012","post","type-post","status-publish","format-standard","has-post-thumbnail","hentry","category-destaques","category-mundo","category-noticias2","category-saude","tag-china","tag-corona-virus","tag-mundo","tag-saude"],"aioseo_notices":[],"_links":{"self":[{"href":"https:\/\/www.portalalerta.com.br\/index.php\/wp-json\/wp\/v2\/posts\/21012","targetHints":{"allow":["GET"]}}],"collection":[{"href":"https:\/\/www.portalalerta.com.br\/index.php\/wp-json\/wp\/v2\/posts"}],"about":[{"href":"https:\/\/www.portalalerta.com.br\/index.php\/wp-json\/wp\/v2\/types\/post"}],"author":[{"embeddable":true,"href":"https:\/\/www.portalalerta.com.br\/index.php\/wp-json\/wp\/v2\/users\/2"}],"replies":[{"embeddable":true,"href":"https:\/\/www.portalalerta.com.br\/index.php\/wp-json\/wp\/v2\/comments?post=21012"}],"version-history":[{"count":1,"href":"https:\/\/www.portalalerta.com.br\/index.php\/wp-json\/wp\/v2\/posts\/21012\/revisions"}],"predecessor-version":[{"id":21014,"href":"https:\/\/www.portalalerta.com.br\/index.php\/wp-json\/wp\/v2\/posts\/21012\/revisions\/21014"}],"wp:featuredmedia":[{"embeddable":true,"href":"https:\/\/www.portalalerta.com.br\/index.php\/wp-json\/wp\/v2\/media\/21013"}],"wp:attachment":[{"href":"https:\/\/www.portalalerta.com.br\/index.php\/wp-json\/wp\/v2\/media?parent=21012"}],"wp:term":[{"taxonomy":"category","embeddable":true,"href":"https:\/\/www.portalalerta.com.br\/index.php\/wp-json\/wp\/v2\/categories?post=21012"},{"taxonomy":"post_tag","embeddable":true,"href":"https:\/\/www.portalalerta.com.br\/index.php\/wp-json\/wp\/v2\/tags?post=21012"}],"curies":[{"name":"wp","href":"https:\/\/api.w.org\/{rel}","templated":true}]}}