{"id":21107,"date":"2020-01-27T18:19:36","date_gmt":"2020-01-27T21:19:36","guid":{"rendered":"https:\/\/www.portalalerta.com.br\/?p=21107"},"modified":"2020-01-27T18:19:36","modified_gmt":"2020-01-27T21:19:36","slug":"lula-cita-nazismo-ao-atacar-globo-e-defende-criticas-de-bolsonaro-a-imprensa","status":"publish","type":"post","link":"https:\/\/www.portalalerta.com.br\/index.php\/2020\/01\/27\/lula-cita-nazismo-ao-atacar-globo-e-defende-criticas-de-bolsonaro-a-imprensa\/","title":{"rendered":"Lula cita nazismo ao atacar Globo e defende cr\u00edticas de Bolsonaro \u00e0 imprensa"},"content":{"rendered":"<p style=\"text-align: justify;\">O ex-presidente Luiz In\u00e1cio Lula da Silva (PT) citou o nazismo ao falar sobre o\u00a0tratamento jornal\u00edstico dado pela TV Globo\u00a0\u00e0s mensagens da Lava Jato obtidas pelo site The Intercept Brasil. Para ele, o presidente Jair\u00a0Bolsonaro\u00a0(sem partido) faz\u00a0algumas cr\u00edticas \u00e0 emissora que s\u00e3o corretas.<!--more--><\/p>\n<p style=\"text-align: justify;\">As declara\u00e7\u00f5es foram dadas em entrevista ao UOL publicada neste domingo\u00a0(26).<\/p>\n<p style=\"text-align: justify;\">Questionado sobre os ataques de\u00a0Bolsonaro\u00a0a jornalistas, Lula afirmou que, durante seu governo, de 2003 a 2010, houve &#8220;um momento de oito anos de pensamento \u00fanico contra o Lula&#8221;.<\/p>\n<p style=\"text-align: justify;\"><img fetchpriority=\"high\" decoding=\"async\" class=\"size-full wp-image-2902 alignleft\" src=\"https:\/\/www.portalalerta.com.br\/wp-content\/uploads\/2017\/11\/elab-2.jpg\" alt=\"\" width=\"310\" height=\"200\" srcset=\"https:\/\/www.portalalerta.com.br\/wp-content\/uploads\/2017\/11\/elab-2.jpg 310w, https:\/\/www.portalalerta.com.br\/wp-content\/uploads\/2017\/11\/elab-2-226x146.jpg 226w, https:\/\/www.portalalerta.com.br\/wp-content\/uploads\/2017\/11\/elab-2-50x32.jpg 50w, https:\/\/www.portalalerta.com.br\/wp-content\/uploads\/2017\/11\/elab-2-116x75.jpg 116w\" sizes=\"(max-width: 310px) 100vw, 310px\" \/>Em seguida, relacionou ao nazismo \u00e0 cobertura jornal\u00edstica da TV Globo sobre as\u00a0mensagens obtidas pelo Intercept\u00a0e divulgadas pelo site em parceria com outros ve\u00edculos, como a Folha. Os di\u00e1logos\u00a0colocaram em d\u00favida a imparcialidade do ent\u00e3o juiz\u00a0Sergio\u00a0Moro\u00a0ao expor sua\u00a0atua\u00e7\u00e3o nos bastidores, em parceria com policiais e procuradores\u00a0na linha de frente das investiga\u00e7\u00f5es.<\/p>\n<p style=\"text-align: justify;\">&#8220;O que a Globo est\u00e1 fazendo com o Intercept, era capaz que o nazismo n\u00e3o fizesse. Ela s\u00f3 teve coragem de citar o Intercept duas vezes: quando o Intercept publicou o nome do Faust\u00e3o, que acho que tinha dado aula pro Moro, e quando foi citar o nome do Roberto D&#8217;\u00c1vila, que tinha trabalhado para arrecadar dinheiro para o meu filme. A Globo n\u00e3o fez sequer mat\u00e9ria contra a fajutice da den\u00fancia do Minist\u00e9rio P\u00fablico [contra o jornalista Glenn Greenwald, diretor do site]. Ent\u00e3o, isso \u00e9 censura&#8221;, disse Lula.<\/p>\n<p style=\"text-align: justify;\">Os di\u00e1logos dos procuradores da Lava Jato, por\u00e9m, foram alvo de reportagens do programa Fant\u00e1stico, da TV Globo, quando da revela\u00e7\u00e3o das primeiras mensagens.\u00a0A den\u00fancia do Minist\u00e9rio P\u00fablico contra\u00a0Glenn\u00a0tamb\u00e9m foi noticiada pela emissora.<\/p>\n<p style=\"text-align: justify;\">Em nota, a emissora afirma que Lula &#8220;deveria se informar melhor antes de fazer afirma\u00e7\u00f5es falsas&#8221;.<\/p>\n<p style=\"text-align: justify;\">&#8220;A Globo cobriu amplamente as den\u00fancias do Intercept. A Al-Jazeera pediu em julho do ano passado um levantamento sobre a minutagem da cobertura. No levantamento, a Globo informou que, apenas de 9 de junho a 24 de julho, a emissora publicou uma hora e quarenta e tr\u00eas minutos de reportagens sobre o assunto no JN e no Fant\u00e1stico &#8211;se consider\u00e1ssemos os outros telejornais esse tempo seria muitas vezes maior. E nos meses seguintes continuou publicando as novidades do caso. As reportagens est\u00e3o dispon\u00edveis no Globoplay e qualquer um pode atualizar o levantamento&#8221;, afirmou.<\/p>\n<p style=\"text-align: justify;\">Sobre o caso da den\u00fancia contra Glenn, a Globo diz que &#8220;publicou mat\u00e9ria de sete minutos, com ampla divulga\u00e7\u00e3o \u00e0s cr\u00edticas a a\u00e7\u00e3o do procurador, inclusive um v\u00eddeo do pr\u00f3prio Glenn&#8221;.<\/p>\n<p style=\"text-align: justify;\">A cita\u00e7\u00e3o do petista ao nazismo ocorre cerca de uma semana ap\u00f3s a demiss\u00e3o do secret\u00e1rio de Cultura Roberto Alvim, que em um v\u00eddeo copiou um trecho de discurso do ministro da Propaganda da Alemanha nazista, Joseph Goebbels.<\/p>\n<p style=\"text-align: justify;\">Indagado se ent\u00e3o o comportamento\u00a0de Bolsonaro\u00a0em rela\u00e7\u00e3o \u00e0 imprensa seria justific\u00e1vel, o petista respondeu que &#8220;tem cr\u00edtica que ele faz que \u00e9 correta&#8221;.<\/p>\n<p style=\"text-align: justify;\">&#8220;Acho que tem cr\u00edtica que ele [Bolsonaro] faz que \u00e9 correta. D\u00ea a ele o mesmo direito que d\u00e1 aos outros, direito de falar, abra para ele falar. Na greve dos jornalistas de 1979, os donos de jornais descobriram que n\u00e3o precisavam tanto de jornalistas, que poderiam fazer jornalismo sem precisar do jornalista. Agora, o Bolsonaro est\u00e1 provando que \u00e9 poss\u00edvel fazer not\u00edcia sem precisar dos jornais, da televis\u00e3o. Ele faz por ele mesmo. Ali\u00e1s, o Trump j\u00e1 fez escola&#8221;, continuou.<\/p>\n<p style=\"text-align: justify;\">Lula, no entanto, criticou o fato de o\u00a0presidente privilegiar as redes sociais em detrimento do atendimento \u00e0 imprensa.<\/p>\n<p style=\"text-align: justify;\">&#8220;Eu ainda respeito, marco toda semana uma entrevista. N\u00e3o acho que \u00e9 correto um presidente da Rep\u00fablica se comunicar pelo seu Twitter, um presidente da Rep\u00fablica tem a obriga\u00e7\u00e3o de prestar contas \u00e0 democracia, atendendo a imprensa. N\u00e3o aquele cafezinho formal, em que tem um general como porta-voz, que \u00e9 tudo quase militarizado. Mais do que no tempo dos militares. Marca uma entrevista livre com a imprensa e deixa a imprensa perguntar!&#8221;<\/p>\n<p style=\"text-align: justify;\">Sobre as elei\u00e7\u00f5es de 2020, Lula falou\u00a0que o PT &#8220;n\u00e3o tem os grandes nomes que j\u00e1 teve na ativa&#8221; e\u00a0que o partido est\u00e1 disposto a fazer alian\u00e7as pol\u00edticas. Afirmou ainda que Eduardo\u00a0Suplicy, que est\u00e1 reunindo\u00a0assinaturas\u00a0de\u00a0apoio \u00e0 sua\u00a0pr\u00e9-candidatura\u00a0para a Prefeitura de\u00a0S\u00e3o Paulo, pode\u00a0surpreender.<\/p>\n<p style=\"text-align: justify;\">Lula deu raz\u00e3o \u00e0\u00a0Fernando\u00a0Haddad, que\u00a0disputou as \u00faltimas\u00a0elei\u00e7\u00f5es\u00a0presidenciais e,\u00a0segundo o ex-presidente, n\u00e3o quer concorrer \u00e0 Prefeitura de S\u00e3o Paulo novamente. &#8220;O Haddad \u00e9 um quadro muito importante, tem uma tarefa nacional e internacional importante para o PT.\u00a0Acho que\u00a0est\u00e1 correto em n\u00e3o querer ser candidato.&#8221;<\/p>\n<p style=\"text-align: justify;\">O\u00a0ex-presidente opinou ainda sobre o primeiro ano de Jair\u00a0Bolsonaro\u00a0e afirmou que, mesmo quem n\u00e3o\u00a0votou em\u00a0Bolsonaro\u00a0deve entender que &#8220;ele \u00e9 presidente&#8221;. Para Lula, o atual presidente deveria &#8220;parar de falar bobagem&#8221; e &#8220;ficar dando recado\u00a0para o seu clube&#8221;.<\/p>\n<p style=\"text-align: justify;\">&#8220;Eu vou ficar sentado na cadeira, dizendo que ele n\u00e3o presta e torcendo para que d\u00ea tudo errado? N\u00e3o. N\u00f3s temos que torcer para que estas pessoas governem pensando na maioria do povo brasileiro&#8221;,\u00a0afirmou ele.<\/p>\n<p style=\"text-align: justify;\">O petista disse ainda que\u00a0Bolsonaro\u00a0pode recuperar\u00a0sua popularidade nos\u00a0pr\u00f3ximos\u00a0anos.<\/p>\n<p style=\"text-align: justify;\">&#8220;Por isso que eu\u00a0acho que\u00a0a gente n\u00e3o tem que ficar perguntando se\u00a0Bolsonaro\u00a0cresceu, se ele caiu, ele tem que governar quatro anos, ele foi eleito para cumprir um mandato de quatro anos.\u00a0E\u00a0ele que governe com a maior compet\u00eancia poss\u00edvel porque, se for bem, tem o direito a ser candidato \u00e0 reelei\u00e7\u00e3o&#8221;,\u00a0completou.<\/p>\n<p style=\"text-align: justify;\"><em>Fonte: Yahoo Not\u00edcias<\/em><\/p>\n","protected":false},"excerpt":{"rendered":"<p>O ex-presidente Luiz In\u00e1cio Lula da Silva (PT) citou o nazismo ao falar sobre o\u00a0tratamento jornal\u00edstico dado pela TV Globo\u00a0\u00e0s mensagens da Lava Jato obtidas pelo site The Intercept Brasil. Para ele, o presidente Jair\u00a0Bolsonaro\u00a0(sem partido) faz\u00a0algumas cr\u00edticas \u00e0 emissora que s\u00e3o corretas.<\/p>\n","protected":false},"author":2,"featured_media":19380,"comment_status":"open","ping_status":"open","sticky":false,"template":"","format":"standard","meta":{"om_disable_all_campaigns":false,"_monsterinsights_skip_tracking":false,"_monsterinsights_sitenote_active":false,"_monsterinsights_sitenote_note":"","_monsterinsights_sitenote_category":0,"footnotes":""},"categories":[34,70,69,21],"tags":[93,3342,1395,303],"class_list":["post-21107","post","type-post","status-publish","format-standard","has-post-thumbnail","hentry","category-brasil","category-destaques","category-noticias2","category-politica","tag-brasil","tag-imprensa","tag-jair-bolsonaro","tag-lula"],"aioseo_notices":[],"_links":{"self":[{"href":"https:\/\/www.portalalerta.com.br\/index.php\/wp-json\/wp\/v2\/posts\/21107","targetHints":{"allow":["GET"]}}],"collection":[{"href":"https:\/\/www.portalalerta.com.br\/index.php\/wp-json\/wp\/v2\/posts"}],"about":[{"href":"https:\/\/www.portalalerta.com.br\/index.php\/wp-json\/wp\/v2\/types\/post"}],"author":[{"embeddable":true,"href":"https:\/\/www.portalalerta.com.br\/index.php\/wp-json\/wp\/v2\/users\/2"}],"replies":[{"embeddable":true,"href":"https:\/\/www.portalalerta.com.br\/index.php\/wp-json\/wp\/v2\/comments?post=21107"}],"version-history":[{"count":1,"href":"https:\/\/www.portalalerta.com.br\/index.php\/wp-json\/wp\/v2\/posts\/21107\/revisions"}],"predecessor-version":[{"id":21108,"href":"https:\/\/www.portalalerta.com.br\/index.php\/wp-json\/wp\/v2\/posts\/21107\/revisions\/21108"}],"wp:featuredmedia":[{"embeddable":true,"href":"https:\/\/www.portalalerta.com.br\/index.php\/wp-json\/wp\/v2\/media\/19380"}],"wp:attachment":[{"href":"https:\/\/www.portalalerta.com.br\/index.php\/wp-json\/wp\/v2\/media?parent=21107"}],"wp:term":[{"taxonomy":"category","embeddable":true,"href":"https:\/\/www.portalalerta.com.br\/index.php\/wp-json\/wp\/v2\/categories?post=21107"},{"taxonomy":"post_tag","embeddable":true,"href":"https:\/\/www.portalalerta.com.br\/index.php\/wp-json\/wp\/v2\/tags?post=21107"}],"curies":[{"name":"wp","href":"https:\/\/api.w.org\/{rel}","templated":true}]}}