{"id":21109,"date":"2020-01-27T18:39:07","date_gmt":"2020-01-27T21:39:07","guid":{"rendered":"https:\/\/www.portalalerta.com.br\/?p=21109"},"modified":"2020-01-27T18:40:32","modified_gmt":"2020-01-27T21:40:32","slug":"jovem-de-tucano-conquista-medalha-de-prata-para-o-brasil-em-portugal","status":"publish","type":"post","link":"https:\/\/www.portalalerta.com.br\/index.php\/2020\/01\/27\/jovem-de-tucano-conquista-medalha-de-prata-para-o-brasil-em-portugal\/","title":{"rendered":"Jovem de Tucano conquista medalha de prata para o Brasil em Portugal"},"content":{"rendered":"<p style=\"text-align: justify;\">O atleta Jos\u00e9 Manuel, saiu do sert\u00e3o da Bahia para representar Tucano no campeonato Europeu de Jiu-Jitsu em Lisboa\/Portugal. Sempre grato a Deus, esse jovem guerreiro de fam\u00edlia humilde fez a diferen\u00e7a nesse campeonato t\u00e3o importante, trazendo a medalha de prata para o Brasil, para Tucano. Ao site A Voz do Campo, Jos\u00e9 Manuel disse ser grato a Deus por estar sempre contigo.<!--more--><\/p>\n<p style=\"text-align: justify;\"><img fetchpriority=\"high\" decoding=\"async\" class=\"alignleft wp-image-20957 size-full\" src=\"https:\/\/www.portalalerta.com.br\/wp-content\/uploads\/2020\/01\/Real-Volta-as-aulas-2020.jpeg\" alt=\"\" width=\"333\" height=\"400\" \/>\u201cQueria agradecer ao meu professor Luciano Teles por tudo que vem fazendo pelos jovens Tucanenses, mudando a realidade de muitas crian\u00e7as, e jovens, inclusive a minha\u201d, disse ele. Eles tamb\u00e9m agradeceram \u00e0 Escola CPM Z\u00e9lia de Brito pelo constante apoio. Quero agradecer aos patrocinadores, aos colegas de treino. Essa conquista \u00e9 pra todos voc\u00eas, foi uma honra representar Tucano, a minha equipe AJJRM (associa\u00e7\u00e3o Rog\u00e9rio Marshall), e todo meu povo sertanejo, espero que essa conquista seja a primeira de muitas internacionais, que est\u00e3o por vim\u201d, finalizou.<\/p>\n<p style=\"text-align: justify;\"><em>Fonte: A Voz do Campo<\/em><\/p>\n","protected":false},"excerpt":{"rendered":"<p>O atleta Jos\u00e9 Manuel, saiu do sert\u00e3o da Bahia para representar Tucano no campeonato Europeu de Jiu-Jitsu em Lisboa\/Portugal. Sempre grato a Deus, esse jovem guerreiro de fam\u00edlia humilde fez a diferen\u00e7a nesse campeonato t\u00e3o importante, trazendo a medalha de prata para o Brasil, para Tucano. Ao site A Voz do Campo, Jos\u00e9 Manuel disse &hellip;<\/p>\n","protected":false},"author":2,"featured_media":21110,"comment_status":"open","ping_status":"open","sticky":false,"template":"","format":"standard","meta":{"om_disable_all_campaigns":false,"_monsterinsights_skip_tracking":false,"_monsterinsights_sitenote_active":false,"_monsterinsights_sitenote_note":"","_monsterinsights_sitenote_category":0,"footnotes":""},"categories":[2,35,69,32,12],"tags":[1263,1221,3355,1049,190],"class_list":["post-21109","post","type-post","status-publish","format-standard","has-post-thumbnail","hentry","category-esportes","category-mundo","category-noticias2","category-regiao","category-tucano","tag-europa","tag-jiu-jitsu","tag-medalha-de-prata","tag-portugal","tag-tucano"],"aioseo_notices":[],"_links":{"self":[{"href":"https:\/\/www.portalalerta.com.br\/index.php\/wp-json\/wp\/v2\/posts\/21109","targetHints":{"allow":["GET"]}}],"collection":[{"href":"https:\/\/www.portalalerta.com.br\/index.php\/wp-json\/wp\/v2\/posts"}],"about":[{"href":"https:\/\/www.portalalerta.com.br\/index.php\/wp-json\/wp\/v2\/types\/post"}],"author":[{"embeddable":true,"href":"https:\/\/www.portalalerta.com.br\/index.php\/wp-json\/wp\/v2\/users\/2"}],"replies":[{"embeddable":true,"href":"https:\/\/www.portalalerta.com.br\/index.php\/wp-json\/wp\/v2\/comments?post=21109"}],"version-history":[{"count":1,"href":"https:\/\/www.portalalerta.com.br\/index.php\/wp-json\/wp\/v2\/posts\/21109\/revisions"}],"predecessor-version":[{"id":21111,"href":"https:\/\/www.portalalerta.com.br\/index.php\/wp-json\/wp\/v2\/posts\/21109\/revisions\/21111"}],"wp:featuredmedia":[{"embeddable":true,"href":"https:\/\/www.portalalerta.com.br\/index.php\/wp-json\/wp\/v2\/media\/21110"}],"wp:attachment":[{"href":"https:\/\/www.portalalerta.com.br\/index.php\/wp-json\/wp\/v2\/media?parent=21109"}],"wp:term":[{"taxonomy":"category","embeddable":true,"href":"https:\/\/www.portalalerta.com.br\/index.php\/wp-json\/wp\/v2\/categories?post=21109"},{"taxonomy":"post_tag","embeddable":true,"href":"https:\/\/www.portalalerta.com.br\/index.php\/wp-json\/wp\/v2\/tags?post=21109"}],"curies":[{"name":"wp","href":"https:\/\/api.w.org\/{rel}","templated":true}]}}