{"id":21112,"date":"2020-01-27T19:04:30","date_gmt":"2020-01-27T22:04:30","guid":{"rendered":"https:\/\/www.portalalerta.com.br\/?p=21112"},"modified":"2020-01-30T22:58:49","modified_gmt":"2020-01-31T01:58:49","slug":"policia-civil-divulga-lista-de-maiores-procurados-da-regiao","status":"publish","type":"post","link":"https:\/\/www.portalalerta.com.br\/index.php\/2020\/01\/27\/policia-civil-divulga-lista-de-maiores-procurados-da-regiao\/","title":{"rendered":"Pol\u00edcia Civil divulga lista de maiores procurados da Regi\u00e3o"},"content":{"rendered":"<p style=\"text-align: justify;\">A 25\u00aa COORPIN, sediada em Euclides da Cunha-BA divulgou uma lista com os nomes e fotos dos criminosos mais procurados da regi\u00e3o.<!--more--><\/p>\n<p style=\"text-align: justify;\"><img fetchpriority=\"high\" decoding=\"async\" class=\"size-thumbnail wp-image-4869 aligncenter\" src=\"https:\/\/www.portalalerta.com.br\/wp-content\/uploads\/2018\/02\/Auto-Escola-Nobre-720x181.jpg\" alt=\"\" width=\"720\" height=\"181\" srcset=\"https:\/\/www.portalalerta.com.br\/wp-content\/uploads\/2018\/02\/Auto-Escola-Nobre.jpg 720w, https:\/\/www.portalalerta.com.br\/wp-content\/uploads\/2018\/02\/Auto-Escola-Nobre-260x65.jpg 260w, https:\/\/www.portalalerta.com.br\/wp-content\/uploads\/2018\/02\/Auto-Escola-Nobre-50x13.jpg 50w, https:\/\/www.portalalerta.com.br\/wp-content\/uploads\/2018\/02\/Auto-Escola-Nobre-150x38.jpg 150w\" sizes=\"(max-width: 720px) 100vw, 720px\" \/>Ao todo s\u00e3o quarenta procurados de nove cidades diferentes da regi\u00e3o, sendo que a maior parte destes s\u00e3o de Euclides da Cunha, treze no total. Confira a lista completa:<\/p>\n<p style=\"text-align: justify;\"><strong>Banza\u00ea<\/strong><\/p>\n<p style=\"text-align: justify;\"><img decoding=\"async\" class=\"size-full wp-image-21113 aligncenter\" src=\"https:\/\/www.portalalerta.com.br\/wp-content\/uploads\/2020\/01\/Foragido-de-Banza\u00ea-2020.jpg\" alt=\"\" width=\"144\" height=\"150\" srcset=\"https:\/\/www.portalalerta.com.br\/wp-content\/uploads\/2020\/01\/Foragido-de-Banza\u00ea-2020.jpg 144w, https:\/\/www.portalalerta.com.br\/wp-content\/uploads\/2020\/01\/Foragido-de-Banza\u00ea-2020-140x146.jpg 140w, https:\/\/www.portalalerta.com.br\/wp-content\/uploads\/2020\/01\/Foragido-de-Banza\u00ea-2020-48x50.jpg 48w, https:\/\/www.portalalerta.com.br\/wp-content\/uploads\/2020\/01\/Foragido-de-Banza\u00ea-2020-72x75.jpg 72w\" sizes=\"(max-width: 144px) 100vw, 144px\" \/><\/p>\n<p style=\"text-align: justify;\"><strong>Canudos<\/strong><\/p>\n<p style=\"text-align: justify;\"><img decoding=\"async\" class=\"size-full wp-image-21114 aligncenter\" src=\"https:\/\/www.portalalerta.com.br\/wp-content\/uploads\/2020\/01\/Foragidos-Canudos-2020.jpg\" alt=\"\" width=\"288\" height=\"150\" srcset=\"https:\/\/www.portalalerta.com.br\/wp-content\/uploads\/2020\/01\/Foragidos-Canudos-2020.jpg 288w, https:\/\/www.portalalerta.com.br\/wp-content\/uploads\/2020\/01\/Foragidos-Canudos-2020-260x135.jpg 260w, https:\/\/www.portalalerta.com.br\/wp-content\/uploads\/2020\/01\/Foragidos-Canudos-2020-50x26.jpg 50w, https:\/\/www.portalalerta.com.br\/wp-content\/uploads\/2020\/01\/Foragidos-Canudos-2020-144x75.jpg 144w\" sizes=\"(max-width: 288px) 100vw, 288px\" \/><\/p>\n<p style=\"text-align: justify;\"><strong>C\u00edcero Dantas<\/strong><\/p>\n<p style=\"text-align: justify;\"><img loading=\"lazy\" decoding=\"async\" class=\"aligncenter wp-image-21115 size-full\" src=\"https:\/\/www.portalalerta.com.br\/wp-content\/uploads\/2020\/01\/Foragido-de-C\u00edcero-Dantas-2020.jpg\" alt=\"\" width=\"144\" height=\"150\" srcset=\"https:\/\/www.portalalerta.com.br\/wp-content\/uploads\/2020\/01\/Foragido-de-C\u00edcero-Dantas-2020.jpg 144w, https:\/\/www.portalalerta.com.br\/wp-content\/uploads\/2020\/01\/Foragido-de-C\u00edcero-Dantas-2020-140x146.jpg 140w, https:\/\/www.portalalerta.com.br\/wp-content\/uploads\/2020\/01\/Foragido-de-C\u00edcero-Dantas-2020-48x50.jpg 48w, https:\/\/www.portalalerta.com.br\/wp-content\/uploads\/2020\/01\/Foragido-de-C\u00edcero-Dantas-2020-72x75.jpg 72w\" sizes=\"(max-width: 144px) 100vw, 144px\" \/><\/p>\n<p style=\"text-align: justify;\"><strong>Euclides da Cunha<\/strong><\/p>\n<p style=\"text-align: justify;\"><img loading=\"lazy\" decoding=\"async\" class=\"aligncenter wp-image-21116 size-full\" src=\"https:\/\/www.portalalerta.com.br\/wp-content\/uploads\/2020\/01\/Foragidos-Euclides-da-Cunha-2020.jpg\" alt=\"\" width=\"720\" height=\"214\" srcset=\"https:\/\/www.portalalerta.com.br\/wp-content\/uploads\/2020\/01\/Foragidos-Euclides-da-Cunha-2020.jpg 720w, https:\/\/www.portalalerta.com.br\/wp-content\/uploads\/2020\/01\/Foragidos-Euclides-da-Cunha-2020-260x77.jpg 260w, https:\/\/www.portalalerta.com.br\/wp-content\/uploads\/2020\/01\/Foragidos-Euclides-da-Cunha-2020-50x15.jpg 50w, https:\/\/www.portalalerta.com.br\/wp-content\/uploads\/2020\/01\/Foragidos-Euclides-da-Cunha-2020-150x45.jpg 150w\" sizes=\"(max-width: 720px) 100vw, 720px\" \/><\/p>\n<p style=\"text-align: justify;\"><strong>Monte Santo<\/strong><\/p>\n<p><img loading=\"lazy\" decoding=\"async\" class=\"aligncenter wp-image-21117 size-full\" src=\"https:\/\/www.portalalerta.com.br\/wp-content\/uploads\/2020\/01\/Foragidos-Monte-Santo-2020.jpg\" alt=\"\" width=\"408\" height=\"300\" srcset=\"https:\/\/www.portalalerta.com.br\/wp-content\/uploads\/2020\/01\/Foragidos-Monte-Santo-2020.jpg 408w, https:\/\/www.portalalerta.com.br\/wp-content\/uploads\/2020\/01\/Foragidos-Monte-Santo-2020-326x240.jpg 326w, https:\/\/www.portalalerta.com.br\/wp-content\/uploads\/2020\/01\/Foragidos-Monte-Santo-2020-199x146.jpg 199w, https:\/\/www.portalalerta.com.br\/wp-content\/uploads\/2020\/01\/Foragidos-Monte-Santo-2020-50x37.jpg 50w, https:\/\/www.portalalerta.com.br\/wp-content\/uploads\/2020\/01\/Foragidos-Monte-Santo-2020-102x75.jpg 102w\" sizes=\"(max-width: 408px) 100vw, 408px\" \/><\/p>\n<p style=\"text-align: justify;\"><strong>Quijingue<\/strong><\/p>\n<p><img loading=\"lazy\" decoding=\"async\" class=\"aligncenter wp-image-21118 size-full\" src=\"https:\/\/www.portalalerta.com.br\/wp-content\/uploads\/2020\/01\/Foragidos-Quijingue-2020.jpg\" alt=\"\" width=\"408\" height=\"150\" srcset=\"https:\/\/www.portalalerta.com.br\/wp-content\/uploads\/2020\/01\/Foragidos-Quijingue-2020.jpg 408w, https:\/\/www.portalalerta.com.br\/wp-content\/uploads\/2020\/01\/Foragidos-Quijingue-2020-260x96.jpg 260w, https:\/\/www.portalalerta.com.br\/wp-content\/uploads\/2020\/01\/Foragidos-Quijingue-2020-50x18.jpg 50w, https:\/\/www.portalalerta.com.br\/wp-content\/uploads\/2020\/01\/Foragidos-Quijingue-2020-150x55.jpg 150w\" sizes=\"(max-width: 408px) 100vw, 408px\" \/><\/p>\n<p style=\"text-align: justify;\"><strong>Ribeira do Amparo<\/strong><\/p>\n<p style=\"text-align: justify;\"><img loading=\"lazy\" decoding=\"async\" class=\"aligncenter wp-image-21231 size-full\" src=\"https:\/\/www.portalalerta.com.br\/wp-content\/uploads\/2020\/01\/Foragido-Ribeira-do-Amparo-2020.jpg\" alt=\"\" width=\"139\" height=\"150\" srcset=\"https:\/\/www.portalalerta.com.br\/wp-content\/uploads\/2020\/01\/Foragido-Ribeira-do-Amparo-2020.jpg 139w, https:\/\/www.portalalerta.com.br\/wp-content\/uploads\/2020\/01\/Foragido-Ribeira-do-Amparo-2020-135x146.jpg 135w, https:\/\/www.portalalerta.com.br\/wp-content\/uploads\/2020\/01\/Foragido-Ribeira-do-Amparo-2020-46x50.jpg 46w, https:\/\/www.portalalerta.com.br\/wp-content\/uploads\/2020\/01\/Foragido-Ribeira-do-Amparo-2020-70x75.jpg 70w\" sizes=\"(max-width: 139px) 100vw, 139px\" \/><\/p>\n<p style=\"text-align: justify;\"><strong>Ribeira do Pombal<\/strong><\/p>\n<p style=\"text-align: justify;\"><img loading=\"lazy\" decoding=\"async\" class=\"aligncenter wp-image-21120 size-full\" src=\"https:\/\/www.portalalerta.com.br\/wp-content\/uploads\/2020\/01\/Foragidos-Ribeira-do-Pombal-2020.jpg\" alt=\"\" width=\"408\" height=\"150\" srcset=\"https:\/\/www.portalalerta.com.br\/wp-content\/uploads\/2020\/01\/Foragidos-Ribeira-do-Pombal-2020.jpg 408w, https:\/\/www.portalalerta.com.br\/wp-content\/uploads\/2020\/01\/Foragidos-Ribeira-do-Pombal-2020-260x96.jpg 260w, https:\/\/www.portalalerta.com.br\/wp-content\/uploads\/2020\/01\/Foragidos-Ribeira-do-Pombal-2020-50x18.jpg 50w, https:\/\/www.portalalerta.com.br\/wp-content\/uploads\/2020\/01\/Foragidos-Ribeira-do-Pombal-2020-150x55.jpg 150w\" sizes=\"(max-width: 408px) 100vw, 408px\" \/><\/p>\n<p style=\"text-align: justify;\"><strong>Tucano<\/strong><\/p>\n<p style=\"text-align: justify;\"><img loading=\"lazy\" decoding=\"async\" class=\"aligncenter wp-image-21121 size-full\" src=\"https:\/\/www.portalalerta.com.br\/wp-content\/uploads\/2020\/01\/foragidos-Tucano-2020.jpg\" alt=\"\" width=\"544\" height=\"300\" srcset=\"https:\/\/www.portalalerta.com.br\/wp-content\/uploads\/2020\/01\/foragidos-Tucano-2020.jpg 544w, https:\/\/www.portalalerta.com.br\/wp-content\/uploads\/2020\/01\/foragidos-Tucano-2020-435x240.jpg 435w, https:\/\/www.portalalerta.com.br\/wp-content\/uploads\/2020\/01\/foragidos-Tucano-2020-260x143.jpg 260w, https:\/\/www.portalalerta.com.br\/wp-content\/uploads\/2020\/01\/foragidos-Tucano-2020-50x28.jpg 50w, https:\/\/www.portalalerta.com.br\/wp-content\/uploads\/2020\/01\/foragidos-Tucano-2020-136x75.jpg 136w\" sizes=\"(max-width: 544px) 100vw, 544px\" \/><\/p>\n<p style=\"text-align: justify;\">Al\u00e9m dos nomes divulgados nesta mat\u00e9ria, outros tr\u00eas foragidos que se encontravam na lista j\u00e1 foram capturados: <a href=\"https:\/\/www.portalalerta.com.br\/index.php\/2020\/01\/24\/suspeito-de-participar-de-triplo-homicidio-em-ribeira-do-pombal-ba-e-preso-em-jundiai-sp\/\"><strong>Felipe Santos Reis foi preso em Jundia\u00ed-SP<\/strong><\/a>, no \u00faltimo dia 20, enquanto <a href=\"https:\/\/www.portalalerta.com.br\/index.php\/2020\/01\/25\/procurado-pela-justica-morre-em-confronto-com-a-policia-em-euclides-da-cunha-ba\/\"><strong>Jorge (D\u00f3) morreu em confronto com a Pol\u00edcia Militar, no Povoado Ara\u00e7\u00e1s, em Euclides da Cunha, no \u00faltimo dia 24<\/strong><\/a>. , e <a href=\"https:\/\/www.portalalerta.com.br\/index.php\/2020\/01\/30\/homicida-foragido-da-justica-e-encontrado-portando-uma-arma-de-fogo-em-heliopolis-ba\/\"><strong>&#8220;Z\u00e9 de Bil&#8221;, na quinta-feira, 30, em Heli\u00f3polis-BA<\/strong><\/a>.<\/p>\n<figure id=\"attachment_21230\" aria-describedby=\"caption-attachment-21230\" style=\"width: 720px\" class=\"wp-caption aligncenter\"><img loading=\"lazy\" decoding=\"async\" class=\"wp-image-21230 size-full\" src=\"https:\/\/www.portalalerta.com.br\/wp-content\/uploads\/2020\/01\/Procurados-Regi\u00e3o-2020.3.jpg\" alt=\"\" width=\"720\" height=\"274\" srcset=\"https:\/\/www.portalalerta.com.br\/wp-content\/uploads\/2020\/01\/Procurados-Regi\u00e3o-2020.3.jpg 720w, https:\/\/www.portalalerta.com.br\/wp-content\/uploads\/2020\/01\/Procurados-Regi\u00e3o-2020.3-631x240.jpg 631w, https:\/\/www.portalalerta.com.br\/wp-content\/uploads\/2020\/01\/Procurados-Regi\u00e3o-2020.3-260x99.jpg 260w, https:\/\/www.portalalerta.com.br\/wp-content\/uploads\/2020\/01\/Procurados-Regi\u00e3o-2020.3-50x19.jpg 50w, https:\/\/www.portalalerta.com.br\/wp-content\/uploads\/2020\/01\/Procurados-Regi\u00e3o-2020.3-150x57.jpg 150w\" sizes=\"(max-width: 720px) 100vw, 720px\" \/><figcaption id=\"caption-attachment-21230\" class=\"wp-caption-text\">Felipe (Esquerda), &#8220;D\u00f3&#8221; (Centro), e Z\u00e9 de Bil (Direita)<\/figcaption><\/figure>\n<p style=\"text-align: justify;\"><em>Reda\u00e7\u00e3o: Portal Alerta<\/em><\/p>\n","protected":false},"excerpt":{"rendered":"<p>A 25\u00aa COORPIN, sediada em Euclides da Cunha-BA divulgou uma lista com os nomes e fotos dos criminosos mais procurados da regi\u00e3o.<\/p>\n","protected":false},"author":2,"featured_media":21123,"comment_status":"open","ping_status":"open","sticky":false,"template":"","format":"standard","meta":{"om_disable_all_campaigns":false,"_monsterinsights_skip_tracking":false,"_monsterinsights_sitenote_active":false,"_monsterinsights_sitenote_note":"","_monsterinsights_sitenote_category":0,"footnotes":""},"categories":[39,4,70,17,69,32,16,3,22,12],"tags":[557,49,491,75,129,1350,627,3356,109,278,88,47,190],"class_list":["post-21112","post","type-post","status-publish","format-standard","has-post-thumbnail","hentry","category-banzae","category-cicero-dantas","category-destaques","category-euclides-da-cunha","category-noticias2","category-regiao","category-ribeira-do-amparo","category-ribeira-do-pombal","category-seguranca","category-tucano","tag-25a-coorpin","tag-banzae","tag-canudos","tag-cicero-dantas","tag-euclides-da-cunha","tag-foragidos","tag-monte-santo","tag-procurados","tag-quijingue","tag-regiao","tag-ribeira-do-amparo","tag-ribeira-do-pombal","tag-tucano"],"aioseo_notices":[],"_links":{"self":[{"href":"https:\/\/www.portalalerta.com.br\/index.php\/wp-json\/wp\/v2\/posts\/21112","targetHints":{"allow":["GET"]}}],"collection":[{"href":"https:\/\/www.portalalerta.com.br\/index.php\/wp-json\/wp\/v2\/posts"}],"about":[{"href":"https:\/\/www.portalalerta.com.br\/index.php\/wp-json\/wp\/v2\/types\/post"}],"author":[{"embeddable":true,"href":"https:\/\/www.portalalerta.com.br\/index.php\/wp-json\/wp\/v2\/users\/2"}],"replies":[{"embeddable":true,"href":"https:\/\/www.portalalerta.com.br\/index.php\/wp-json\/wp\/v2\/comments?post=21112"}],"version-history":[{"count":5,"href":"https:\/\/www.portalalerta.com.br\/index.php\/wp-json\/wp\/v2\/posts\/21112\/revisions"}],"predecessor-version":[{"id":21249,"href":"https:\/\/www.portalalerta.com.br\/index.php\/wp-json\/wp\/v2\/posts\/21112\/revisions\/21249"}],"wp:featuredmedia":[{"embeddable":true,"href":"https:\/\/www.portalalerta.com.br\/index.php\/wp-json\/wp\/v2\/media\/21123"}],"wp:attachment":[{"href":"https:\/\/www.portalalerta.com.br\/index.php\/wp-json\/wp\/v2\/media?parent=21112"}],"wp:term":[{"taxonomy":"category","embeddable":true,"href":"https:\/\/www.portalalerta.com.br\/index.php\/wp-json\/wp\/v2\/categories?post=21112"},{"taxonomy":"post_tag","embeddable":true,"href":"https:\/\/www.portalalerta.com.br\/index.php\/wp-json\/wp\/v2\/tags?post=21112"}],"curies":[{"name":"wp","href":"https:\/\/api.w.org\/{rel}","templated":true}]}}