{"id":21126,"date":"2020-01-27T19:26:31","date_gmt":"2020-01-27T22:26:31","guid":{"rendered":"https:\/\/www.portalalerta.com.br\/?p=21126"},"modified":"2020-01-27T19:26:31","modified_gmt":"2020-01-27T22:26:31","slug":"guarda-municipal-recupera-veiculo-furtado-em-ribeira-do-pombal-ba","status":"publish","type":"post","link":"https:\/\/www.portalalerta.com.br\/index.php\/2020\/01\/27\/guarda-municipal-recupera-veiculo-furtado-em-ribeira-do-pombal-ba\/","title":{"rendered":"Guarda Municipal recupera ve\u00edculo furtado em Ribeira do Pombal-BA"},"content":{"rendered":"<p style=\"text-align: justify;\">Na manh\u00e3 desta segunda-feira, 27, Guardas Civis Municipais de Ribeira do Pombal-BA recuperaram um ve\u00edculo furtado, que se encontrava abandonado num terreno baldio, no bairro Pombalzinho, no referido munic\u00edpio.<!--more--><\/p>\n<p style=\"text-align: justify;\"><img fetchpriority=\"high\" decoding=\"async\" class=\"size-full wp-image-2902 alignleft\" src=\"https:\/\/www.portalalerta.com.br\/wp-content\/uploads\/2017\/11\/elab-2.jpg\" alt=\"\" width=\"310\" height=\"200\" srcset=\"https:\/\/www.portalalerta.com.br\/wp-content\/uploads\/2017\/11\/elab-2.jpg 310w, https:\/\/www.portalalerta.com.br\/wp-content\/uploads\/2017\/11\/elab-2-226x146.jpg 226w, https:\/\/www.portalalerta.com.br\/wp-content\/uploads\/2017\/11\/elab-2-50x32.jpg 50w, https:\/\/www.portalalerta.com.br\/wp-content\/uploads\/2017\/11\/elab-2-116x75.jpg 116w\" sizes=\"(max-width: 310px) 100vw, 310px\" \/>O ve\u00edculo, uma motocicleta Sundown\/ Hunter de cor preta, placa policial JSG 6010, com licen\u00e7a de Ribeira do Pombal-BA, foi furtado na \u00faltima quinta-feira, 23, quando estava estacionado em frente \u00e0 resid\u00eancia da v\u00edtima. Desde ent\u00e3o, o propriet\u00e1rio n\u00e3o conseguiu registrar a ocorr\u00eancia do furto na Delegacia de Pol\u00edcia Civil.<\/p>\n<p style=\"text-align: justify;\">Desta forma, a motocicleta foi conduzida para o p\u00e1tio da Guarda Civil Municipal, onde foi devidamente devolvida ao seu propriet\u00e1rio. Ningu\u00e9m foi preso na a\u00e7\u00e3o.<\/p>\n<p style=\"text-align: justify;\"><em>Reda\u00e7\u00e3o: Portal Alerta<\/em><\/p>\n","protected":false},"excerpt":{"rendered":"<p>Na manh\u00e3 desta segunda-feira, 27, Guardas Civis Municipais de Ribeira do Pombal-BA recuperaram um ve\u00edculo furtado, que se encontrava abandonado num terreno baldio, no bairro Pombalzinho, no referido munic\u00edpio.<\/p>\n","protected":false},"author":2,"featured_media":21127,"comment_status":"open","ping_status":"open","sticky":false,"template":"","format":"standard","meta":{"om_disable_all_campaigns":false,"_monsterinsights_skip_tracking":false,"_monsterinsights_sitenote_active":false,"_monsterinsights_sitenote_note":"","_monsterinsights_sitenote_category":0,"footnotes":""},"categories":[70,69,32,3,22],"tags":[1531,313,47,102],"class_list":["post-21126","post","type-post","status-publish","format-standard","has-post-thumbnail","hentry","category-destaques","category-noticias2","category-regiao","category-ribeira-do-pombal","category-seguranca","tag-furto-de-moto","tag-gcm","tag-ribeira-do-pombal","tag-veiculo-recuperado"],"aioseo_notices":[],"_links":{"self":[{"href":"https:\/\/www.portalalerta.com.br\/index.php\/wp-json\/wp\/v2\/posts\/21126","targetHints":{"allow":["GET"]}}],"collection":[{"href":"https:\/\/www.portalalerta.com.br\/index.php\/wp-json\/wp\/v2\/posts"}],"about":[{"href":"https:\/\/www.portalalerta.com.br\/index.php\/wp-json\/wp\/v2\/types\/post"}],"author":[{"embeddable":true,"href":"https:\/\/www.portalalerta.com.br\/index.php\/wp-json\/wp\/v2\/users\/2"}],"replies":[{"embeddable":true,"href":"https:\/\/www.portalalerta.com.br\/index.php\/wp-json\/wp\/v2\/comments?post=21126"}],"version-history":[{"count":1,"href":"https:\/\/www.portalalerta.com.br\/index.php\/wp-json\/wp\/v2\/posts\/21126\/revisions"}],"predecessor-version":[{"id":21128,"href":"https:\/\/www.portalalerta.com.br\/index.php\/wp-json\/wp\/v2\/posts\/21126\/revisions\/21128"}],"wp:featuredmedia":[{"embeddable":true,"href":"https:\/\/www.portalalerta.com.br\/index.php\/wp-json\/wp\/v2\/media\/21127"}],"wp:attachment":[{"href":"https:\/\/www.portalalerta.com.br\/index.php\/wp-json\/wp\/v2\/media?parent=21126"}],"wp:term":[{"taxonomy":"category","embeddable":true,"href":"https:\/\/www.portalalerta.com.br\/index.php\/wp-json\/wp\/v2\/categories?post=21126"},{"taxonomy":"post_tag","embeddable":true,"href":"https:\/\/www.portalalerta.com.br\/index.php\/wp-json\/wp\/v2\/tags?post=21126"}],"curies":[{"name":"wp","href":"https:\/\/api.w.org\/{rel}","templated":true}]}}