{"id":21141,"date":"2020-01-28T13:10:16","date_gmt":"2020-01-28T16:10:16","guid":{"rendered":"https:\/\/www.portalalerta.com.br\/?p=21141"},"modified":"2020-01-28T13:10:16","modified_gmt":"2020-01-28T16:10:16","slug":"bolsonaro-demite-numero-2-da-casa-civil-por-viagem-em-voo-da-fab","status":"publish","type":"post","link":"https:\/\/www.portalalerta.com.br\/index.php\/2020\/01\/28\/bolsonaro-demite-numero-2-da-casa-civil-por-viagem-em-voo-da-fab\/","title":{"rendered":"Bolsonaro demite n\u00famero 2 da Casa Civil por viagem em voo da FAB"},"content":{"rendered":"<p style=\"text-align: justify;\">O presidente Jair Bolsonaro disse nesta ter\u00e7a-feira que o secret\u00e1rio-executivo da Casa Civil, Jos\u00e9 Vicente Santini, est\u00e1 destitu\u00eddo por ter usado um avi\u00e3o da For\u00e7a A\u00e9rea Brasileira (FAB) para viajar \u00e0 \u00cdndia.<!--more--><\/p>\n<p style=\"text-align: justify;\">Santini, que estava como ministro interino devido ao per\u00edodo de f\u00e9rias do titular da Casa Civil, Onyx Lorenzoni, participou da programa\u00e7\u00e3o da viagem oficial de Bolsonaro \u00e0 \u00cdndia, onde apresentou a carteira de investimentos do Programa de Parcerias de Investimentos (PPI) a investidores.<\/p>\n<p style=\"text-align: justify;\"><img fetchpriority=\"high\" decoding=\"async\" class=\"alignleft wp-image-20957 size-full\" src=\"https:\/\/www.portalalerta.com.br\/wp-content\/uploads\/2020\/01\/Real-Volta-as-aulas-2020.jpeg\" alt=\"\" width=\"333\" height=\"400\" \/>De acordo com a Casa Civil, a utiliza\u00e7\u00e3o de aeronave da FAB &#8220;seguiu os crit\u00e9rios definidos na legisla\u00e7\u00e3o vigente&#8221;, mas Bolsonaro considerou a medida um ato inadmiss\u00edvel.<\/p>\n<p style=\"text-align: justify;\"><em>\u201cQuest\u00e3o do avi\u00e3o da For\u00e7a A\u00e9rea. Inadmiss\u00edvel o que aconteceu. J\u00e1 est\u00e1 destitu\u00eddo da fun\u00e7\u00e3o de executivo do Onyx, decidido por mim. Vou conversar com o Onyx, ver quais outras medidas podem ser tomadas contra ele&#8221;, disse Bolsonaro em entrevista no Pal\u00e1cio da Alvorada ap\u00f3s desembarcar da viagem \u00e0 \u00cdndia.<\/em><\/p>\n<p style=\"text-align: justify;\">&#8220;\u00c9 inadmiss\u00edvel o que aconteceu. Ponto final. O cargo de secret\u00e1rio-executivo est\u00e1 perdido, outras coisas vir\u00e3o depois que eu conversar com Onyx\u201d, acrescentou.<\/p>\n<p style=\"text-align: justify;\">Antes de viajar \u00e0 \u00cdndia, Santini tamb\u00e9m esteve em Davos, na Su\u00ed\u00e7a, para o F\u00f3rum Econ\u00f4mico Mundial, onde tamb\u00e9m se encontrou com investidores externos para apresentar possibilidades de neg\u00f3cios no Brasil, de acordo com a Casa Civil.<\/p>\n<p style=\"text-align: justify;\"><em>Fonte: Yahoo Not\u00edcias<\/em><\/p>\n","protected":false},"excerpt":{"rendered":"<p>O presidente Jair Bolsonaro disse nesta ter\u00e7a-feira que o secret\u00e1rio-executivo da Casa Civil, Jos\u00e9 Vicente Santini, est\u00e1 destitu\u00eddo por ter usado um avi\u00e3o da For\u00e7a A\u00e9rea Brasileira (FAB) para viajar \u00e0 \u00cdndia.<\/p>\n","protected":false},"author":2,"featured_media":17420,"comment_status":"open","ping_status":"open","sticky":false,"template":"","format":"standard","meta":{"om_disable_all_campaigns":false,"_monsterinsights_skip_tracking":false,"_monsterinsights_sitenote_active":false,"_monsterinsights_sitenote_note":"","_monsterinsights_sitenote_category":0,"footnotes":""},"categories":[34,70,69,21],"tags":[93,1395,2164,3357],"class_list":["post-21141","post","type-post","status-publish","format-standard","has-post-thumbnail","hentry","category-brasil","category-destaques","category-noticias2","category-politica","tag-brasil","tag-jair-bolsonaro","tag-ministerio-da-casa-civil","tag-secretario-da-casa-civil"],"aioseo_notices":[],"_links":{"self":[{"href":"https:\/\/www.portalalerta.com.br\/index.php\/wp-json\/wp\/v2\/posts\/21141","targetHints":{"allow":["GET"]}}],"collection":[{"href":"https:\/\/www.portalalerta.com.br\/index.php\/wp-json\/wp\/v2\/posts"}],"about":[{"href":"https:\/\/www.portalalerta.com.br\/index.php\/wp-json\/wp\/v2\/types\/post"}],"author":[{"embeddable":true,"href":"https:\/\/www.portalalerta.com.br\/index.php\/wp-json\/wp\/v2\/users\/2"}],"replies":[{"embeddable":true,"href":"https:\/\/www.portalalerta.com.br\/index.php\/wp-json\/wp\/v2\/comments?post=21141"}],"version-history":[{"count":1,"href":"https:\/\/www.portalalerta.com.br\/index.php\/wp-json\/wp\/v2\/posts\/21141\/revisions"}],"predecessor-version":[{"id":21142,"href":"https:\/\/www.portalalerta.com.br\/index.php\/wp-json\/wp\/v2\/posts\/21141\/revisions\/21142"}],"wp:featuredmedia":[{"embeddable":true,"href":"https:\/\/www.portalalerta.com.br\/index.php\/wp-json\/wp\/v2\/media\/17420"}],"wp:attachment":[{"href":"https:\/\/www.portalalerta.com.br\/index.php\/wp-json\/wp\/v2\/media?parent=21141"}],"wp:term":[{"taxonomy":"category","embeddable":true,"href":"https:\/\/www.portalalerta.com.br\/index.php\/wp-json\/wp\/v2\/categories?post=21141"},{"taxonomy":"post_tag","embeddable":true,"href":"https:\/\/www.portalalerta.com.br\/index.php\/wp-json\/wp\/v2\/tags?post=21141"}],"curies":[{"name":"wp","href":"https:\/\/api.w.org\/{rel}","templated":true}]}}