{"id":21197,"date":"2020-01-30T11:13:11","date_gmt":"2020-01-30T14:13:11","guid":{"rendered":"https:\/\/www.portalalerta.com.br\/?p=21197"},"modified":"2020-01-30T11:13:11","modified_gmt":"2020-01-30T14:13:11","slug":"bolsonaro-diz-que-ira-anular-reconducao-de-ex-assessor-que-usou-aviao-da-fab","status":"publish","type":"post","link":"https:\/\/www.portalalerta.com.br\/index.php\/2020\/01\/30\/bolsonaro-diz-que-ira-anular-reconducao-de-ex-assessor-que-usou-aviao-da-fab\/","title":{"rendered":"Bolsonaro diz que ir\u00e1 anular recondu\u00e7\u00e3o de ex-assessor que usou avi\u00e3o da FAB"},"content":{"rendered":"<p style=\"text-align: justify;\">O presidente\u00a0Jair Bolsonaro\u00a0anunciou que ir\u00e1 anular a nomea\u00e7\u00e3o de\u00a0Jos\u00e9 Vicente\u00a0Santini ao cargo de assessor especial de relacionamento externo da Casa Civil. Santini, ex-n\u00famero 2 da Casa Civil, havia sido reconduzido \u00e0 pasta ap\u00f3s ser exonerado por Bolsonaro do cargo de secret\u00e1rio-executivo ao utilizar um jato da\u00a0<a href=\"https:\/\/www.portalalerta.com.br\/index.php\/2020\/01\/28\/bolsonaro-demite-numero-2-da-casa-civil-por-viagem-em-voo-da-fab\/\"><strong>FAB (For\u00e7a A\u00e9rea Brasileira)<\/strong><\/a>\u00a0para uma viagem para a \u00cdndia.<!--more--><\/p>\n<p style=\"text-align: justify;\">\u00c9 a segunda exonera\u00e7\u00e3o de Santini em uma semana. Enquanto esteve no cargo de secret\u00e1rio-executivo da Casa Civil, Santini estava abaixo somente do comandante da pasta, ministro Onyx Lorenzoni (DEM).<\/p>\n<p style=\"text-align: justify;\">A decis\u00e3o de tornar a nomea\u00e7\u00e3o sem efeito foi anunciada em sua conta de Twitter, na manh\u00e3 desta quinta-feira (30). Segundo Bolsonaro, a anula\u00e7\u00e3o ser\u00e1 publicada em Di\u00e1rio Oficial, bem como a exonera\u00e7\u00e3o do cargo do interino da Casa Civil, e a transfer\u00eancia da Secretaria Especial da PPI (Programa de Parcerias de Investimentos) para o Minist\u00e9rio da Economia.<\/p>\n<p style=\"text-align: justify;\">A recondu\u00e7\u00e3o de Santini &#8211; agora cancelada &#8211; ao novo cargo foi a um apelo dos filhos de Bolsonaro: o deputado federal\u00a0Eduardo Bolsonaro\u00a0(PSL-SP) e o senador\u00a0Fl\u00e1vio Bolsonaro\u00a0(sem partido-RJ), de quem eram amigos de longa data.<\/p>\n<p style=\"text-align: justify;\"><img fetchpriority=\"high\" decoding=\"async\" class=\"size-thumbnail wp-image-4869 aligncenter\" src=\"https:\/\/www.portalalerta.com.br\/wp-content\/uploads\/2018\/02\/Auto-Escola-Nobre-720x181.jpg\" alt=\"\" width=\"720\" height=\"181\" srcset=\"https:\/\/www.portalalerta.com.br\/wp-content\/uploads\/2018\/02\/Auto-Escola-Nobre.jpg 720w, https:\/\/www.portalalerta.com.br\/wp-content\/uploads\/2018\/02\/Auto-Escola-Nobre-260x65.jpg 260w, https:\/\/www.portalalerta.com.br\/wp-content\/uploads\/2018\/02\/Auto-Escola-Nobre-50x13.jpg 50w, https:\/\/www.portalalerta.com.br\/wp-content\/uploads\/2018\/02\/Auto-Escola-Nobre-150x38.jpg 150w\" sizes=\"(max-width: 720px) 100vw, 720px\" \/>No cargo de &#8220;n\u00famero 2&#8221; da Casa Civil, de natureza especial, Santini recebia um sal\u00e1rio bruto de R$ 17.327,65 mensais. No novo cargo que ocuparia, de categoria DAS 102.6, a remunera\u00e7\u00e3o prevista seria de R$ 16.944,90 (R$ 382,75 a menos).<\/p>\n<p style=\"text-align: justify;\">Em Bras\u00edlia, Santini estudou em col\u00e9gio militar e conviveu com Eduardo Bolsonaro e Fl\u00e1vio Bolsonaro por ser filho de general do Ex\u00e9rcito. No governo desde janeiro, Santini participava de churrascos e festas com a fam\u00edlia do presidente e fazia quest\u00e3o de divulg\u00e1-las em suas redes sociais.<\/p>\n<p style=\"text-align: justify;\"><strong>VOO E DEMISS\u00c3O<\/strong><\/p>\n<p style=\"text-align: justify;\">Santini foi demitido pelo presidente na ter\u00e7a-feira ap\u00f3s usar um jato da FAB para uma viagem para a \u00cdndia. Bolsonaro considerou \u201cinadmiss\u00edvel\u201d o uso da aeronave em um voo para tr\u00eas servidores.<\/p>\n<p style=\"text-align: justify;\">\u201cO que ele fez n\u00e3o \u00e9 ilegal, mas \u00e9 completamente imoral. Ministros antigos foram de avi\u00e3o comercial, classe econ\u00f4mica. Eu mesmo j\u00e1 viajei no passado, n\u00e3o era presidente, para a \u00c1sia toda de classe econ\u00f4mica\u201d, disparou Bolsonaro no Pal\u00e1cio do Alvorada.<\/p>\n<p style=\"text-align: justify;\"><em>Fonte: Yahoo Not\u00edcias<\/em><\/p>\n","protected":false},"excerpt":{"rendered":"<p>O presidente\u00a0Jair Bolsonaro\u00a0anunciou que ir\u00e1 anular a nomea\u00e7\u00e3o de\u00a0Jos\u00e9 Vicente\u00a0Santini ao cargo de assessor especial de relacionamento externo da Casa Civil. Santini, ex-n\u00famero 2 da Casa Civil, havia sido reconduzido \u00e0 pasta ap\u00f3s ser exonerado por Bolsonaro do cargo de secret\u00e1rio-executivo ao utilizar um jato da\u00a0FAB (For\u00e7a A\u00e9rea Brasileira)\u00a0para uma viagem para a \u00cdndia.<\/p>\n","protected":false},"author":2,"featured_media":21198,"comment_status":"open","ping_status":"open","sticky":false,"template":"","format":"standard","meta":{"om_disable_all_campaigns":false,"_monsterinsights_skip_tracking":false,"_monsterinsights_sitenote_active":false,"_monsterinsights_sitenote_note":"","_monsterinsights_sitenote_category":0,"footnotes":""},"categories":[34,70,69,21],"tags":[],"class_list":["post-21197","post","type-post","status-publish","format-standard","has-post-thumbnail","hentry","category-brasil","category-destaques","category-noticias2","category-politica"],"aioseo_notices":[],"_links":{"self":[{"href":"https:\/\/www.portalalerta.com.br\/index.php\/wp-json\/wp\/v2\/posts\/21197","targetHints":{"allow":["GET"]}}],"collection":[{"href":"https:\/\/www.portalalerta.com.br\/index.php\/wp-json\/wp\/v2\/posts"}],"about":[{"href":"https:\/\/www.portalalerta.com.br\/index.php\/wp-json\/wp\/v2\/types\/post"}],"author":[{"embeddable":true,"href":"https:\/\/www.portalalerta.com.br\/index.php\/wp-json\/wp\/v2\/users\/2"}],"replies":[{"embeddable":true,"href":"https:\/\/www.portalalerta.com.br\/index.php\/wp-json\/wp\/v2\/comments?post=21197"}],"version-history":[{"count":1,"href":"https:\/\/www.portalalerta.com.br\/index.php\/wp-json\/wp\/v2\/posts\/21197\/revisions"}],"predecessor-version":[{"id":21199,"href":"https:\/\/www.portalalerta.com.br\/index.php\/wp-json\/wp\/v2\/posts\/21197\/revisions\/21199"}],"wp:featuredmedia":[{"embeddable":true,"href":"https:\/\/www.portalalerta.com.br\/index.php\/wp-json\/wp\/v2\/media\/21198"}],"wp:attachment":[{"href":"https:\/\/www.portalalerta.com.br\/index.php\/wp-json\/wp\/v2\/media?parent=21197"}],"wp:term":[{"taxonomy":"category","embeddable":true,"href":"https:\/\/www.portalalerta.com.br\/index.php\/wp-json\/wp\/v2\/categories?post=21197"},{"taxonomy":"post_tag","embeddable":true,"href":"https:\/\/www.portalalerta.com.br\/index.php\/wp-json\/wp\/v2\/tags?post=21197"}],"curies":[{"name":"wp","href":"https:\/\/api.w.org\/{rel}","templated":true}]}}