{"id":21200,"date":"2020-01-30T11:19:48","date_gmt":"2020-01-30T14:19:48","guid":{"rendered":"https:\/\/www.portalalerta.com.br\/?p=21200"},"modified":"2020-01-30T11:19:48","modified_gmt":"2020-01-30T14:19:48","slug":"servidores-publicos-municipais-da-educacao-de-fatima-ba-fazem-manifestacao-contra-salarios-atrasados","status":"publish","type":"post","link":"https:\/\/www.portalalerta.com.br\/index.php\/2020\/01\/30\/servidores-publicos-municipais-da-educacao-de-fatima-ba-fazem-manifestacao-contra-salarios-atrasados\/","title":{"rendered":"Servidores P\u00fablicos Municipais da Educa\u00e7\u00e3o de F\u00e1tima-BA fazem manifesta\u00e7\u00e3o contra sal\u00e1rios atrasados"},"content":{"rendered":"<p style=\"text-align: justify;\">Na manh\u00e3 de quarta-feira(29), os servidores da Educa\u00e7\u00e3o da cidade de F\u00e1tima-BA, fizeram uma manifesta\u00e7\u00e3o pac\u00edfica pelas ruas da cidade com o objetivo de receberem o pagamento de suas remunera\u00e7\u00f5es em dia.<!--more--><\/p>\n<p><img fetchpriority=\"high\" decoding=\"async\" class=\"alignleft wp-image-20957 size-full\" src=\"https:\/\/www.portalalerta.com.br\/wp-content\/uploads\/2020\/01\/Real-Volta-as-aulas-2020.jpeg\" alt=\"\" width=\"333\" height=\"400\" \/>Diversas pessoas percorreram as ruas da cidade e levavam faixas que estampavam mensagens de Respeite ao Estatuto dos Servidores P\u00fablicos do Munic\u00edpio, bem como cumprimento da Lei Municipal n\u00b0 448\/2016 da Data Base de Pagamento, visto que at\u00e9 o momento os servidores dos 40% do FUNDEB n\u00e3o receberam o m\u00eas de dezembro de 2019 e os professores receberam somente metade do sal\u00e1rio de dezembro.<\/p>\n<p style=\"text-align: justify;\"><em> Fonte: C\u00edcero Dantas Acontece<\/em><\/p>\n<p style=\"text-align: justify;\"><em>Com informa\u00e7\u00e3o: Sindicato de F\u00e1tima<\/em><\/p>\n","protected":false},"excerpt":{"rendered":"<p>Na manh\u00e3 de quarta-feira(29), os servidores da Educa\u00e7\u00e3o da cidade de F\u00e1tima-BA, fizeram uma manifesta\u00e7\u00e3o pac\u00edfica pelas ruas da cidade com o objetivo de receberem o pagamento de suas remunera\u00e7\u00f5es em dia.<\/p>\n","protected":false},"author":2,"featured_media":21201,"comment_status":"open","ping_status":"open","sticky":false,"template":"","format":"standard","meta":{"om_disable_all_campaigns":false,"_monsterinsights_skip_tracking":false,"_monsterinsights_sitenote_active":false,"_monsterinsights_sitenote_note":"","_monsterinsights_sitenote_category":0,"footnotes":""},"categories":[70,20,10,69,32],"tags":[140,107,475,184,366],"class_list":["post-21200","post","type-post","status-publish","format-standard","has-post-thumbnail","hentry","category-destaques","category-educacao","category-fatima","category-noticias2","category-regiao","tag-educacao","tag-fatima","tag-manifestacao","tag-professores","tag-salarios-atrasados"],"aioseo_notices":[],"_links":{"self":[{"href":"https:\/\/www.portalalerta.com.br\/index.php\/wp-json\/wp\/v2\/posts\/21200","targetHints":{"allow":["GET"]}}],"collection":[{"href":"https:\/\/www.portalalerta.com.br\/index.php\/wp-json\/wp\/v2\/posts"}],"about":[{"href":"https:\/\/www.portalalerta.com.br\/index.php\/wp-json\/wp\/v2\/types\/post"}],"author":[{"embeddable":true,"href":"https:\/\/www.portalalerta.com.br\/index.php\/wp-json\/wp\/v2\/users\/2"}],"replies":[{"embeddable":true,"href":"https:\/\/www.portalalerta.com.br\/index.php\/wp-json\/wp\/v2\/comments?post=21200"}],"version-history":[{"count":1,"href":"https:\/\/www.portalalerta.com.br\/index.php\/wp-json\/wp\/v2\/posts\/21200\/revisions"}],"predecessor-version":[{"id":21202,"href":"https:\/\/www.portalalerta.com.br\/index.php\/wp-json\/wp\/v2\/posts\/21200\/revisions\/21202"}],"wp:featuredmedia":[{"embeddable":true,"href":"https:\/\/www.portalalerta.com.br\/index.php\/wp-json\/wp\/v2\/media\/21201"}],"wp:attachment":[{"href":"https:\/\/www.portalalerta.com.br\/index.php\/wp-json\/wp\/v2\/media?parent=21200"}],"wp:term":[{"taxonomy":"category","embeddable":true,"href":"https:\/\/www.portalalerta.com.br\/index.php\/wp-json\/wp\/v2\/categories?post=21200"},{"taxonomy":"post_tag","embeddable":true,"href":"https:\/\/www.portalalerta.com.br\/index.php\/wp-json\/wp\/v2\/tags?post=21200"}],"curies":[{"name":"wp","href":"https:\/\/api.w.org\/{rel}","templated":true}]}}