{"id":21208,"date":"2020-01-30T15:42:52","date_gmt":"2020-01-30T18:42:52","guid":{"rendered":"https:\/\/www.portalalerta.com.br\/?p=21208"},"modified":"2020-01-30T15:42:52","modified_gmt":"2020-01-30T18:42:52","slug":"apos-operacao-da-pf-em-show-de-harmonia-do-samba-banda-afirma-nao-haver-irregularidades","status":"publish","type":"post","link":"https:\/\/www.portalalerta.com.br\/index.php\/2020\/01\/30\/apos-operacao-da-pf-em-show-de-harmonia-do-samba-banda-afirma-nao-haver-irregularidades\/","title":{"rendered":"Ap\u00f3s opera\u00e7\u00e3o da PF em show de Harmonia do Samba, banda afirma n\u00e3o haver irregularidades"},"content":{"rendered":"<p style=\"text-align: justify;\">A banda Harmonia do Samba se pronunciou, atrav\u00e9s da sua assessoria, sobre a\u00a0a\u00e7\u00e3o da Pol\u00edcia Federal, realizada na \u00faltima segunda-feira (27), no evento \u201cMelhor segunda-feira do mundo\u201d, que pertence ao grupo.<!--more--><\/p>\n<p style=\"text-align: justify;\"><img fetchpriority=\"high\" decoding=\"async\" class=\"alignleft wp-image-20957 size-full\" src=\"https:\/\/www.portalalerta.com.br\/wp-content\/uploads\/2020\/01\/Real-Volta-as-aulas-2020.jpeg\" alt=\"\" width=\"333\" height=\"400\" \/>A assessoria informou que a opera\u00e7\u00e3o \u00e9 comum, e ser\u00e1 realizada pela PF em todos os grandes eventos da capital baiana durante o ver\u00e3o.<\/p>\n<p style=\"text-align: justify;\">O objetivo era averiguar o trabalho dos seguran\u00e7as escolhidos para o evento, para certificar de que todos eles estavam trabalhando de maneira legal e se possuem qualifica\u00e7\u00e3o para exercer a fun\u00e7\u00e3o. Ainda de acordo com a assessoria da banda, nenhuma irregularidade foi encontrada.<\/p>\n<p style=\"text-align: justify;\"><em>Fonte: Gazeta do Mel<\/em><\/p>\n<p style=\"text-align: justify;\"><em>Com informa\u00e7\u00f5es: Varela Not\u00edcias<\/em><\/p>\n","protected":false},"excerpt":{"rendered":"<p>A banda Harmonia do Samba se pronunciou, atrav\u00e9s da sua assessoria, sobre a\u00a0a\u00e7\u00e3o da Pol\u00edcia Federal, realizada na \u00faltima segunda-feira (27), no evento \u201cMelhor segunda-feira do mundo\u201d, que pertence ao grupo.<\/p>\n","protected":false},"author":2,"featured_media":21209,"comment_status":"open","ping_status":"open","sticky":false,"template":"","format":"standard","meta":{"om_disable_all_campaigns":false,"_monsterinsights_skip_tracking":false,"_monsterinsights_sitenote_active":false,"_monsterinsights_sitenote_note":"","_monsterinsights_sitenote_category":0,"footnotes":""},"categories":[33,70,36,69],"tags":[54,3364,66,173],"class_list":["post-21208","post","type-post","status-publish","format-standard","has-post-thumbnail","hentry","category-bahia","category-destaques","category-lazer","category-noticias2","tag-bahia","tag-harmonia-do-samba","tag-lazer","tag-policia-federal"],"aioseo_notices":[],"_links":{"self":[{"href":"https:\/\/www.portalalerta.com.br\/index.php\/wp-json\/wp\/v2\/posts\/21208","targetHints":{"allow":["GET"]}}],"collection":[{"href":"https:\/\/www.portalalerta.com.br\/index.php\/wp-json\/wp\/v2\/posts"}],"about":[{"href":"https:\/\/www.portalalerta.com.br\/index.php\/wp-json\/wp\/v2\/types\/post"}],"author":[{"embeddable":true,"href":"https:\/\/www.portalalerta.com.br\/index.php\/wp-json\/wp\/v2\/users\/2"}],"replies":[{"embeddable":true,"href":"https:\/\/www.portalalerta.com.br\/index.php\/wp-json\/wp\/v2\/comments?post=21208"}],"version-history":[{"count":2,"href":"https:\/\/www.portalalerta.com.br\/index.php\/wp-json\/wp\/v2\/posts\/21208\/revisions"}],"predecessor-version":[{"id":21218,"href":"https:\/\/www.portalalerta.com.br\/index.php\/wp-json\/wp\/v2\/posts\/21208\/revisions\/21218"}],"wp:featuredmedia":[{"embeddable":true,"href":"https:\/\/www.portalalerta.com.br\/index.php\/wp-json\/wp\/v2\/media\/21209"}],"wp:attachment":[{"href":"https:\/\/www.portalalerta.com.br\/index.php\/wp-json\/wp\/v2\/media?parent=21208"}],"wp:term":[{"taxonomy":"category","embeddable":true,"href":"https:\/\/www.portalalerta.com.br\/index.php\/wp-json\/wp\/v2\/categories?post=21208"},{"taxonomy":"post_tag","embeddable":true,"href":"https:\/\/www.portalalerta.com.br\/index.php\/wp-json\/wp\/v2\/tags?post=21208"}],"curies":[{"name":"wp","href":"https:\/\/api.w.org\/{rel}","templated":true}]}}