{"id":21211,"date":"2020-01-30T15:55:28","date_gmt":"2020-01-30T18:55:28","guid":{"rendered":"https:\/\/www.portalalerta.com.br\/?p=21211"},"modified":"2020-01-30T15:55:28","modified_gmt":"2020-01-30T18:55:28","slug":"jovem-morre-apos-receber-descarga-eletrica-e-cair-de-predio-em-paripiranga-ba","status":"publish","type":"post","link":"https:\/\/www.portalalerta.com.br\/index.php\/2020\/01\/30\/jovem-morre-apos-receber-descarga-eletrica-e-cair-de-predio-em-paripiranga-ba\/","title":{"rendered":"Jovem morre ap\u00f3s receber descarga el\u00e9trica e cair de pr\u00e9dio em Paripiranga-BA"},"content":{"rendered":"<p style=\"text-align: justify;\">Na manh\u00e3 desta ter\u00e7a-feira (28), um jovem identificado por \u2018Hernandes\u2019, morreu ap\u00f3s receber uma descarga el\u00e9trica na cidade baiana de Paripiranga.<!--more--><\/p>\n<p style=\"text-align: justify;\"><img fetchpriority=\"high\" decoding=\"async\" class=\"size-full wp-image-2902 alignleft\" src=\"https:\/\/www.portalalerta.com.br\/wp-content\/uploads\/2017\/11\/elab-2.jpg\" alt=\"\" width=\"310\" height=\"200\" srcset=\"https:\/\/www.portalalerta.com.br\/wp-content\/uploads\/2017\/11\/elab-2.jpg 310w, https:\/\/www.portalalerta.com.br\/wp-content\/uploads\/2017\/11\/elab-2-226x146.jpg 226w, https:\/\/www.portalalerta.com.br\/wp-content\/uploads\/2017\/11\/elab-2-50x32.jpg 50w, https:\/\/www.portalalerta.com.br\/wp-content\/uploads\/2017\/11\/elab-2-116x75.jpg 116w\" sizes=\"(max-width: 310px) 100vw, 310px\" \/>Pelas informa\u00e7\u00f5es de populares, a v\u00edtima estava numa laje de uma resid\u00eancia localizada na Travessa Jeronimo de Carvalho, quando recebeu o choque el\u00e9trico oriundo de fio de alta tens\u00e3o, caiu do pr\u00e9dio e evoluiu a \u00f3bito no local.<\/p>\n<p style=\"text-align: justify;\">A Pol\u00edcia Militar foi acionada.<\/p>\n<p><em>Fonte: Rodrygo Ferraz<\/em><\/p>\n<p><em>Com informa\u00e7\u00f5es: Lagarto Not\u00edcias\u00a0<\/em><\/p>\n","protected":false},"excerpt":{"rendered":"<p>Na manh\u00e3 desta ter\u00e7a-feira (28), um jovem identificado por \u2018Hernandes\u2019, morreu ap\u00f3s receber uma descarga el\u00e9trica na cidade baiana de Paripiranga.<\/p>\n","protected":false},"author":2,"featured_media":21212,"comment_status":"open","ping_status":"open","sticky":false,"template":"","format":"standard","meta":{"om_disable_all_campaigns":false,"_monsterinsights_skip_tracking":false,"_monsterinsights_sitenote_active":false,"_monsterinsights_sitenote_note":"","_monsterinsights_sitenote_category":0,"footnotes":""},"categories":[70,69,11,32],"tags":[1710,3365,169,51],"class_list":["post-21211","post","type-post","status-publish","format-standard","has-post-thumbnail","hentry","category-destaques","category-noticias2","category-paripiranga","category-regiao","tag-choque-eletrico","tag-descarga-eletrica","tag-morte","tag-paripiranga"],"aioseo_notices":[],"_links":{"self":[{"href":"https:\/\/www.portalalerta.com.br\/index.php\/wp-json\/wp\/v2\/posts\/21211","targetHints":{"allow":["GET"]}}],"collection":[{"href":"https:\/\/www.portalalerta.com.br\/index.php\/wp-json\/wp\/v2\/posts"}],"about":[{"href":"https:\/\/www.portalalerta.com.br\/index.php\/wp-json\/wp\/v2\/types\/post"}],"author":[{"embeddable":true,"href":"https:\/\/www.portalalerta.com.br\/index.php\/wp-json\/wp\/v2\/users\/2"}],"replies":[{"embeddable":true,"href":"https:\/\/www.portalalerta.com.br\/index.php\/wp-json\/wp\/v2\/comments?post=21211"}],"version-history":[{"count":2,"href":"https:\/\/www.portalalerta.com.br\/index.php\/wp-json\/wp\/v2\/posts\/21211\/revisions"}],"predecessor-version":[{"id":21219,"href":"https:\/\/www.portalalerta.com.br\/index.php\/wp-json\/wp\/v2\/posts\/21211\/revisions\/21219"}],"wp:featuredmedia":[{"embeddable":true,"href":"https:\/\/www.portalalerta.com.br\/index.php\/wp-json\/wp\/v2\/media\/21212"}],"wp:attachment":[{"href":"https:\/\/www.portalalerta.com.br\/index.php\/wp-json\/wp\/v2\/media?parent=21211"}],"wp:term":[{"taxonomy":"category","embeddable":true,"href":"https:\/\/www.portalalerta.com.br\/index.php\/wp-json\/wp\/v2\/categories?post=21211"},{"taxonomy":"post_tag","embeddable":true,"href":"https:\/\/www.portalalerta.com.br\/index.php\/wp-json\/wp\/v2\/tags?post=21211"}],"curies":[{"name":"wp","href":"https:\/\/api.w.org\/{rel}","templated":true}]}}