{"id":21214,"date":"2020-01-30T16:02:55","date_gmt":"2020-01-30T19:02:55","guid":{"rendered":"https:\/\/www.portalalerta.com.br\/?p=21214"},"modified":"2020-01-30T16:02:55","modified_gmt":"2020-01-30T19:02:55","slug":"projeto-propoe-rateio-dos-precatorios-fundef","status":"publish","type":"post","link":"https:\/\/www.portalalerta.com.br\/index.php\/2020\/01\/30\/projeto-propoe-rateio-dos-precatorios-fundef\/","title":{"rendered":"Projeto Prop\u00f5e Rateio dos Precat\u00f3rios FUNDEF"},"content":{"rendered":"<p style=\"text-align: justify;\">O Projeto de Lei 5733\/19 de autoria do Deputado Bacelar, do Podemos da Bahia, determina que pelo menos 60% dos recursos oriundos de precat\u00f3rios do antigo Fundo de Manuten\u00e7\u00e3o e Desenvolvimento do Ensino Fundamental e de Valoriza\u00e7\u00e3o do Magist\u00e9rio (Fundef) dever\u00e3o ser rateados entre os professores da educa\u00e7\u00e3o b\u00e1sica da rede p\u00fablica do ente (estado ou munic\u00edpio) beneficiado.<!--more--><\/p>\n<p style=\"text-align: justify;\">O\u00a0texto, que tramita na C\u00e2mara dos Deputados, foi apresentado pelo deputado\u00a0Bacelar (Pode-BA)\u00a0e altera a\u00a0<a href=\"https:\/\/www2.camara.leg.br\/legin\/fed\/lei\/2007\/lei-11494-20-junho-2007-555612-normaatualizada-pl.html\">Lei do Fundeb<\/a>, fundo que substituiu o Fundef em 2007.<\/p>\n<p style=\"text-align: justify;\">Os precat\u00f3rios t\u00eam origem em a\u00e7\u00f5es movidas por munic\u00edpios contra a Uni\u00e3o entre 1998 e 2006. As prefeituras alegavam que o Minist\u00e9rio da Educa\u00e7\u00e3o cometeu erros no c\u00e1lculo do valor repassado por meio do Fundef. Os julgamentos foram favor\u00e1veis aos munic\u00edpios e geraram precat\u00f3rios que, somados, chegam a R$ 90 bilh\u00f5es.<\/p>\n<p style=\"text-align: justify;\"><img fetchpriority=\"high\" decoding=\"async\" class=\"size-thumbnail wp-image-4869 aligncenter\" src=\"https:\/\/www.portalalerta.com.br\/wp-content\/uploads\/2018\/02\/Auto-Escola-Nobre-720x181.jpg\" alt=\"\" width=\"720\" height=\"181\" srcset=\"https:\/\/www.portalalerta.com.br\/wp-content\/uploads\/2018\/02\/Auto-Escola-Nobre.jpg 720w, https:\/\/www.portalalerta.com.br\/wp-content\/uploads\/2018\/02\/Auto-Escola-Nobre-260x65.jpg 260w, https:\/\/www.portalalerta.com.br\/wp-content\/uploads\/2018\/02\/Auto-Escola-Nobre-50x13.jpg 50w, https:\/\/www.portalalerta.com.br\/wp-content\/uploads\/2018\/02\/Auto-Escola-Nobre-150x38.jpg 150w\" sizes=\"(max-width: 720px) 100vw, 720px\" \/>Para Bacelar, estes recursos, uma vez recebidos, devem ter o mesmo tratamento do Fundeb, que hoje obriga que pelo menos 60% dos repasses anuais aos entes se destinem ao pagamento de sal\u00e1rios de profissionais do magist\u00e9rio da educa\u00e7\u00e3o b\u00e1sica. \u201cNada mais cristalino de que os precat\u00f3rios do governo federal no fundo sejam rateados entre os professores\u201d, disse o deputado.\u00a0Ele afirma que algumas prefeituras que receberam o dinheiro chegaram a fazer esta destina\u00e7\u00e3o, mas um\u00a0<a href=\"https:\/\/www.conjur.com.br\/dl\/precatorios-fundef-nao-podem-usados.pdf\">ac\u00f3rd\u00e3o<\/a>\u00a0do Tribunal de Contas da Uni\u00e3o (TCU) de 2018 suspendeu a distribui\u00e7\u00e3o entre professores.<\/p>\n<p style=\"text-align: justify;\"><strong>Distribui\u00e7\u00e3o:\u00a0<\/strong>Pelo projeto, a remunera\u00e7\u00e3o ter\u00e1 car\u00e1ter indenizat\u00f3rio, e n\u00e3o ser\u00e1 incorporada ao vencimento dos servidores. Ter\u00e3o direito ao rateio os profissionais que estavam trabalhando durante o per\u00edodo em que ocorreram os repasses a menor do Fundef ou quando o precat\u00f3rio foi disponibilizado para utiliza\u00e7\u00e3o. Em caso de falecimento desses profissionais, o texto prev\u00ea que os herdeiros far\u00e3o jus aos recursos. Os estados, o Distrito Federal e os munic\u00edpios definir\u00e3o em leis espec\u00edficas os percentuais e crit\u00e9rios para a divis\u00e3o do rateio entre os profissionais beneficiados, dispensada homologa\u00e7\u00e3o judicial.<\/p>\n<p style=\"text-align: justify;\"><strong>Tramita\u00e7\u00e3o:\u00a0<\/strong>O projeto ser\u00e1 analisado em\u00a0car\u00e1ter conclusivo\u00a0pelas comiss\u00f5es de Educa\u00e7\u00e3o; Finan\u00e7as e Tributa\u00e7\u00e3o; e Constitui\u00e7\u00e3o e Justi\u00e7a e de Cidadania.<\/p>\n<p style=\"text-align: justify;\"><em>Fonte: Joilson Costa<\/em><\/p>\n","protected":false},"excerpt":{"rendered":"<p>O Projeto de Lei 5733\/19 de autoria do Deputado Bacelar, do Podemos da Bahia, determina que pelo menos 60% dos recursos oriundos de precat\u00f3rios do antigo Fundo de Manuten\u00e7\u00e3o e Desenvolvimento do Ensino Fundamental e de Valoriza\u00e7\u00e3o do Magist\u00e9rio (Fundef) dever\u00e3o ser rateados entre os professores da educa\u00e7\u00e3o b\u00e1sica da rede p\u00fablica do ente (estado &hellip;<\/p>\n","protected":false},"author":2,"featured_media":18533,"comment_status":"open","ping_status":"open","sticky":false,"template":"","format":"standard","meta":{"om_disable_all_campaigns":false,"_monsterinsights_skip_tracking":false,"_monsterinsights_sitenote_active":false,"_monsterinsights_sitenote_note":"","_monsterinsights_sitenote_category":0,"footnotes":""},"categories":[34,70,20,69],"tags":[93,140,1319,1318],"class_list":["post-21214","post","type-post","status-publish","format-standard","has-post-thumbnail","hentry","category-brasil","category-destaques","category-educacao","category-noticias2","tag-brasil","tag-educacao","tag-fundef","tag-precatorios"],"aioseo_notices":[],"_links":{"self":[{"href":"https:\/\/www.portalalerta.com.br\/index.php\/wp-json\/wp\/v2\/posts\/21214","targetHints":{"allow":["GET"]}}],"collection":[{"href":"https:\/\/www.portalalerta.com.br\/index.php\/wp-json\/wp\/v2\/posts"}],"about":[{"href":"https:\/\/www.portalalerta.com.br\/index.php\/wp-json\/wp\/v2\/types\/post"}],"author":[{"embeddable":true,"href":"https:\/\/www.portalalerta.com.br\/index.php\/wp-json\/wp\/v2\/users\/2"}],"replies":[{"embeddable":true,"href":"https:\/\/www.portalalerta.com.br\/index.php\/wp-json\/wp\/v2\/comments?post=21214"}],"version-history":[{"count":1,"href":"https:\/\/www.portalalerta.com.br\/index.php\/wp-json\/wp\/v2\/posts\/21214\/revisions"}],"predecessor-version":[{"id":21215,"href":"https:\/\/www.portalalerta.com.br\/index.php\/wp-json\/wp\/v2\/posts\/21214\/revisions\/21215"}],"wp:featuredmedia":[{"embeddable":true,"href":"https:\/\/www.portalalerta.com.br\/index.php\/wp-json\/wp\/v2\/media\/18533"}],"wp:attachment":[{"href":"https:\/\/www.portalalerta.com.br\/index.php\/wp-json\/wp\/v2\/media?parent=21214"}],"wp:term":[{"taxonomy":"category","embeddable":true,"href":"https:\/\/www.portalalerta.com.br\/index.php\/wp-json\/wp\/v2\/categories?post=21214"},{"taxonomy":"post_tag","embeddable":true,"href":"https:\/\/www.portalalerta.com.br\/index.php\/wp-json\/wp\/v2\/tags?post=21214"}],"curies":[{"name":"wp","href":"https:\/\/api.w.org\/{rel}","templated":true}]}}