{"id":21220,"date":"2020-01-30T22:37:42","date_gmt":"2020-01-31T01:37:42","guid":{"rendered":"https:\/\/www.portalalerta.com.br\/?p=21220"},"modified":"2020-01-30T22:37:42","modified_gmt":"2020-01-31T01:37:42","slug":"aprovado-no-sisu-ja-pode-se-inscrever-na-faculdade-de-sua-preferencia","status":"publish","type":"post","link":"https:\/\/www.portalalerta.com.br\/index.php\/2020\/01\/30\/aprovado-no-sisu-ja-pode-se-inscrever-na-faculdade-de-sua-preferencia\/","title":{"rendered":"Aprovado no Sisu j\u00e1 pode se inscrever na faculdade de sua prefer\u00eancia"},"content":{"rendered":"<p style=\"text-align: justify;\">Os estudantes classificados no Sistema de Sele\u00e7\u00e3o Unificada (Sisu) 2020 t\u00eam at\u00e9 o dia 4 de fevereiro para enviar \u00e0s institui\u00e7\u00f5es de ensino a documenta\u00e7\u00e3o necess\u00e1ria para se matricular no curso para o qual foram aprovados.<!--more--><\/p>\n<p style=\"text-align: justify;\"><img fetchpriority=\"high\" decoding=\"async\" class=\"size-full wp-image-2902 alignleft\" src=\"https:\/\/www.portalalerta.com.br\/wp-content\/uploads\/2017\/11\/elab-2.jpg\" alt=\"\" width=\"310\" height=\"200\" srcset=\"https:\/\/www.portalalerta.com.br\/wp-content\/uploads\/2017\/11\/elab-2.jpg 310w, https:\/\/www.portalalerta.com.br\/wp-content\/uploads\/2017\/11\/elab-2-226x146.jpg 226w, https:\/\/www.portalalerta.com.br\/wp-content\/uploads\/2017\/11\/elab-2-50x32.jpg 50w, https:\/\/www.portalalerta.com.br\/wp-content\/uploads\/2017\/11\/elab-2-116x75.jpg 116w\" sizes=\"(max-width: 310px) 100vw, 310px\" \/>O per\u00edodo de matr\u00edculas come\u00e7ou na \u00faltima quarta-feira, 29, um dia ap\u00f3s o Superior Tribunal de Justi\u00e7a (STJ) ter liberado a divulga\u00e7\u00e3o do resultado do Sisu, que chegou a ser temporariamente suspensa devido \u00e0s queixas de estudantes que alegavam ter sido prejudicados por problemas na atribui\u00e7\u00e3o de notas. Na semana passada, o pr\u00f3prio Minist\u00e9rio da Educa\u00e7\u00e3o reconheceu que houve erros na atribui\u00e7\u00e3o de notas para cerca de 6 mil estudantes que participaram do Exame Nacional de Ensino M\u00e9dio (Enem).<\/p>\n<p style=\"text-align: justify;\">Foram classificados os estudantes mais bem posicionados, de acordo com as notas no Enem e eventuais pondera\u00e7\u00f5es, como pesos atribu\u00eddos \u00e0s notas ou b\u00f4nus. As vagas s\u00e3o distribu\u00eddas de acordo com a Lei de Cotas (Lei 12.711\/2012) e de pol\u00edticas de a\u00e7\u00f5es afirmativas, que podem variar de institui\u00e7\u00e3o de ensino para institui\u00e7\u00e3o.<\/p>\n<p style=\"text-align: justify;\">O prazo para os estudantes se inscreverem na lista de espera das institui\u00e7\u00f5es de ensino tamb\u00e9m come\u00e7aram na quarta-feira, \u00a0e termina no dia 4 de fevereiro. Parte dos candidatos \u00e0 espera de vagas dever\u00e1 ser convocada a partir de 7 de fevereiro at\u00e9 30 de abril. S\u00f3 pode participar da lista de espera quem n\u00e3o foi selecionado em nenhuma das duas op\u00e7\u00f5es de cursos escolhidas no momento da inscri\u00e7\u00e3o. O candidato selecionado em primeira ou segunda op\u00e7\u00e3o, independentemente de efetuar sua matr\u00edcula, n\u00e3o poder\u00e1 manifestar interesse em participar da lista de espera.<\/p>\n<p style=\"text-align: justify;\">Para participar dessa segunda chance, o candidato que n\u00e3o foi selecionado para nenhuma de suas duas op\u00e7\u00f5es deve acessar o seu boletim Sisu e manifestar o interesse no prazo especificado no cronograma. \u00c9 importante que o candidato acompanhe junto \u00e0 institui\u00e7\u00e3o da vaga escolhida, a lista de espera e as convoca\u00e7\u00f5es para matr\u00edcula.<\/p>\n<p style=\"text-align: justify;\"><em>Fonte: A Voz do Campo <\/em><\/p>\n<p style=\"text-align: justify;\"><em>Com informa\u00e7\u00f5es: Calila Not\u00edcias <\/em><\/p>\n","protected":false},"excerpt":{"rendered":"<p>Os estudantes classificados no Sistema de Sele\u00e7\u00e3o Unificada (Sisu) 2020 t\u00eam at\u00e9 o dia 4 de fevereiro para enviar \u00e0s institui\u00e7\u00f5es de ensino a documenta\u00e7\u00e3o necess\u00e1ria para se matricular no curso para o qual foram aprovados.<\/p>\n","protected":false},"author":2,"featured_media":21221,"comment_status":"open","ping_status":"open","sticky":false,"template":"","format":"standard","meta":{"om_disable_all_campaigns":false,"_monsterinsights_skip_tracking":false,"_monsterinsights_sitenote_active":false,"_monsterinsights_sitenote_note":"","_monsterinsights_sitenote_category":0,"footnotes":""},"categories":[34,70,20,69],"tags":[93,140,220,1437,378],"class_list":["post-21220","post","type-post","status-publish","format-standard","has-post-thumbnail","hentry","category-brasil","category-destaques","category-educacao","category-noticias2","tag-brasil","tag-educacao","tag-enem","tag-mec","tag-sisu"],"aioseo_notices":[],"_links":{"self":[{"href":"https:\/\/www.portalalerta.com.br\/index.php\/wp-json\/wp\/v2\/posts\/21220","targetHints":{"allow":["GET"]}}],"collection":[{"href":"https:\/\/www.portalalerta.com.br\/index.php\/wp-json\/wp\/v2\/posts"}],"about":[{"href":"https:\/\/www.portalalerta.com.br\/index.php\/wp-json\/wp\/v2\/types\/post"}],"author":[{"embeddable":true,"href":"https:\/\/www.portalalerta.com.br\/index.php\/wp-json\/wp\/v2\/users\/2"}],"replies":[{"embeddable":true,"href":"https:\/\/www.portalalerta.com.br\/index.php\/wp-json\/wp\/v2\/comments?post=21220"}],"version-history":[{"count":1,"href":"https:\/\/www.portalalerta.com.br\/index.php\/wp-json\/wp\/v2\/posts\/21220\/revisions"}],"predecessor-version":[{"id":21222,"href":"https:\/\/www.portalalerta.com.br\/index.php\/wp-json\/wp\/v2\/posts\/21220\/revisions\/21222"}],"wp:featuredmedia":[{"embeddable":true,"href":"https:\/\/www.portalalerta.com.br\/index.php\/wp-json\/wp\/v2\/media\/21221"}],"wp:attachment":[{"href":"https:\/\/www.portalalerta.com.br\/index.php\/wp-json\/wp\/v2\/media?parent=21220"}],"wp:term":[{"taxonomy":"category","embeddable":true,"href":"https:\/\/www.portalalerta.com.br\/index.php\/wp-json\/wp\/v2\/categories?post=21220"},{"taxonomy":"post_tag","embeddable":true,"href":"https:\/\/www.portalalerta.com.br\/index.php\/wp-json\/wp\/v2\/tags?post=21220"}],"curies":[{"name":"wp","href":"https:\/\/api.w.org\/{rel}","templated":true}]}}