{"id":21236,"date":"2020-01-31T11:03:40","date_gmt":"2020-01-31T14:03:40","guid":{"rendered":"https:\/\/www.portalalerta.com.br\/?p=21236"},"modified":"2020-01-31T11:10:06","modified_gmt":"2020-01-31T14:10:06","slug":"fogo-destroi-barracas-de-feira-livre-de-tucano-ba","status":"publish","type":"post","link":"https:\/\/www.portalalerta.com.br\/index.php\/2020\/01\/31\/fogo-destroi-barracas-de-feira-livre-de-tucano-ba\/","title":{"rendered":"Fogo destr\u00f3i barracas de feira livre de Tucano-BA"},"content":{"rendered":"<p style=\"text-align: justify;\">Pelo menos 10 barracas pegaram fogo na madrugada de quarta-feira, 29, na feira livre, do munic\u00edpio de Tucano-BA. Os equipamentos tinham sido entregues pelo Governo do Estado da Bahia aos feirantes da cidade.<!--more--><\/p>\n<p style=\"text-align: justify;\"><img fetchpriority=\"high\" decoding=\"async\" class=\"size-full wp-image-2902 alignleft\" src=\"https:\/\/www.portalalerta.com.br\/wp-content\/uploads\/2017\/11\/elab-2.jpg\" alt=\"\" width=\"310\" height=\"200\" srcset=\"https:\/\/www.portalalerta.com.br\/wp-content\/uploads\/2017\/11\/elab-2.jpg 310w, https:\/\/www.portalalerta.com.br\/wp-content\/uploads\/2017\/11\/elab-2-226x146.jpg 226w, https:\/\/www.portalalerta.com.br\/wp-content\/uploads\/2017\/11\/elab-2-50x32.jpg 50w, https:\/\/www.portalalerta.com.br\/wp-content\/uploads\/2017\/11\/elab-2-116x75.jpg 116w\" sizes=\"(max-width: 310px) 100vw, 310px\" \/>Por conta das lonas que cobrem as barracas, o fogo se alastrou rapidamente, passando de uma para outra. No total, haviam cerca de 50 barracas, mas nem todas foram atingidas.<\/p>\n<p style=\"text-align: justify;\">As barracas estavam abastecidas e os produtos ficaram queimados. A popula\u00e7\u00e3o se uniu para ajudar a debelar as chamas. Ainda n\u00e3o h\u00e1 informa\u00e7\u00f5es sobre a causa do inc\u00eandio. A Pol\u00edcia Civil investiga o caso.<\/p>\n<p>&nbsp;<\/p>\n<p style=\"text-align: justify;\">https:\/\/www.youtube.com\/watch?v=CevIP_QYRWA&#038;feature=emb_title<\/p>\n<p style=\"text-align: justify;\"><em>Fonte: Cleriston Silva<\/em><\/p>\n","protected":false},"excerpt":{"rendered":"<p>Pelo menos 10 barracas pegaram fogo na madrugada de quarta-feira, 29, na feira livre, do munic\u00edpio de Tucano-BA. Os equipamentos tinham sido entregues pelo Governo do Estado da Bahia aos feirantes da cidade.<\/p>\n","protected":false},"author":2,"featured_media":21255,"comment_status":"open","ping_status":"open","sticky":false,"template":"","format":"standard","meta":{"om_disable_all_campaigns":false,"_monsterinsights_skip_tracking":false,"_monsterinsights_sitenote_active":false,"_monsterinsights_sitenote_note":"","_monsterinsights_sitenote_category":0,"footnotes":""},"categories":[70,69,32,12,68],"tags":[3367,1308,593,190],"class_list":["post-21236","post","type-post","status-publish","format-standard","has-post-thumbnail","hentry","category-destaques","category-noticias2","category-regiao","category-tucano","category-videos","tag-barracas","tag-feira-livre","tag-incendio","tag-tucano"],"aioseo_notices":[],"_links":{"self":[{"href":"https:\/\/www.portalalerta.com.br\/index.php\/wp-json\/wp\/v2\/posts\/21236","targetHints":{"allow":["GET"]}}],"collection":[{"href":"https:\/\/www.portalalerta.com.br\/index.php\/wp-json\/wp\/v2\/posts"}],"about":[{"href":"https:\/\/www.portalalerta.com.br\/index.php\/wp-json\/wp\/v2\/types\/post"}],"author":[{"embeddable":true,"href":"https:\/\/www.portalalerta.com.br\/index.php\/wp-json\/wp\/v2\/users\/2"}],"replies":[{"embeddable":true,"href":"https:\/\/www.portalalerta.com.br\/index.php\/wp-json\/wp\/v2\/comments?post=21236"}],"version-history":[{"count":3,"href":"https:\/\/www.portalalerta.com.br\/index.php\/wp-json\/wp\/v2\/posts\/21236\/revisions"}],"predecessor-version":[{"id":21254,"href":"https:\/\/www.portalalerta.com.br\/index.php\/wp-json\/wp\/v2\/posts\/21236\/revisions\/21254"}],"wp:featuredmedia":[{"embeddable":true,"href":"https:\/\/www.portalalerta.com.br\/index.php\/wp-json\/wp\/v2\/media\/21255"}],"wp:attachment":[{"href":"https:\/\/www.portalalerta.com.br\/index.php\/wp-json\/wp\/v2\/media?parent=21236"}],"wp:term":[{"taxonomy":"category","embeddable":true,"href":"https:\/\/www.portalalerta.com.br\/index.php\/wp-json\/wp\/v2\/categories?post=21236"},{"taxonomy":"post_tag","embeddable":true,"href":"https:\/\/www.portalalerta.com.br\/index.php\/wp-json\/wp\/v2\/tags?post=21236"}],"curies":[{"name":"wp","href":"https:\/\/api.w.org\/{rel}","templated":true}]}}