{"id":21245,"date":"2020-01-31T11:46:59","date_gmt":"2020-01-31T14:46:59","guid":{"rendered":"https:\/\/www.portalalerta.com.br\/?p=21245"},"modified":"2020-01-31T11:46:59","modified_gmt":"2020-01-31T14:46:59","slug":"policia-civil-prende-homem-acusado-de-homicidio-em-araci-ba","status":"publish","type":"post","link":"https:\/\/www.portalalerta.com.br\/index.php\/2020\/01\/31\/policia-civil-prende-homem-acusado-de-homicidio-em-araci-ba\/","title":{"rendered":"Pol\u00edcia Civil prende homem acusado de homic\u00eddio em Araci-BA"},"content":{"rendered":"<p style=\"text-align: justify;\">Um homem conhecido pelo apelido de &#8220;Thekinho&#8221; foi preso por policiais civis da Delegacia de Araci-BA, na tarde desta quarta-feira (29). Sua pris\u00e3o decorreu de determina\u00e7\u00e3o da Vara Crime da Comarca local.<!--more--><\/p>\n<p style=\"text-align: justify;\">Ele \u00e9 acusado de envolvimento no assassinato de M\u00e1rcio Lima de Miranda, 30 anos, o &#8220;Can\u00e1rio&#8221;, ocorrido no dia 19 de outubro do ano passado, nas proximidades da Associa\u00e7\u00e3o Atl\u00e9tica Banco do Brasil, no Centro da cidade.<\/p>\n<p style=\"text-align: justify;\"><img fetchpriority=\"high\" decoding=\"async\" class=\"size-thumbnail wp-image-4869 aligncenter\" src=\"https:\/\/www.portalalerta.com.br\/wp-content\/uploads\/2018\/02\/Auto-Escola-Nobre-720x181.jpg\" alt=\"\" width=\"720\" height=\"181\" srcset=\"https:\/\/www.portalalerta.com.br\/wp-content\/uploads\/2018\/02\/Auto-Escola-Nobre.jpg 720w, https:\/\/www.portalalerta.com.br\/wp-content\/uploads\/2018\/02\/Auto-Escola-Nobre-260x65.jpg 260w, https:\/\/www.portalalerta.com.br\/wp-content\/uploads\/2018\/02\/Auto-Escola-Nobre-50x13.jpg 50w, https:\/\/www.portalalerta.com.br\/wp-content\/uploads\/2018\/02\/Auto-Escola-Nobre-150x38.jpg 150w\" sizes=\"(max-width: 720px) 100vw, 720px\" \/>De acordo com as investiga\u00e7\u00f5es, a v\u00edtima morreu em frente ao Hospital Nossa Senhora da Concei\u00e7\u00e3o, ap\u00f3s correr em dire\u00e7\u00e3o a unidade em busca de atendimento. A arma usada no crime foi apreendida.<\/p>\n<p style=\"text-align: justify;\">Thekinho foi encaminhado \u00e0 carceragem da 15\u00aa Coordenadoria Regional de Pol\u00edcia do Interior, com sede em Serrinha, onde segue \u00e0 disposi\u00e7\u00e3o da Justi\u00e7a. Um segundo suspeito est\u00e1 sendo procurado.<\/p>\n<figure id=\"attachment_21246\" aria-describedby=\"caption-attachment-21246\" style=\"width: 500px\" class=\"wp-caption aligncenter\"><img decoding=\"async\" class=\"wp-image-21246 size-full\" src=\"https:\/\/www.portalalerta.com.br\/wp-content\/uploads\/2020\/01\/Tekinho.jpg\" alt=\"\" width=\"500\" height=\"350\" srcset=\"https:\/\/www.portalalerta.com.br\/wp-content\/uploads\/2020\/01\/Tekinho.jpg 500w, https:\/\/www.portalalerta.com.br\/wp-content\/uploads\/2020\/01\/Tekinho-343x240.jpg 343w, https:\/\/www.portalalerta.com.br\/wp-content\/uploads\/2020\/01\/Tekinho-209x146.jpg 209w, https:\/\/www.portalalerta.com.br\/wp-content\/uploads\/2020\/01\/Tekinho-50x35.jpg 50w, https:\/\/www.portalalerta.com.br\/wp-content\/uploads\/2020\/01\/Tekinho-107x75.jpg 107w\" sizes=\"(max-width: 500px) 100vw, 500px\" \/><figcaption id=\"caption-attachment-21246\" class=\"wp-caption-text\">&#8220;TeKinho&#8221; \u00e9 apontado como autor da pr\u00e1tica de homic\u00eddio<\/figcaption><\/figure>\n<p style=\"text-align: justify;\"><em>Fonte: Cleriston Silva<\/em><\/p>\n","protected":false},"excerpt":{"rendered":"<p>Um homem conhecido pelo apelido de &#8220;Thekinho&#8221; foi preso por policiais civis da Delegacia de Araci-BA, na tarde desta quarta-feira (29). Sua pris\u00e3o decorreu de determina\u00e7\u00e3o da Vara Crime da Comarca local.<\/p>\n","protected":false},"author":2,"featured_media":18440,"comment_status":"open","ping_status":"open","sticky":false,"template":"","format":"standard","meta":{"om_disable_all_campaigns":false,"_monsterinsights_skip_tracking":false,"_monsterinsights_sitenote_active":false,"_monsterinsights_sitenote_note":"","_monsterinsights_sitenote_category":0,"footnotes":""},"categories":[41,70,69,32,22],"tags":[48,258,206,122,77],"class_list":["post-21245","post","type-post","status-publish","format-standard","has-post-thumbnail","hentry","category-araci","category-destaques","category-noticias2","category-regiao","category-seguranca","tag-araci","tag-homicida","tag-homicidio","tag-policia-civil","tag-preso"],"aioseo_notices":[],"_links":{"self":[{"href":"https:\/\/www.portalalerta.com.br\/index.php\/wp-json\/wp\/v2\/posts\/21245","targetHints":{"allow":["GET"]}}],"collection":[{"href":"https:\/\/www.portalalerta.com.br\/index.php\/wp-json\/wp\/v2\/posts"}],"about":[{"href":"https:\/\/www.portalalerta.com.br\/index.php\/wp-json\/wp\/v2\/types\/post"}],"author":[{"embeddable":true,"href":"https:\/\/www.portalalerta.com.br\/index.php\/wp-json\/wp\/v2\/users\/2"}],"replies":[{"embeddable":true,"href":"https:\/\/www.portalalerta.com.br\/index.php\/wp-json\/wp\/v2\/comments?post=21245"}],"version-history":[{"count":2,"href":"https:\/\/www.portalalerta.com.br\/index.php\/wp-json\/wp\/v2\/posts\/21245\/revisions"}],"predecessor-version":[{"id":21260,"href":"https:\/\/www.portalalerta.com.br\/index.php\/wp-json\/wp\/v2\/posts\/21245\/revisions\/21260"}],"wp:featuredmedia":[{"embeddable":true,"href":"https:\/\/www.portalalerta.com.br\/index.php\/wp-json\/wp\/v2\/media\/18440"}],"wp:attachment":[{"href":"https:\/\/www.portalalerta.com.br\/index.php\/wp-json\/wp\/v2\/media?parent=21245"}],"wp:term":[{"taxonomy":"category","embeddable":true,"href":"https:\/\/www.portalalerta.com.br\/index.php\/wp-json\/wp\/v2\/categories?post=21245"},{"taxonomy":"post_tag","embeddable":true,"href":"https:\/\/www.portalalerta.com.br\/index.php\/wp-json\/wp\/v2\/tags?post=21245"}],"curies":[{"name":"wp","href":"https:\/\/api.w.org\/{rel}","templated":true}]}}