{"id":21261,"date":"2020-01-31T15:47:36","date_gmt":"2020-01-31T18:47:36","guid":{"rendered":"https:\/\/www.portalalerta.com.br\/?p=21261"},"modified":"2020-01-31T15:47:36","modified_gmt":"2020-01-31T18:47:36","slug":"secretario-de-ensino-superior-deixa-o-ministerio-da-educacao","status":"publish","type":"post","link":"https:\/\/www.portalalerta.com.br\/index.php\/2020\/01\/31\/secretario-de-ensino-superior-deixa-o-ministerio-da-educacao\/","title":{"rendered":"Secret\u00e1rio de ensino superior deixa o Minist\u00e9rio da Educa\u00e7\u00e3o"},"content":{"rendered":"<p style=\"text-align: justify;\">O Secret\u00e1rio de Educa\u00e7\u00e3o Superior do Minist\u00e9rio da Educa\u00e7\u00e3o (MEC), Arnaldo Lima Junior, pediu demiss\u00e3o nessa quinta-feira, 30, em meio a uma das maiores crises da pasta, causada por erros na divulga\u00e7\u00e3o de notas no Exame Nacional do Ensino M\u00e9dio (Enem) e falhas no Sistema de Sele\u00e7\u00e3o Unificada (Sisu). Embora a prova seja de responsabilidade de outro \u00f3rg\u00e3o do MEC, o sistema, usado para o ingresso em universidades p\u00fablicas, era de sua responsabilidade.<!--more--><\/p>\n<p style=\"text-align: justify;\">Um dos principais auxiliares do ministro da Educa\u00e7\u00e3o, Abraham Weintraub, Lima comunicou seu desligamento alegando motivos pessoais. Ele nega que sua demiss\u00e3o tenha sido causado por problemas com o Sisu.<\/p>\n<p style=\"text-align: justify;\">A sa\u00edda foi antecipada ontem pelo estadao.com.br. Em carta, obtida pela reportagem, Lima diz que nunca deixou de \u201cousar\u201d ao exercer seu trabalho na pasta e que n\u00e3o fez nada \u201csozinho\u201d. Afirma ainda ter contado com apoio de Weintraub nos nove meses em que ficou no cargo.<\/p>\n<p style=\"text-align: justify;\"><img fetchpriority=\"high\" decoding=\"async\" class=\"alignleft wp-image-20957 size-full\" src=\"https:\/\/www.portalalerta.com.br\/wp-content\/uploads\/2020\/01\/Real-Volta-as-aulas-2020.jpeg\" alt=\"\" width=\"333\" height=\"400\" \/>A divulga\u00e7\u00e3o da lista de aprovados na 1.\u00aa chamada do Sisu chegou a ser impedida pela Justi\u00e7a ap\u00f3s o MEC admitir erros na corre\u00e7\u00e3o de algumas provas do Enem. Ap\u00f3s o Superior Tribunal de Justi\u00e7a (STJ) liberar a divulga\u00e7\u00e3o dos resultados, participantes do exame relataram problemas na lista de espera. Procurado, o MEC disse que o sistema funcionava normalmente.<\/p>\n<p style=\"text-align: justify;\">Outro problema relatado foi o vazamento de uma lista \u201cn\u00e3o oficial\u201d no site do Sisu na ter\u00e7a-feira, antes de a divulga\u00e7\u00e3o ser liberada pelo STJ. Apesar da proibi\u00e7\u00e3o judicial, o minist\u00e9rio confirmou que uma lista que \u201cn\u00e3o representava o resultado oficial\u201d ficou dispon\u00edvel e p\u00f4de ser vista \u201cpor alguns minutos\u201d.<\/p>\n<p style=\"text-align: justify;\">Lima \u00e9 funcion\u00e1rio de carreira do antigo Minist\u00e9rio do Planejamento, hoje na pasta da Economia, e retorna \u00e0 sua fun\u00e7\u00e3o anterior. Ele deixa o cargo no mesmo dia em que o presidente da C\u00e2mara dos Deputados, Rodrigo Maia (DEM-RJ), subiu o tom das cr\u00edticas a Weintraub. \u201cO ministro da Educa\u00e7\u00e3o atrapalha o Brasil, tem vis\u00e3o ideol\u00f3gica e brinca com o futuro de milh\u00f5es de crian\u00e7as\u201d, disse Maia nesta quinta-feira.<\/p>\n<p style=\"text-align: justify;\">Lima foi respons\u00e1vel pelo desenho do Future-se, que tem o objetivo de captar recursos privados para universidades federais Principal bandeira de Weintraub para essas institui\u00e7\u00f5es, o programa foi alvo de cr\u00edticas de reitores. Apresentado em julho, o Future-se terminou a fase de consulta p\u00fablica na semana passada e ainda precisa de aval do Congresso.<\/p>\n<p style=\"text-align: justify;\">No comunicado da demiss\u00e3o, Lima afirma ainda que ajudou a criar a ID Estudantil, o Diploma Digital, o Novo Revalida, de valida\u00e7\u00e3o de diplomas m\u00e9dicos obtidos no exterior, e a aperfei\u00e7oar o Fies, programa de financiamento estudantil. Ainda segundo a carta, foram alocados R$ 230 milh\u00f5es para investimentos em placas fotovoltaicas e para concluir obras paradas ou em andamento nas federais.<\/p>\n<p style=\"text-align: justify;\">Em novembro, em parecer revelado pelo jornal\u00a0O Estado de S. Paulo, uma comiss\u00e3o da C\u00e2mara criada por Maia apontou paralisia no planejamento e execu\u00e7\u00e3o de pol\u00edticas p\u00fablicas por parte do MEC. Foi a primeira vez que o Legislativo criou um grupo para averiguar o trabalho de um minist\u00e9rio. As informa\u00e7\u00f5es s\u00e3o do jornal\u00a0O Estado de S. Paulo.<\/p>\n<p style=\"text-align: justify;\"><em>Fonte: Canabrava FM<\/em><\/p>\n<p style=\"text-align: justify;\"><em>Com informa\u00e7\u00f5es:Agencia Brasil<\/em><\/p>\n","protected":false},"excerpt":{"rendered":"<p>O Secret\u00e1rio de Educa\u00e7\u00e3o Superior do Minist\u00e9rio da Educa\u00e7\u00e3o (MEC), Arnaldo Lima Junior, pediu demiss\u00e3o nessa quinta-feira, 30, em meio a uma das maiores crises da pasta, causada por erros na divulga\u00e7\u00e3o de notas no Exame Nacional do Ensino M\u00e9dio (Enem) e falhas no Sistema de Sele\u00e7\u00e3o Unificada (Sisu). Embora a prova seja de responsabilidade &hellip;<\/p>\n","protected":false},"author":2,"featured_media":21262,"comment_status":"open","ping_status":"open","sticky":false,"template":"","format":"standard","meta":{"om_disable_all_campaigns":false,"_monsterinsights_skip_tracking":false,"_monsterinsights_sitenote_active":false,"_monsterinsights_sitenote_note":"","_monsterinsights_sitenote_category":0,"footnotes":""},"categories":[34,70,20,69,21],"tags":[93,616,1437,1436,2594],"class_list":["post-21261","post","type-post","status-publish","format-standard","has-post-thumbnail","hentry","category-brasil","category-destaques","category-educacao","category-noticias2","category-politica","tag-brasil","tag-demissao","tag-mec","tag-ministerio-da-educacao","tag-secretario"],"aioseo_notices":[],"_links":{"self":[{"href":"https:\/\/www.portalalerta.com.br\/index.php\/wp-json\/wp\/v2\/posts\/21261","targetHints":{"allow":["GET"]}}],"collection":[{"href":"https:\/\/www.portalalerta.com.br\/index.php\/wp-json\/wp\/v2\/posts"}],"about":[{"href":"https:\/\/www.portalalerta.com.br\/index.php\/wp-json\/wp\/v2\/types\/post"}],"author":[{"embeddable":true,"href":"https:\/\/www.portalalerta.com.br\/index.php\/wp-json\/wp\/v2\/users\/2"}],"replies":[{"embeddable":true,"href":"https:\/\/www.portalalerta.com.br\/index.php\/wp-json\/wp\/v2\/comments?post=21261"}],"version-history":[{"count":2,"href":"https:\/\/www.portalalerta.com.br\/index.php\/wp-json\/wp\/v2\/posts\/21261\/revisions"}],"predecessor-version":[{"id":21292,"href":"https:\/\/www.portalalerta.com.br\/index.php\/wp-json\/wp\/v2\/posts\/21261\/revisions\/21292"}],"wp:featuredmedia":[{"embeddable":true,"href":"https:\/\/www.portalalerta.com.br\/index.php\/wp-json\/wp\/v2\/media\/21262"}],"wp:attachment":[{"href":"https:\/\/www.portalalerta.com.br\/index.php\/wp-json\/wp\/v2\/media?parent=21261"}],"wp:term":[{"taxonomy":"category","embeddable":true,"href":"https:\/\/www.portalalerta.com.br\/index.php\/wp-json\/wp\/v2\/categories?post=21261"},{"taxonomy":"post_tag","embeddable":true,"href":"https:\/\/www.portalalerta.com.br\/index.php\/wp-json\/wp\/v2\/tags?post=21261"}],"curies":[{"name":"wp","href":"https:\/\/api.w.org\/{rel}","templated":true}]}}