{"id":21266,"date":"2020-01-31T15:59:48","date_gmt":"2020-01-31T18:59:48","guid":{"rendered":"https:\/\/www.portalalerta.com.br\/?p=21266"},"modified":"2020-01-31T15:59:48","modified_gmt":"2020-01-31T18:59:48","slug":"jovens-adventistas-dedicam-ferias-para-fazer-voluntariado-em-araci-ba","status":"publish","type":"post","link":"https:\/\/www.portalalerta.com.br\/index.php\/2020\/01\/31\/jovens-adventistas-dedicam-ferias-para-fazer-voluntariado-em-araci-ba\/","title":{"rendered":"Jovens adventistas dedicam f\u00e9rias para fazer voluntariado em Araci-BA"},"content":{"rendered":"<p style=\"text-align: justify;\">Dezenas de jovens do projeto MISS\u00c3O CALEBE est\u00e3o dedicando as f\u00e9rias de Janeiro para ajudar o pr\u00f3ximo em Araci-BA. No munic\u00edpio, os calebes est\u00e3o localizados em mais de 10 pontos, entre eles, os povoados de Ribeira, Tapuio, Coqueiro II, Sol Nascente entre outros. Todos levando servi\u00e7os assistenciais como por exemplo, feira de sa\u00fade, pinturas de casas al\u00e9m do ensino da b\u00edblia.<!--more--><\/p>\n<p style=\"text-align: justify;\"><img fetchpriority=\"high\" decoding=\"async\" class=\"size-full wp-image-2902 alignleft\" src=\"https:\/\/www.portalalerta.com.br\/wp-content\/uploads\/2017\/11\/elab-2.jpg\" alt=\"\" width=\"310\" height=\"200\" srcset=\"https:\/\/www.portalalerta.com.br\/wp-content\/uploads\/2017\/11\/elab-2.jpg 310w, https:\/\/www.portalalerta.com.br\/wp-content\/uploads\/2017\/11\/elab-2-226x146.jpg 226w, https:\/\/www.portalalerta.com.br\/wp-content\/uploads\/2017\/11\/elab-2-50x32.jpg 50w, https:\/\/www.portalalerta.com.br\/wp-content\/uploads\/2017\/11\/elab-2-116x75.jpg 116w\" sizes=\"(max-width: 310px) 100vw, 310px\" \/>Segundo o pastor Jonatas Barbosa, o Calebe traz aux\u00edlio e esperan\u00e7a para a comunidade. \u201cAs fam\u00edlias recebem tanto instru\u00e7\u00f5es religiosas, como moral, relacionamento, motivacional e isso \u00e9 feito atrav\u00e9s de palestras que os calebes utilizam na comunidade,\u201d explicou o pastor. A mobiliza\u00e7\u00e3o acontece no Brasil inteiro.<\/p>\n<p style=\"text-align: justify;\">O projeto Miss\u00e3o Calebe \u00e9 realizado pela Igreja Adventista desde 2007,com o objetivo de envolver a juventude em a\u00e7\u00f5es sociais durante o per\u00edodo das f\u00e9rias de\u00a0janeiro e julho. O projeto foi criado na Bahia e hoje envolve milhares de jovens no trabalho volunt\u00e1rio em oito pa\u00edses da Am\u00e9rica do Sul, inclusive o Brasil.<\/p>\n<p style=\"text-align: justify;\"><em><img decoding=\"async\" class=\"aligncenter wp-image-21267 size-full\" src=\"https:\/\/www.portalalerta.com.br\/wp-content\/uploads\/2020\/01\/Miss\u00e3o-Calebe-em-Araci-2020.1.jpg\" alt=\"\" width=\"500\" height=\"350\" srcset=\"https:\/\/www.portalalerta.com.br\/wp-content\/uploads\/2020\/01\/Miss\u00e3o-Calebe-em-Araci-2020.1.jpg 500w, https:\/\/www.portalalerta.com.br\/wp-content\/uploads\/2020\/01\/Miss\u00e3o-Calebe-em-Araci-2020.1-343x240.jpg 343w, https:\/\/www.portalalerta.com.br\/wp-content\/uploads\/2020\/01\/Miss\u00e3o-Calebe-em-Araci-2020.1-209x146.jpg 209w, https:\/\/www.portalalerta.com.br\/wp-content\/uploads\/2020\/01\/Miss\u00e3o-Calebe-em-Araci-2020.1-50x35.jpg 50w, https:\/\/www.portalalerta.com.br\/wp-content\/uploads\/2020\/01\/Miss\u00e3o-Calebe-em-Araci-2020.1-107x75.jpg 107w\" sizes=\"(max-width: 500px) 100vw, 500px\" \/>Fonte: A Voz do Campo<\/em><\/p>\n","protected":false},"excerpt":{"rendered":"<p>Dezenas de jovens do projeto MISS\u00c3O CALEBE est\u00e3o dedicando as f\u00e9rias de Janeiro para ajudar o pr\u00f3ximo em Araci-BA. No munic\u00edpio, os calebes est\u00e3o localizados em mais de 10 pontos, entre eles, os povoados de Ribeira, Tapuio, Coqueiro II, Sol Nascente entre outros. Todos levando servi\u00e7os assistenciais como por exemplo, feira de sa\u00fade, pinturas de &hellip;<\/p>\n","protected":false},"author":2,"featured_media":21268,"comment_status":"open","ping_status":"open","sticky":false,"template":"","format":"standard","meta":{"om_disable_all_campaigns":false,"_monsterinsights_skip_tracking":false,"_monsterinsights_sitenote_active":false,"_monsterinsights_sitenote_note":"","_monsterinsights_sitenote_category":0,"footnotes":""},"categories":[41,70,69,32],"tags":[48,3371,3370,3369],"class_list":["post-21266","post","type-post","status-publish","format-standard","has-post-thumbnail","hentry","category-araci","category-destaques","category-noticias2","category-regiao","tag-araci","tag-iasd","tag-igreja-adventista-do-7o-dia","tag-missao-calebe"],"aioseo_notices":[],"_links":{"self":[{"href":"https:\/\/www.portalalerta.com.br\/index.php\/wp-json\/wp\/v2\/posts\/21266","targetHints":{"allow":["GET"]}}],"collection":[{"href":"https:\/\/www.portalalerta.com.br\/index.php\/wp-json\/wp\/v2\/posts"}],"about":[{"href":"https:\/\/www.portalalerta.com.br\/index.php\/wp-json\/wp\/v2\/types\/post"}],"author":[{"embeddable":true,"href":"https:\/\/www.portalalerta.com.br\/index.php\/wp-json\/wp\/v2\/users\/2"}],"replies":[{"embeddable":true,"href":"https:\/\/www.portalalerta.com.br\/index.php\/wp-json\/wp\/v2\/comments?post=21266"}],"version-history":[{"count":2,"href":"https:\/\/www.portalalerta.com.br\/index.php\/wp-json\/wp\/v2\/posts\/21266\/revisions"}],"predecessor-version":[{"id":21293,"href":"https:\/\/www.portalalerta.com.br\/index.php\/wp-json\/wp\/v2\/posts\/21266\/revisions\/21293"}],"wp:featuredmedia":[{"embeddable":true,"href":"https:\/\/www.portalalerta.com.br\/index.php\/wp-json\/wp\/v2\/media\/21268"}],"wp:attachment":[{"href":"https:\/\/www.portalalerta.com.br\/index.php\/wp-json\/wp\/v2\/media?parent=21266"}],"wp:term":[{"taxonomy":"category","embeddable":true,"href":"https:\/\/www.portalalerta.com.br\/index.php\/wp-json\/wp\/v2\/categories?post=21266"},{"taxonomy":"post_tag","embeddable":true,"href":"https:\/\/www.portalalerta.com.br\/index.php\/wp-json\/wp\/v2\/tags?post=21266"}],"curies":[{"name":"wp","href":"https:\/\/api.w.org\/{rel}","templated":true}]}}