{"id":21270,"date":"2020-01-31T16:20:26","date_gmt":"2020-01-31T19:20:26","guid":{"rendered":"https:\/\/www.portalalerta.com.br\/?p=21270"},"modified":"2020-01-31T16:20:26","modified_gmt":"2020-01-31T19:20:26","slug":"prazo-para-uso-obrigatorio-de-placas-do-mercosul-comeca-nesta-sexta","status":"publish","type":"post","link":"https:\/\/www.portalalerta.com.br\/index.php\/2020\/01\/31\/prazo-para-uso-obrigatorio-de-placas-do-mercosul-comeca-nesta-sexta\/","title":{"rendered":"Prazo para uso obrigat\u00f3rio de placas do Mercosul come\u00e7a nesta sexta"},"content":{"rendered":"<p style=\"text-align: justify;\">Ap\u00f3s sucessivos adiamentos, come\u00e7a a valer nesta sexta-feira (31) o prazo para uso obrigat\u00f3rio da placa do Mercosul em ve\u00edculos de todos os estados.<!--more--><\/p>\n<p style=\"text-align: justify;\">A data est\u00e1 de acordo com o que estipula a Resolu\u00e7\u00e3o n\u00ba 780\/2019 do Conselho Nacional de Tr\u00e2nsito (Contran), de julho do ano passado, que determina a ado\u00e7\u00e3o do novo modelo de placas de identifica\u00e7\u00e3o veicular (PIV) a partir de 31 de janeiro de 2020. Segundo o Minist\u00e9rio da Infraestrutura, o Departamento Estadual de Tr\u00e2nsito (Detran) que n\u00e3o aderir ao novo padr\u00e3o, n\u00e3o conseguir\u00e1 emplacar novos ve\u00edculos.<\/p>\n<p style=\"text-align: justify;\">A nova placa ser\u00e1 obrigat\u00f3ria apenas nos casos de primeiro emplacamento. Para quem tiver o modelo antigo, a troca dever\u00e1 ser feita no caso de mudan\u00e7a de munic\u00edpio ou unidade federativa; roubo, furto, dano ou extravio da placa e nos casos em que haja necessidade de instala\u00e7\u00e3o da segunda placa traseira.<\/p>\n<p style=\"text-align: justify;\"><img fetchpriority=\"high\" decoding=\"async\" class=\"size-thumbnail wp-image-4869 aligncenter\" src=\"https:\/\/www.portalalerta.com.br\/wp-content\/uploads\/2018\/02\/Auto-Escola-Nobre-720x181.jpg\" alt=\"\" width=\"720\" height=\"181\" srcset=\"https:\/\/www.portalalerta.com.br\/wp-content\/uploads\/2018\/02\/Auto-Escola-Nobre.jpg 720w, https:\/\/www.portalalerta.com.br\/wp-content\/uploads\/2018\/02\/Auto-Escola-Nobre-260x65.jpg 260w, https:\/\/www.portalalerta.com.br\/wp-content\/uploads\/2018\/02\/Auto-Escola-Nobre-50x13.jpg 50w, https:\/\/www.portalalerta.com.br\/wp-content\/uploads\/2018\/02\/Auto-Escola-Nobre-150x38.jpg 150w\" sizes=\"(max-width: 720px) 100vw, 720px\" \/>Nas outras situa\u00e7\u00f5es, a troca da placa cinza pela do padr\u00e3o Mercosul n\u00e3o \u00e9 obrigat\u00f3ria. Com isso, os carros com a atual placa cinza podem continuar assim at\u00e9 o fim da vida \u00fatil do ve\u00edculo.<\/p>\n<p style=\"text-align: justify;\">O novo modelo apresenta o padr\u00e3o com quatro letras e tr\u00eas n\u00fameros, o inverso do modelo atualmente adotado no pa\u00eds, com tr\u00eas letras e quatro n\u00fameros. O novo modelo permite mais de 450 milh\u00f5es de combina\u00e7\u00f5es, o que, considerando o padr\u00e3o de crescimento da frota de ve\u00edculos no Brasil, pode levar por mais de 100 anos.<\/p>\n<p style=\"text-align: justify;\">Tamb\u00e9m muda a cor de fundo, que passar\u00e1 a ser totalmente branca. A mudan\u00e7a vai ocorrer na cor da fonte para diferenciar o tipo de ve\u00edculo: preta para carros de passeio, vermelha para os comerciais, azul para os oficiais, verde para ve\u00edculos em teste, dourado para os autom\u00f3veis diplom\u00e1ticos e prata para ve\u00edculos de colecionadores.<\/p>\n<p style=\"text-align: justify;\">Todas as placas dever\u00e3o ter ainda um c\u00f3digo de barras din\u00e2mico do tipo Quick Response Code (QR Code) contendo n\u00fameros de s\u00e9rie e acesso \u00e0s informa\u00e7\u00f5es do banco de dados do fabricante e estampador do produto. O objetivo \u00e9 controlar a produ\u00e7\u00e3o, log\u00edstica, estampagem e instala\u00e7\u00e3o das placas nos respectivos ve\u00edculos, al\u00e9m da verifica\u00e7\u00e3o de sua autenticidade.<\/p>\n<p style=\"text-align: justify;\"><em>Fonte: Gazeta do Mel<\/em><\/p>\n","protected":false},"excerpt":{"rendered":"<p>Ap\u00f3s sucessivos adiamentos, come\u00e7a a valer nesta sexta-feira (31) o prazo para uso obrigat\u00f3rio da placa do Mercosul em ve\u00edculos de todos os estados.<\/p>\n","protected":false},"author":2,"featured_media":21271,"comment_status":"open","ping_status":"open","sticky":false,"template":"","format":"standard","meta":{"om_disable_all_campaigns":false,"_monsterinsights_skip_tracking":false,"_monsterinsights_sitenote_active":false,"_monsterinsights_sitenote_note":"","_monsterinsights_sitenote_category":0,"footnotes":""},"categories":[34,70,69],"tags":[93,319,1076,1075],"class_list":["post-21270","post","type-post","status-publish","format-standard","has-post-thumbnail","hentry","category-brasil","category-destaques","category-noticias2","tag-brasil","tag-detran","tag-mercosul","tag-placa"],"aioseo_notices":[],"_links":{"self":[{"href":"https:\/\/www.portalalerta.com.br\/index.php\/wp-json\/wp\/v2\/posts\/21270","targetHints":{"allow":["GET"]}}],"collection":[{"href":"https:\/\/www.portalalerta.com.br\/index.php\/wp-json\/wp\/v2\/posts"}],"about":[{"href":"https:\/\/www.portalalerta.com.br\/index.php\/wp-json\/wp\/v2\/types\/post"}],"author":[{"embeddable":true,"href":"https:\/\/www.portalalerta.com.br\/index.php\/wp-json\/wp\/v2\/users\/2"}],"replies":[{"embeddable":true,"href":"https:\/\/www.portalalerta.com.br\/index.php\/wp-json\/wp\/v2\/comments?post=21270"}],"version-history":[{"count":2,"href":"https:\/\/www.portalalerta.com.br\/index.php\/wp-json\/wp\/v2\/posts\/21270\/revisions"}],"predecessor-version":[{"id":21294,"href":"https:\/\/www.portalalerta.com.br\/index.php\/wp-json\/wp\/v2\/posts\/21270\/revisions\/21294"}],"wp:featuredmedia":[{"embeddable":true,"href":"https:\/\/www.portalalerta.com.br\/index.php\/wp-json\/wp\/v2\/media\/21271"}],"wp:attachment":[{"href":"https:\/\/www.portalalerta.com.br\/index.php\/wp-json\/wp\/v2\/media?parent=21270"}],"wp:term":[{"taxonomy":"category","embeddable":true,"href":"https:\/\/www.portalalerta.com.br\/index.php\/wp-json\/wp\/v2\/categories?post=21270"},{"taxonomy":"post_tag","embeddable":true,"href":"https:\/\/www.portalalerta.com.br\/index.php\/wp-json\/wp\/v2\/tags?post=21270"}],"curies":[{"name":"wp","href":"https:\/\/api.w.org\/{rel}","templated":true}]}}