{"id":21273,"date":"2020-01-31T16:32:28","date_gmt":"2020-01-31T19:32:28","guid":{"rendered":"https:\/\/www.portalalerta.com.br\/?p=21273"},"modified":"2020-01-31T16:32:28","modified_gmt":"2020-01-31T19:32:28","slug":"o-maior-concurso-de-beleza-do-mundo-em-ribeira-do-pombal-ba","status":"publish","type":"post","link":"https:\/\/www.portalalerta.com.br\/index.php\/2020\/01\/31\/o-maior-concurso-de-beleza-do-mundo-em-ribeira-do-pombal-ba\/","title":{"rendered":"O maior concurso de beleza do mundo, em Ribeira do Pombal-BA"},"content":{"rendered":"<p style=\"text-align: justify;\">A segunda edi\u00e7\u00e3o do Miss Pombal j\u00e1 tem data marcada, ser\u00e1 no pr\u00f3ximo dia 07 de fevereiro, na Pra\u00e7a da Juventude, onde a Prefeitura e a TV Band promover\u00e3o o desfile da edi\u00e7\u00e3o municipal do maior concurso de beleza do mundo, o Miss Universo. Ao todo quatorze meninas escolhidas entre as pombalenses que concorrem ao t\u00edtulo de Miss Pombal 2020.<!--more--><\/p>\n<p style=\"text-align: justify;\"><img fetchpriority=\"high\" decoding=\"async\" class=\"alignleft wp-image-20957 size-full\" src=\"https:\/\/www.portalalerta.com.br\/wp-content\/uploads\/2020\/01\/Real-Volta-as-aulas-2020.jpeg\" alt=\"\" width=\"333\" height=\"400\" \/>A competi\u00e7\u00e3o que coloca Ribeira do Pombal como uma das trinta maiores cidades da Bahia, vem despertando o interesse da popula\u00e7\u00e3o e, que ao que tudo indica, promete ganhar peso com grande participa\u00e7\u00e3o da popula\u00e7\u00e3o que deve acompanhar a escolha da garota que vai representar a cidade no concurso estadual.<\/p>\n<p style=\"text-align: justify;\">\u201c\u00c9 o mais importante concurso de beleza do mundo e um projeto que deu certo realizado aqui em Ribeira do Pombal\u201d, disse o secret\u00e1rio de Cultura, \u00a0Osvaldo Rocha.<\/p>\n<p style=\"text-align: justify;\"><em>Fonte: SECOM\/ Ribeira do Pombal<\/em><\/p>\n","protected":false},"excerpt":{"rendered":"<p>A segunda edi\u00e7\u00e3o do Miss Pombal j\u00e1 tem data marcada, ser\u00e1 no pr\u00f3ximo dia 07 de fevereiro, na Pra\u00e7a da Juventude, onde a Prefeitura e a TV Band promover\u00e3o o desfile da edi\u00e7\u00e3o municipal do maior concurso de beleza do mundo, o Miss Universo. Ao todo quatorze meninas escolhidas entre as pombalenses que concorrem ao &hellip;<\/p>\n","protected":false},"author":2,"featured_media":21274,"comment_status":"open","ping_status":"open","sticky":false,"template":"","format":"standard","meta":{"om_disable_all_campaigns":false,"_monsterinsights_skip_tracking":false,"_monsterinsights_sitenote_active":false,"_monsterinsights_sitenote_note":"","_monsterinsights_sitenote_category":0,"footnotes":""},"categories":[70,36,69,32,3],"tags":[1843,47],"class_list":["post-21273","post","type-post","status-publish","format-standard","has-post-thumbnail","hentry","category-destaques","category-lazer","category-noticias2","category-regiao","category-ribeira-do-pombal","tag-miss-pombal","tag-ribeira-do-pombal"],"aioseo_notices":[],"_links":{"self":[{"href":"https:\/\/www.portalalerta.com.br\/index.php\/wp-json\/wp\/v2\/posts\/21273","targetHints":{"allow":["GET"]}}],"collection":[{"href":"https:\/\/www.portalalerta.com.br\/index.php\/wp-json\/wp\/v2\/posts"}],"about":[{"href":"https:\/\/www.portalalerta.com.br\/index.php\/wp-json\/wp\/v2\/types\/post"}],"author":[{"embeddable":true,"href":"https:\/\/www.portalalerta.com.br\/index.php\/wp-json\/wp\/v2\/users\/2"}],"replies":[{"embeddable":true,"href":"https:\/\/www.portalalerta.com.br\/index.php\/wp-json\/wp\/v2\/comments?post=21273"}],"version-history":[{"count":2,"href":"https:\/\/www.portalalerta.com.br\/index.php\/wp-json\/wp\/v2\/posts\/21273\/revisions"}],"predecessor-version":[{"id":21295,"href":"https:\/\/www.portalalerta.com.br\/index.php\/wp-json\/wp\/v2\/posts\/21273\/revisions\/21295"}],"wp:featuredmedia":[{"embeddable":true,"href":"https:\/\/www.portalalerta.com.br\/index.php\/wp-json\/wp\/v2\/media\/21274"}],"wp:attachment":[{"href":"https:\/\/www.portalalerta.com.br\/index.php\/wp-json\/wp\/v2\/media?parent=21273"}],"wp:term":[{"taxonomy":"category","embeddable":true,"href":"https:\/\/www.portalalerta.com.br\/index.php\/wp-json\/wp\/v2\/categories?post=21273"},{"taxonomy":"post_tag","embeddable":true,"href":"https:\/\/www.portalalerta.com.br\/index.php\/wp-json\/wp\/v2\/tags?post=21273"}],"curies":[{"name":"wp","href":"https:\/\/api.w.org\/{rel}","templated":true}]}}