{"id":21276,"date":"2020-01-31T20:55:38","date_gmt":"2020-01-31T23:55:38","guid":{"rendered":"https:\/\/www.portalalerta.com.br\/?p=21276"},"modified":"2020-01-31T20:55:38","modified_gmt":"2020-01-31T23:55:38","slug":"oms-decreta-emergencia-de-saude-publica-internacional-por-coronavirus","status":"publish","type":"post","link":"https:\/\/www.portalalerta.com.br\/index.php\/2020\/01\/31\/oms-decreta-emergencia-de-saude-publica-internacional-por-coronavirus\/","title":{"rendered":"OMS decreta emerg\u00eancia de sa\u00fade p\u00fablica internacional por coronav\u00edrus"},"content":{"rendered":"<p style=\"text-align: justify;\">A Organiza\u00e7\u00e3o Mundial da Sa\u00fade (<strong>OMS<\/strong>) decretou nesta quinta-feira\u00a0<strong>emerg\u00eancia<\/strong>\u00a0de sa\u00fade p\u00fablica de interesse internacional por conta do surto do\u00a0coronav\u00edrus\u00a0, que j\u00e1 deixou 170 mortos na\u00a0China\u00a0e 8.100 infectados. \u00c9 a sexta vez que a entidade aciona o dispositivo desde a cria\u00e7\u00e3o do mecanismo, em 2005.<!--more--><\/p>\n<p style=\"text-align: justify;\"><img fetchpriority=\"high\" decoding=\"async\" class=\"size-full wp-image-2902 alignleft\" src=\"https:\/\/www.portalalerta.com.br\/wp-content\/uploads\/2017\/11\/elab-2.jpg\" alt=\"\" width=\"310\" height=\"200\" srcset=\"https:\/\/www.portalalerta.com.br\/wp-content\/uploads\/2017\/11\/elab-2.jpg 310w, https:\/\/www.portalalerta.com.br\/wp-content\/uploads\/2017\/11\/elab-2-226x146.jpg 226w, https:\/\/www.portalalerta.com.br\/wp-content\/uploads\/2017\/11\/elab-2-50x32.jpg 50w, https:\/\/www.portalalerta.com.br\/wp-content\/uploads\/2017\/11\/elab-2-116x75.jpg 116w\" sizes=\"(max-width: 310px) 100vw, 310px\" \/>O diretor-geral da OMS, Tedros Adhanom Ghebreyesus, afirmou que a mudan\u00e7a de posicionamento do \u00f3rg\u00e3o se deu pelo crescimento de casos de coronav\u00edrus fora da China. O v\u00edrus j\u00e1 infectou 98 pessoas em 18 pa\u00edses. Alemanha, EUA, Jap\u00e3o e Vietn\u00e3 registraram transmiss\u00f5es de pessoas para pessoas, ou seja, algu\u00e9m que viajou para a China e importou o v\u00edrus o transmitiu para outra pessoa de seu conv\u00edvio.\u00a0 Tedros elogiou os esfor\u00e7os da China para tentar conter a propaga\u00e7\u00e3o do v\u00edrus. H\u00e1 uma semana, pesquisadores haviam decidido que \u201d\u00a0n\u00e3o era hora\u00a0\u201d de declarar o\u00a0<strong>coronav\u00edrus<\/strong>\u00a0como emerg\u00eancia global. Na ocasi\u00e3o, o diretor-geral da OMS, Tedros Adhanom Ghebreyesus, admitiu que houve uma divis\u00e3o no painel de 16 especialistas independentes formado para analisar o avan\u00e7o do coronav\u00edrus. O encontro chegou a ser prolongado por falta de consenso.<\/p>\n<p style=\"text-align: justify;\">Dessa vez, a OMS entendeu que a conjuntura da dissemina\u00e7\u00e3o do coronav\u00edrus dentro e fora na China justifica a nova medida. Ghebreyesus enfatizou que a declara\u00e7\u00e3o n\u00e3o \u00e9 um sinal de desconfian\u00e7a em rela\u00e7\u00e3o \u00e0 capacidade da China de conter a crise, mas uma rea\u00e7\u00e3o \u00e0 dissemina\u00e7\u00e3o do coronav\u00edrus em outros pa\u00edses.<\/p>\n<p style=\"text-align: justify;\"><em>Fonte: A Voz do Campo<\/em><\/p>\n","protected":false},"excerpt":{"rendered":"<p>A Organiza\u00e7\u00e3o Mundial da Sa\u00fade (OMS) decretou nesta quinta-feira\u00a0emerg\u00eancia\u00a0de sa\u00fade p\u00fablica de interesse internacional por conta do surto do\u00a0coronav\u00edrus\u00a0, que j\u00e1 deixou 170 mortos na\u00a0China\u00a0e 8.100 infectados. \u00c9 a sexta vez que a entidade aciona o dispositivo desde a cria\u00e7\u00e3o do mecanismo, em 2005.<\/p>\n","protected":false},"author":2,"featured_media":21013,"comment_status":"open","ping_status":"open","sticky":false,"template":"","format":"standard","meta":{"om_disable_all_campaigns":false,"_monsterinsights_skip_tracking":false,"_monsterinsights_sitenote_active":false,"_monsterinsights_sitenote_note":"","_monsterinsights_sitenote_category":0,"footnotes":""},"categories":[70,35,69,19],"tags":[3344,339,2954,61],"class_list":["post-21276","post","type-post","status-publish","format-standard","has-post-thumbnail","hentry","category-destaques","category-mundo","category-noticias2","category-saude","tag-corona-virus","tag-mundo","tag-oms","tag-saude"],"aioseo_notices":[],"_links":{"self":[{"href":"https:\/\/www.portalalerta.com.br\/index.php\/wp-json\/wp\/v2\/posts\/21276","targetHints":{"allow":["GET"]}}],"collection":[{"href":"https:\/\/www.portalalerta.com.br\/index.php\/wp-json\/wp\/v2\/posts"}],"about":[{"href":"https:\/\/www.portalalerta.com.br\/index.php\/wp-json\/wp\/v2\/types\/post"}],"author":[{"embeddable":true,"href":"https:\/\/www.portalalerta.com.br\/index.php\/wp-json\/wp\/v2\/users\/2"}],"replies":[{"embeddable":true,"href":"https:\/\/www.portalalerta.com.br\/index.php\/wp-json\/wp\/v2\/comments?post=21276"}],"version-history":[{"count":2,"href":"https:\/\/www.portalalerta.com.br\/index.php\/wp-json\/wp\/v2\/posts\/21276\/revisions"}],"predecessor-version":[{"id":21296,"href":"https:\/\/www.portalalerta.com.br\/index.php\/wp-json\/wp\/v2\/posts\/21276\/revisions\/21296"}],"wp:featuredmedia":[{"embeddable":true,"href":"https:\/\/www.portalalerta.com.br\/index.php\/wp-json\/wp\/v2\/media\/21013"}],"wp:attachment":[{"href":"https:\/\/www.portalalerta.com.br\/index.php\/wp-json\/wp\/v2\/media?parent=21276"}],"wp:term":[{"taxonomy":"category","embeddable":true,"href":"https:\/\/www.portalalerta.com.br\/index.php\/wp-json\/wp\/v2\/categories?post=21276"},{"taxonomy":"post_tag","embeddable":true,"href":"https:\/\/www.portalalerta.com.br\/index.php\/wp-json\/wp\/v2\/tags?post=21276"}],"curies":[{"name":"wp","href":"https:\/\/api.w.org\/{rel}","templated":true}]}}