{"id":21278,"date":"2020-01-31T21:10:31","date_gmt":"2020-02-01T00:10:31","guid":{"rendered":"https:\/\/www.portalalerta.com.br\/?p=21278"},"modified":"2020-01-31T21:10:31","modified_gmt":"2020-02-01T00:10:31","slug":"taxa-de-desemprego-termina-2019-em-11-menor-patamar-em-tres-anos","status":"publish","type":"post","link":"https:\/\/www.portalalerta.com.br\/index.php\/2020\/01\/31\/taxa-de-desemprego-termina-2019-em-11-menor-patamar-em-tres-anos\/","title":{"rendered":"Taxa de desemprego termina 2019 em 11%, menor patamar em tr\u00eas anos"},"content":{"rendered":"<p style=\"text-align: justify;\">A taxa de desocupa\u00e7\u00e3o no Brasil ficou em 11,0% no trimestre encerrado em dezembro passado, de acordo com os dados da Pesquisa Nacional por Amostra de Domic\u00edlios Cont\u00ednua (Pnad Cont\u00ednua) divulgados nesta sexta-feira, 30, pelo Instituto Brasileiro de Geografia e Estat\u00edstica (IBGE).<!--more--><\/p>\n<p style=\"text-align: justify;\">O resultado veio igual \u00e0 mediana calculada pelo\u00a0Proje\u00e7\u00f5es Broadcast\u00a0a partir do intervalo de expectativas, que ia de 10,8% a 11,3%.<\/p>\n<p style=\"text-align: justify;\">Em igual per\u00edodo de 2018, a taxa de\u00a0desemprego\u00a0medida pela Pnad Cont\u00ednua estava em 11,6%. No trimestre at\u00e9 novembro deste ano, a taxa foi de 11,2%.<\/p>\n<p style=\"text-align: justify;\"><img fetchpriority=\"high\" decoding=\"async\" class=\"size-thumbnail wp-image-4869 aligncenter\" src=\"https:\/\/www.portalalerta.com.br\/wp-content\/uploads\/2018\/02\/Auto-Escola-Nobre-720x181.jpg\" alt=\"\" width=\"720\" height=\"181\" srcset=\"https:\/\/www.portalalerta.com.br\/wp-content\/uploads\/2018\/02\/Auto-Escola-Nobre.jpg 720w, https:\/\/www.portalalerta.com.br\/wp-content\/uploads\/2018\/02\/Auto-Escola-Nobre-260x65.jpg 260w, https:\/\/www.portalalerta.com.br\/wp-content\/uploads\/2018\/02\/Auto-Escola-Nobre-50x13.jpg 50w, https:\/\/www.portalalerta.com.br\/wp-content\/uploads\/2018\/02\/Auto-Escola-Nobre-150x38.jpg 150w\" sizes=\"(max-width: 720px) 100vw, 720px\" \/>Na m\u00e9dia anual, a taxa de\u00a0desemprego\u00a0foi de 11,9% em 2019, taxa igual \u00e0 mediana calculada a partir das proje\u00e7\u00f5es dos analistas do mercado financeiro. As estimativas iam de 11,9% a 12,0%.<\/p>\n<p style=\"text-align: justify;\">A renda m\u00e9dia real do trabalhador foi de R$ 2.340 no trimestre encerrado em dezembro. O resultado representa alta de 0,4% em rela\u00e7\u00e3o ao mesmo per\u00edodo do ano anterior.<\/p>\n<p style=\"text-align: justify;\">A massa de renda real habitual paga aos ocupados somou R$ 216,262 bilh\u00f5es no trimestre at\u00e9 dezembro, alta de 2,5% ante igual per\u00edodo do ano anterior.<\/p>\n<p style=\"text-align: justify;\"><em>Fonte: Canabrava FM<\/em><\/p>\n<p style=\"text-align: justify;\"><em>Com informa\u00e7\u00f5es: Agencia Brasil<\/em><\/p>\n","protected":false},"excerpt":{"rendered":"<p>A taxa de desocupa\u00e7\u00e3o no Brasil ficou em 11,0% no trimestre encerrado em dezembro passado, de acordo com os dados da Pesquisa Nacional por Amostra de Domic\u00edlios Cont\u00ednua (Pnad Cont\u00ednua) divulgados nesta sexta-feira, 30, pelo Instituto Brasileiro de Geografia e Estat\u00edstica (IBGE).<\/p>\n","protected":false},"author":2,"featured_media":18729,"comment_status":"open","ping_status":"open","sticky":false,"template":"","format":"standard","meta":{"om_disable_all_campaigns":false,"_monsterinsights_skip_tracking":false,"_monsterinsights_sitenote_active":false,"_monsterinsights_sitenote_note":"","_monsterinsights_sitenote_category":0,"footnotes":""},"categories":[34,70,69,21],"tags":[93,793,1470],"class_list":["post-21278","post","type-post","status-publish","format-standard","has-post-thumbnail","hentry","category-brasil","category-destaques","category-noticias2","category-politica","tag-brasil","tag-desemprego","tag-emprego"],"aioseo_notices":[],"_links":{"self":[{"href":"https:\/\/www.portalalerta.com.br\/index.php\/wp-json\/wp\/v2\/posts\/21278","targetHints":{"allow":["GET"]}}],"collection":[{"href":"https:\/\/www.portalalerta.com.br\/index.php\/wp-json\/wp\/v2\/posts"}],"about":[{"href":"https:\/\/www.portalalerta.com.br\/index.php\/wp-json\/wp\/v2\/types\/post"}],"author":[{"embeddable":true,"href":"https:\/\/www.portalalerta.com.br\/index.php\/wp-json\/wp\/v2\/users\/2"}],"replies":[{"embeddable":true,"href":"https:\/\/www.portalalerta.com.br\/index.php\/wp-json\/wp\/v2\/comments?post=21278"}],"version-history":[{"count":2,"href":"https:\/\/www.portalalerta.com.br\/index.php\/wp-json\/wp\/v2\/posts\/21278\/revisions"}],"predecessor-version":[{"id":21297,"href":"https:\/\/www.portalalerta.com.br\/index.php\/wp-json\/wp\/v2\/posts\/21278\/revisions\/21297"}],"wp:featuredmedia":[{"embeddable":true,"href":"https:\/\/www.portalalerta.com.br\/index.php\/wp-json\/wp\/v2\/media\/18729"}],"wp:attachment":[{"href":"https:\/\/www.portalalerta.com.br\/index.php\/wp-json\/wp\/v2\/media?parent=21278"}],"wp:term":[{"taxonomy":"category","embeddable":true,"href":"https:\/\/www.portalalerta.com.br\/index.php\/wp-json\/wp\/v2\/categories?post=21278"},{"taxonomy":"post_tag","embeddable":true,"href":"https:\/\/www.portalalerta.com.br\/index.php\/wp-json\/wp\/v2\/tags?post=21278"}],"curies":[{"name":"wp","href":"https:\/\/api.w.org\/{rel}","templated":true}]}}